{"id":49229,"date":"2026-02-26T14:00:10","date_gmt":"2026-02-26T14:00:10","guid":{"rendered":"https:\/\/bihavadis.com\/?p=49229"},"modified":"2026-02-26T14:00:10","modified_gmt":"2026-02-26T14:00:10","slug":"ahmet-davutoglu-maddi-sikintilar-yasiyorum","status":"publish","type":"post","link":"https:\/\/bihavadis.com\/index.php\/2026\/02\/26\/ahmet-davutoglu-maddi-sikintilar-yasiyorum\/","title":{"rendered":"Ahmet Davuto\u011flu: Maddi s\u0131k\u0131nt\u0131lar ya\u015f\u0131yorum"},"content":{"rendered":"<p>Siyaset arenas\u0131nda tart\u0131\u015fma yaratan \u00e7\u0131k\u0131\u015f&#8230;<\/p>\n<p>Yapt\u0131\u011f\u0131 a\u00e7\u0131klamalar ile s\u0131k s\u0131k g\u00fcndeme gelen Gelecek Partisi Genel Ba\u015fkan\u0131 Ahmet Davuto\u011flu, bunlara bir yenisini daha ekledi.\u00a0<\/p>\n<p>NOW TV&#8217;de kat\u0131ld\u0131\u011f\u0131 \u00c7alar Saat program\u0131nda gazeteci \u0130lker Karag\u00f6z&#8217;\u00fcn sorular\u0131n\u0131 yan\u0131tlayan Davuto\u011flu, ki\u015fisel bir sorununa dikkat \u00e7ekti.\u00a0<\/p>\n<p><strong>&#8220;MADD\u0130 SIKINTILAR YA\u015eIYORUM&#8221;<\/strong><\/p>\n<p>Kendi ya\u011f\u0131nda kavruldu\u011funu ve maddi s\u0131k\u0131nt\u0131lar ya\u015fad\u0131\u011f\u0131n\u0131 \u00f6ne s\u00fcren Davuto\u011flu, <em><b>&#8220;Bana az m\u0131 teklif geliyor zannediyorsunuz, a\u00e7\u0131k s\u00f6yleyeyim maddi s\u0131k\u0131nt\u0131lar ya\u015f\u0131yorum. <\/b><\/em><\/p>\n<p><em><b>E\u015fim de ben de \u00e7al\u0131\u015f\u0131r\u0131m. Eski bir ba\u015fbakan\u0131n temsil kabiliyeti itibar\u0131 ile s\u0131k\u0131nt\u0131 ya\u015fam\u0131yor de\u011filim.&#8221; <\/b><\/em>dedi.\u00a0<\/p>\n<p><img decoding=\"async\" src=\"https:\/\/bihavadis.com\/wp-content\/uploads\/2026\/02\/ahmet-davutoglu-maddi-sikintilar-yasiyorum-0-eCV7NceI.jpg\"\/><\/p>\n<p><strong>M\u0130SAF\u0130RLER\u0130N\u0130 A\u011eIRLAMAKTA ZORLANDI\u011eINI S\u00d6YLED\u0130<\/strong><\/p>\n<p>Maddi durumu nedeniyle d\u0131\u015far\u0131dan gelen misafirleri a\u011f\u0131rlamakta zorland\u0131\u011f\u0131n\u0131 ifade eden Davuto\u011flu, yabanc\u0131 misafirleri bir ba\u015fbakan gibi a\u011f\u0131rlamas\u0131 gerekti\u011fini s\u00f6yledi.\u00a0<\/p>\n<p>En temel iftar sofras\u0131n\u0131n maliyetinin en az 10 bin lira oldu\u011funu iddia eden Davuto\u011flu, <em><b>&#8220;Beni de zorlad\u0131\u011f\u0131 \u015feyler oluyor. \u015eikayet etmek i\u00e7in s\u00f6ylemiyorum&#8221;<\/b><\/em> ifadelerini kulland\u0131.\u00a0<\/p>\n<p><img decoding=\"async\" src=\"https:\/\/bihavadis.com\/wp-content\/uploads\/2026\/02\/ahmet-davutoglu-maddi-sikintilar-yasiyorum-1-lFX555Zw.jpg\"\/><\/p>\n<p><strong>&#8220;BEN \u015e\u0130RKET DANI\u015eMANLI\u011eI YAPAMAM&#8221;<\/strong><\/p>\n<p>Kendisine uluslararas\u0131 kurulu\u015flardan dan\u0131\u015fmanl\u0131k teklifi geldi\u011fini ancak teklifleri kabul etmedi\u011fini belirten eski ba\u015fbakan,<em><b> &#8220;Halk\u0131m\u0131z bu haldeyken ge\u00e7im s\u0131k\u0131nt\u0131s\u0131ndan bahsetmem. <\/b><\/em><\/p>\n<p><em><b>Ben bir \u015firket dan\u0131\u015fmanl\u0131\u011f\u0131 yapamam, devlet gelene\u011fi budur&#8221; <\/b><\/em>diye konu\u015ftu.<\/p>\n","protected":false},"excerpt":{"rendered":"<p>Ekonomik a\u00e7\u0131dan zor g\u00fcnlerden ge\u00e7ti\u011fini a\u00e7\u0131klayan Gelecek Partisi Genel Ba\u015fkan\u0131 Ahmet Davuto\u011flu, hem kendisinin hem e\u015finin \u00e7al\u0131\u015fmak zorunda oldu\u011funu belirterek &#8220;\u015eikayet etmek i\u00e7in s\u00f6ylemiyorum. Kendi ya\u011f\u0131m\u0131zla kavruluyoruz&#8221; dedi.<\/p>\n","protected":false},"author":1,"featured_media":49230,"comment_status":"open","ping_status":"open","sticky":false,"template":"","format":"standard","meta":{"footnotes":""},"categories":[9,13],"tags":[5458,572],"class_list":["post-49229","post","type-post","status-publish","format-standard","has-post-thumbnail","hentry","category-genel","category-son-dakika","tag-davutoglu","tag-sik"],"_links":{"self":[{"href":"https:\/\/bihavadis.com\/index.php\/wp-json\/wp\/v2\/posts\/49229","targetHints":{"allow":["GET"]}}],"collection":[{"href":"https:\/\/bihavadis.com\/index.php\/wp-json\/wp\/v2\/posts"}],"about":[{"href":"https:\/\/bihavadis.com\/index.php\/wp-json\/wp\/v2\/types\/post"}],"author":[{"embeddable":true,"href":"https:\/\/bihavadis.com\/index.php\/wp-json\/wp\/v2\/users\/1"}],"replies":[{"embeddable":true,"href":"https:\/\/bihavadis.com\/index.php\/wp-json\/wp\/v2\/comments?post=49229"}],"version-history":[{"count":1,"href":"https:\/\/bihavadis.com\/index.php\/wp-json\/wp\/v2\/posts\/49229\/revisions"}],"predecessor-version":[{"id":49233,"href":"https:\/\/bihavadis.com\/index.php\/wp-json\/wp\/v2\/posts\/49229\/revisions\/49233"}],"wp:featuredmedia":[{"embeddable":true,"href":"https:\/\/bihavadis.com\/index.php\/wp-json\/wp\/v2\/media\/49230"}],"wp:attachment":[{"href":"https:\/\/bihavadis.com\/index.php\/wp-json\/wp\/v2\/media?parent=49229"}],"wp:term":[{"taxonomy":"category","embeddable":true,"href":"https:\/\/bihavadis.com\/index.php\/wp-json\/wp\/v2\/categories?post=49229"},{"taxonomy":"post_tag","embeddable":true,"href":"https:\/\/bihavadis.com\/index.php\/wp-json\/wp\/v2\/tags?post=49229"}],"curies":[{"name":"wp","href":"https:\/\/api.w.org\/{rel}","templated":true}]}}