{"id":49264,"date":"2026-02-26T14:24:06","date_gmt":"2026-02-26T14:24:06","guid":{"rendered":"https:\/\/bihavadis.com\/?p=49264"},"modified":"2026-02-26T14:24:06","modified_gmt":"2026-02-26T14:24:06","slug":"dspden-terorsuz-turkiye-vurgusu","status":"publish","type":"post","link":"https:\/\/bihavadis.com\/index.php\/2026\/02\/26\/dspden-terorsuz-turkiye-vurgusu\/","title":{"rendered":"DSP&#8217;den Ter\u00f6rs\u00fcz T\u00fcrkiye Vurgusu"},"content":{"rendered":"<p>DSP Genel Ba\u015fkan\u0131 \u00d6nder Aksakal, &#8220;Ter\u00f6rs\u00fcz T\u00fcrkiye&#8221; s\u00fcrecine ili\u015fkin, &#8220;TBMM&#8217;de kurulan Milli Dayan\u0131\u015fma, Karde\u015flik ve Demokrasi Komisyonu taraf\u0131ndan yaz\u0131m\u0131na ba\u015flan\u0131lan raporun aceleye getirilmemesinin, s\u00fcrecin tam olarak istedi\u011fimiz d\u00fczeye gelmesinin beklenilmesinin uygun olaca\u011f\u0131 d\u00fc\u015f\u00fcncesindeyiz.&#8221; dedi.<\/p>\n<p>Aksakal, Meclis&#8217;te d\u00fczenledi\u011fi bas\u0131n toplant\u0131s\u0131nda, Kahramanmara\u015f merkezli 6 \u015eubat depremlerinin y\u0131l d\u00f6n\u00fcm\u00fcnde DSP olarak Osmaniye&#8217;de olacaklar\u0131n\u0131 bildirdi.<\/p>\n<p>Depremin de\u011fil, sa\u011fl\u0131ks\u0131z yap\u0131lar\u0131n \u00f6ld\u00fcrd\u00fc\u011f\u00fc ger\u00e7e\u011fini herkesin i\u00e7selle\u015ftirmesini isteyen Aksakal, kentsel d\u00f6n\u00fc\u015f\u00fcm projelerine olan k\u0131smi diren\u00e7lerin ortadan kalkmas\u0131 gerekti\u011fi s\u00f6yledi.<\/p>\n<p>Ter\u00f6rs\u00fcz T\u00fcrkiye s\u00fcrecine ili\u015fkin konu\u015fan Aksakal, s\u00fcrecin, &#8220;Ter\u00f6rs\u00fcz T\u00fcrkiye, Ter\u00f6rs\u00fcz B\u00f6lge&#8221; stratejisi kapsam\u0131nda ortaya konulan ko\u015fullara ve istenilen kriterlere uygun ger\u00e7ekle\u015fmedi\u011fini savundu.<\/p>\n<p>Aksakal, s\u00f6zlerini \u015f\u00f6yle s\u00fcrd\u00fcrd\u00fc: <\/p>\n<p>&#8220;30 Ocak&#8217;ta yap\u0131lan a\u00e7\u0131klamalara g\u00f6re, entegrasyon kapsam\u0131nda SDG\/YPG g\u00fc\u00e7leri cephelerden \u00e7ekilecek, h\u00fck\u00fcmete ba\u011fl\u0131 birlikler Haseke ve Kam\u0131\u015fl\u0131 b\u00f6lgesinde konu\u015fland\u0131r\u0131lacak ve yerel g\u00fcvenlik g\u00fc\u00e7leri birle\u015ftirilecek. Yani ter\u00f6rist unsurlar, yeni yap\u0131 i\u00e7erisinde g\u00f6rev yapmaya devam edecek. Oysa T\u00fcrkiye olarak ortaya koydu\u011fumuz birincil \u015fart ter\u00f6r \u00f6rg\u00fct\u00fc PKK ve bile\u015fenlerinin YPG-PYD-SDG-PJAK-KCK ad\u0131yla t\u00fcm\u00fcn\u00fcn tasfiyesi ve kendilerini resmen feshettiklerini ilan etmeleri, sahip olduklar\u0131 t\u00fcm silah ve m\u00fchimmat\u0131 resmi makamlara teslim etmeleri \u015feklindendir. TBMM&#8217;de kurulan Milli Dayan\u0131\u015fma, Karde\u015flik ve Demokrasi Komisyonu taraf\u0131ndan yaz\u0131m\u0131na ba\u015flan\u0131lan raporun aceleye getirilmemesinin, s\u00fcrecin tam olarak istedi\u011fimiz d\u00fczeye gelmesinin beklenilmesinin uygun olaca\u011f\u0131 d\u00fc\u015f\u00fcncesindeyiz.&#8221;<\/p>\n<p>Aksakal, istenilen d\u00fczeyde tasfiye hayata ge\u00e7irilmeden, t\u00fcm silah ve m\u00fchimmatlar\u0131n teslim edildi\u011fi tespit edilmeden ve ter\u00f6r \u00f6rg\u00fct\u00fc PKK&#8217;n\u0131n Kandil&#8217;deki kadrolar\u0131n\u0131n, ter\u00f6ristlerin ak\u0131beti belli olmadan &#8220;yelkenleri suya indirecek&#8221; a\u00e7\u0131klamalardan ka\u00e7\u0131n\u0131lmas\u0131 gerekti\u011fini s\u00f6yledi.<\/p>\n","protected":false},"excerpt":{"rendered":"<p>\u00d6nder Aksakal, ter\u00f6rs\u00fcz T\u00fcrkiye s\u00fcreci hakk\u0131nda \u00f6nemli a\u00e7\u0131klamalarda bulundu ve tedbirlerin gereklili\u011fini vurgulad\u0131.<\/p>\n","protected":false},"author":1,"featured_media":49265,"comment_status":"open","ping_status":"open","sticky":false,"template":"","format":"standard","meta":{"footnotes":""},"categories":[12],"tags":[6394,3504,2051],"class_list":["post-49264","post","type-post","status-publish","format-standard","has-post-thumbnail","hentry","category-siyaset","tag-aksakal","tag-surecin","tag-teror"],"_links":{"self":[{"href":"https:\/\/bihavadis.com\/index.php\/wp-json\/wp\/v2\/posts\/49264","targetHints":{"allow":["GET"]}}],"collection":[{"href":"https:\/\/bihavadis.com\/index.php\/wp-json\/wp\/v2\/posts"}],"about":[{"href":"https:\/\/bihavadis.com\/index.php\/wp-json\/wp\/v2\/types\/post"}],"author":[{"embeddable":true,"href":"https:\/\/bihavadis.com\/index.php\/wp-json\/wp\/v2\/users\/1"}],"replies":[{"embeddable":true,"href":"https:\/\/bihavadis.com\/index.php\/wp-json\/wp\/v2\/comments?post=49264"}],"version-history":[{"count":1,"href":"https:\/\/bihavadis.com\/index.php\/wp-json\/wp\/v2\/posts\/49264\/revisions"}],"predecessor-version":[{"id":49266,"href":"https:\/\/bihavadis.com\/index.php\/wp-json\/wp\/v2\/posts\/49264\/revisions\/49266"}],"wp:featuredmedia":[{"embeddable":true,"href":"https:\/\/bihavadis.com\/index.php\/wp-json\/wp\/v2\/media\/49265"}],"wp:attachment":[{"href":"https:\/\/bihavadis.com\/index.php\/wp-json\/wp\/v2\/media?parent=49264"}],"wp:term":[{"taxonomy":"category","embeddable":true,"href":"https:\/\/bihavadis.com\/index.php\/wp-json\/wp\/v2\/categories?post=49264"},{"taxonomy":"post_tag","embeddable":true,"href":"https:\/\/bihavadis.com\/index.php\/wp-json\/wp\/v2\/tags?post=49264"}],"curies":[{"name":"wp","href":"https:\/\/api.w.org\/{rel}","templated":true}]}}