{"id":49273,"date":"2026-02-26T14:30:06","date_gmt":"2026-02-26T14:30:06","guid":{"rendered":"https:\/\/bihavadis.com\/?p=49273"},"modified":"2026-02-26T14:30:06","modified_gmt":"2026-02-26T14:30:06","slug":"ozgur-ozel-rezerv-alan-toplantisina-katildi","status":"publish","type":"post","link":"https:\/\/bihavadis.com\/index.php\/2026\/02\/26\/ozgur-ozel-rezerv-alan-toplantisina-katildi\/","title":{"rendered":"\u00d6zg\u00fcr \u00d6zel Rezerv Alan Toplant\u0131s\u0131na Kat\u0131ld\u0131"},"content":{"rendered":"<p>\n<p>REZERV ALAN TOPLANTISINA KATILDI<\/p>\n<p>CHP Genel Ba\u015fkan\u0131 \u00d6zg\u00fcr \u00d6zel, 23 Temmuz Konteyner Kent&#8217;i ziyaret etti. Burada vatanda\u015flarla sohbet eden \u00d6zel daha sonra kentteki bir d\u00fc\u011f\u00fcn salonunda, rezerv alanlarla ilgili vatanda\u015flar\u0131n kat\u0131l\u0131m\u0131yla d\u00fczenlenen toplant\u0131ya kat\u0131ld\u0131. Vatanda\u015flar\u0131 dinleyen \u00d6zel, rezerv alanlarda ma\u011fduriyetler ya\u015fand\u0131\u011f\u0131n\u0131 kaydetti. \u00d6zel, &#8220;Maalesef burada devlet ad\u0131na karar verenler &#8216;Sorun \u00e7\u00f6zeyim&#8217; derken sorun \u00fcrettiler. Elbette \u015funu anlayabilirsiniz. Bir yere yap\u0131n\u0131n yap\u0131lmas\u0131 sak\u0131ncal\u0131ysa, bir daha y\u0131k\u0131lacaksa o yap\u0131 oraya yap\u0131lmamal\u0131d\u0131r. Yap\u0131 yap\u0131lacak yer aran\u0131rken en iyi yer bulunmal\u0131d\u0131r ve orada birisinin arsas\u0131, tarlas\u0131, evi varsa genel kamunun menfaati i\u00e7in oras\u0131 kamula\u015ft\u0131r\u0131lacaksa bu da yap\u0131lmal\u0131d\u0131r ama burada bir tane kural var. Devlet, hak yemez ve kimsenin hakk\u0131n\u0131 birbirine ge\u00e7irmez. Devletin yapt\u0131\u011f\u0131 bu i\u015fte bir kere en b\u00fcy\u00fck sorun, o soru i\u015fareti, \u015f\u00fcphe var ya. Diyor ki &#8216;Beni orada oturtmad\u0131lar, al\u0131n teriyle \u00e7al\u0131\u015f\u0131p kazand\u0131\u011f\u0131m ya da babamdan, anam\u0131n ak s\u00fct\u00fc gibi helal miras kalan evimde ben oturmuyorum, orada ba\u015fkas\u0131n\u0131n \u0131\u015f\u0131\u011f\u0131 yan\u0131yor.&#8217; Burada bir haks\u0131zl\u0131k var diyorsa insanlar, buna d\u00f6n\u00fcp bakmak laz\u0131m. Bana iletilen b\u00fct\u00fcn raporlar, okuduklar\u0131m ve bug\u00fcn de dahil dinlediklerimin hepsinde bir \u00f6zensizlik, bir vurdumduymazl\u0131k ve meseleyi &#8216;Biz dedi\u011fimizi yapar\u0131z, sen git derdini anlat&#8217; noktas\u0131nda bir yakla\u015f\u0131m var. Bu, devlet adaml\u0131\u011f\u0131 yakla\u015f\u0131m\u0131, devletin do\u011fru ve adil y\u00f6netim yakla\u015f\u0131m\u0131 de\u011fildir. \u00d6ncelikle bunu s\u00f6ylemek isterim&#8221; dedi.<\/p>\n<p>&#8216;HAKKAN\u0130YETL\u0130 B\u0130R KOM\u0130SYON OLU\u015eTURULMALI&#8217;<\/p>\n<p>Vatanda\u015flarda rezerv alan \u00fczerinden rant sa\u011fland\u0131\u011f\u0131na y\u00f6nelik inan\u0131\u015f oldu\u011funu vurgulayan \u00d6zel, &#8220;Arazilerin, zeytinliklerin zorla elden gitti\u011fi, ifade edildi\u011fi gibi 6-7-8 milyonluk yere 3 milyon de\u011fer bi\u00e7ildi\u011fi, ki\u015finin 130 metrekarelik evi al\u0131n\u0131p, hem de alan art\u0131r\u0131l\u0131p hem de daire say\u0131s\u0131 3 kat\u0131na \u00e7\u0131kar\u0131l\u0131p, ki\u015fiye \u00e7ok daha k\u00fc\u00e7\u00fck bir metrekarelik evin verildi\u011fi bir y\u00f6ntem, y\u00f6ntem de\u011fildir. Buna kar\u015f\u0131 y\u00fckselen itirazlar\u0131n hakl\u0131l\u0131k pay\u0131 \u00e7ok y\u00fcksektir ve bunlar\u0131n dinlenmesi, mutlaka \u00e7\u00f6z\u00fclmesi laz\u0131m. \u0130ktidara \u00e7a\u011fr\u0131m\u0131zd\u0131r, bu sorunlar\u0131n tamam\u0131 uzla\u015fmayla \u00e7\u00f6z\u00fclmelidir. Hatayl\u0131lar\u0131n bu y\u00fck\u00fc daha fazla ta\u015f\u0131yacak derman\u0131 kalmam\u0131\u015ft\u0131r. E\u011fer ger\u00e7ekten samimiyetle meseleye yakla\u015facak olurlarsa biz bu konuda milletvekillerimizle, belediye ba\u015fkanlar\u0131m\u0131zla, uzman kadrolar\u0131m\u0131zla katk\u0131 vermeye haz\u0131r\u0131z. Gelsinler, itirazlar\u0131n dinlenece\u011fi, hukuk\u00e7ular\u0131n oldu\u011fu, her partiden milletvekillerinin oldu\u011fu, her partinin g\u00f6revlendirildi\u011fi, harita m\u00fchendislerinin, \u015fehir planc\u0131lar\u0131n\u0131n oldu\u011fu hakkaniyetli bir itiraz ve hakl\u0131 g\u00f6r\u00fclen itirazla hakk\u0131n iadesine y\u00f6nelik bir komisyon olu\u015ftursunlar. Bu konuda mahkemeler bir yoldur ancak uzun yoldur, zor yoldur ve g\u00f6n\u00fcl k\u0131r\u0131kl\u0131klar\u0131n\u0131 \u00e7\u00f6zen bir yol de\u011fildir. \u015eehrin en para eden yerinde evin vard\u0131, \u015fimdi da\u011f\u0131n ba\u015f\u0131ndas\u0131n. Bu evin metrekaresi ile o evin metrekaresi e\u015fit olsa bile bu e\u015fit de\u011fildir. Her e\u015fitlik adil de\u011fildir. Burada \u00e7ok de\u011ferli bir arsan\u0131z 8&#8217;de 1&#8217;i seninken, daha \u00e7ok daha de\u011fersiz bir arsan\u0131n 8&#8217;de birini, hatta 16&#8217;da 1&#8217;ini sana veriyorsa, &#8216;Biz anla\u015ft\u0131k&#8217; olmaz. Buradan ilan ediyorum. Bir evin, amiyane deyimle \u015ferefiye de\u011feri dahi, kim ne ma\u011fduriyete u\u011frad\u0131\u011f\u0131n\u0131 s\u00f6yl\u00fcyorsa, CHP&#8217;nin adalet getirece\u011fi iktidar\u0131nda hak yerini bulacakt\u0131r. Size s\u00f6z veriyorum&#8221; diye konu\u015ftu. <\/p>\n","protected":false},"excerpt":{"rendered":"<p>CHP Genel Ba\u015fkan\u0131 \u00d6zg\u00fcr \u00d6zel, rezerv alanlarda ya\u015fanan ma\u011fduriyetleri dinleyerek \u00e7\u00f6z\u00fcm \u00f6nerdi.<\/p>\n","protected":false},"author":1,"featured_media":49274,"comment_status":"open","ping_status":"open","sticky":false,"template":"","format":"standard","meta":{"footnotes":""},"categories":[12],"tags":[6301,1247,1693,1998,587],"class_list":["post-49273","post","type-post","status-publish","format-standard","has-post-thumbnail","hentry","category-siyaset","tag-degildir","tag-devlet","tag-hak","tag-soru","tag-yapi"],"_links":{"self":[{"href":"https:\/\/bihavadis.com\/index.php\/wp-json\/wp\/v2\/posts\/49273","targetHints":{"allow":["GET"]}}],"collection":[{"href":"https:\/\/bihavadis.com\/index.php\/wp-json\/wp\/v2\/posts"}],"about":[{"href":"https:\/\/bihavadis.com\/index.php\/wp-json\/wp\/v2\/types\/post"}],"author":[{"embeddable":true,"href":"https:\/\/bihavadis.com\/index.php\/wp-json\/wp\/v2\/users\/1"}],"replies":[{"embeddable":true,"href":"https:\/\/bihavadis.com\/index.php\/wp-json\/wp\/v2\/comments?post=49273"}],"version-history":[{"count":1,"href":"https:\/\/bihavadis.com\/index.php\/wp-json\/wp\/v2\/posts\/49273\/revisions"}],"predecessor-version":[{"id":49275,"href":"https:\/\/bihavadis.com\/index.php\/wp-json\/wp\/v2\/posts\/49273\/revisions\/49275"}],"wp:featuredmedia":[{"embeddable":true,"href":"https:\/\/bihavadis.com\/index.php\/wp-json\/wp\/v2\/media\/49274"}],"wp:attachment":[{"href":"https:\/\/bihavadis.com\/index.php\/wp-json\/wp\/v2\/media?parent=49273"}],"wp:term":[{"taxonomy":"category","embeddable":true,"href":"https:\/\/bihavadis.com\/index.php\/wp-json\/wp\/v2\/categories?post=49273"},{"taxonomy":"post_tag","embeddable":true,"href":"https:\/\/bihavadis.com\/index.php\/wp-json\/wp\/v2\/tags?post=49273"}],"curies":[{"name":"wp","href":"https:\/\/api.w.org\/{rel}","templated":true}]}}