{"id":49283,"date":"2026-02-26T14:39:05","date_gmt":"2026-02-26T14:39:05","guid":{"rendered":"https:\/\/bihavadis.com\/?p=49283"},"modified":"2026-02-26T14:39:05","modified_gmt":"2026-02-26T14:39:05","slug":"ibrahim-kalindan-terorsuz-turkiye-mesaji","status":"publish","type":"post","link":"https:\/\/bihavadis.com\/index.php\/2026\/02\/26\/ibrahim-kalindan-terorsuz-turkiye-mesaji\/","title":{"rendered":"\u0130brahim Kal\u0131n&#8217;dan Ter\u00f6rs\u00fcz T\u00fcrkiye mesaj\u0131"},"content":{"rendered":"<p>Ter\u00f6rs\u00fcz T\u00fcrkiye s\u00fcreci devam ediyor.<\/p>\n<p>Cumhurba\u015fkan\u0131 Recep Tayyip Erdo\u011fan ve MHP Lideri Devlet Bah\u00e7eli&#8217;nin b\u00fcy\u00fck fedakarl\u0131klar\u0131yla ba\u015flayan s\u00fcre\u00e7, yeni ad\u0131mlarla ilerliyor.\u00a0<\/p>\n<p>Milli \u0130stihbarat Te\u015fkilat\u0131 (M\u0130T) Ba\u015fkan\u0131 \u0130brahim Kal\u0131n da, Ter\u00f6rs\u00fcz T\u00fcrkiye&#8217;ye dair \u00f6nemli mesajlar verdi.\u00a0<\/p>\n<p>Milli \u0130stihbarat Te\u015fkilat\u0131&#8217;n\u0131n 2025 y\u0131l\u0131 faaliyet raporu yay\u0131mland\u0131.<\/p>\n<p>Raporda g\u00f6r\u00fc\u015flerine yer verilen M\u0130T Ba\u015fkan\u0131 \u0130brahim Kal\u0131n, Ter\u00f6rs\u00fcz T\u00fcrkiye s\u00fcrecinin hem \u00fclkemiz hem de b\u00f6lge i\u00e7in \u00f6neminden bahsetti.\u00a0<\/p>\n<p>Kal\u0131n ayr\u0131ca raporda; te\u015fkilat\u0131n milli g\u00fcvenli\u011fi ilgilendiren her alanda \u00fclkenin stratejik \u00e7\u0131karlar\u0131n\u0131 g\u00f6zeterek kritik g\u00f6revler yerine getirdi\u011fini bildirdi.<\/p>\n<p><strong>&#8220;TER\u00d6R KAMBURUNDAN KURTULMA YOLUNDA MESAFE ALDIK&#8221;<\/strong><\/p>\n<p>Kal\u0131n, <em><b>&#8220;Ter\u00f6r kamburundan kurtulma yolunda mesafe kateden \u00fclkemiz Ter\u00f6rs\u00fcz T\u00fcrkiye hedefiyle; yaln\u0131zca bir g\u00fcvenlik ba\u015far\u0131s\u0131 de\u011fil k\u00fcresel belirsizlikler \u00e7a\u011f\u0131nda devletimizin kendi kaderini tayin etmesi ve b\u00f6lgesel istikrar sa\u011flanmas\u0131 konusunda \u00f6nemli bir stratejik kazan\u0131m da elde etmi\u015f olacakt\u0131r<\/b><\/em>.&#8221; dedi.\u00a0<\/p>\n<p><strong>&#8220;\u00dcLKEM\u0130Z\u0130 HEDEF ALAN G\u0130R\u0130\u015e\u0130MLER DE\u015e\u0130FRE ED\u0130LD\u0130&#8221;<\/strong><\/p>\n<p>T\u00fcrkiye&#8217;yi hedef alan casusluk giri\u015fimlerinin akamete u\u011frat\u0131ld\u0131\u011f\u0131n\u0131 vurgulayan Kal\u0131n, \u015funlar\u0131 kaydetti;<\/p>\n<p><em><b>\u00dclkemizin ve milletimizin g\u00fcvenli\u011fi ve huzuru i\u00e7in \u201cVatan \u0130\u00e7in Her An Her Yerde\u201d \u015fiar\u0131yla \u00e7al\u0131\u015fan Te\u015fkilat\u0131m\u0131z; 2025 y\u0131l\u0131 boyunca yasal yetkileri ve sorumluluklar\u0131 \u00e7er\u00e7evesinde, \u00e7at\u0131\u015fma b\u00f6lgeleri ba\u015fta olmak \u00fczere milli g\u00fcvenli\u011fimizi ilgilendiren her alanda \u00fclkemizin stratejik \u00e7\u0131karlar\u0131n\u0131 g\u00f6zeterek kritik g\u00f6revler yerine getirmi\u015f, istihbarat diplomasisini aktif \u015fekilde kullanarak d\u0131\u015f istihbaratta etkinli\u011fini art\u0131rm\u0131\u015f, farkl\u0131 ter\u00f6r \u00f6rg\u00fctleri ile m\u00fccadelesini e\u015f zamanl\u0131 s\u00fcrd\u00fcrm\u00fc\u015f, \u00fclkemizi hedef alan casusluk giri\u015fimlerini de\u015fifre ederek akamete u\u011fratm\u0131\u015ft\u0131r.<\/b><\/em><\/p>\n<p><strong>&#8220;AJAN A\u011eLARI ORTAYA \u00c7IKARILDI&#8221;<\/strong><\/p>\n<p><em><b>Has\u0131m \u00fclkelerin istihbarat servisleri, s\u00f6z konusu servislerle ili\u015fkili uluslararas\u0131 organizasyonlar ve ta\u015feron kurum\/kurulu\u015flarca \u00fclkemiz aleyhinde y\u00fcr\u00fct\u00fclen istihbarat \u00e7al\u0131\u015fmalar\u0131n\u0131n tespitine y\u00f6nelik \u00e7al\u0131\u015fan te\u015fkilat\u0131m\u0131z, 2025 y\u0131l\u0131nda da casusluk faaliyetlerinin akamete u\u011frat\u0131lmas\u0131n\u0131 ve ajan a\u011flar\u0131n\u0131n de\u015fifre edilmesini sa\u011flam\u0131\u015ft\u0131r. <\/b><\/em><\/p>\n<p>AYRINTILAR GEL\u0130YOR<\/p>\n","protected":false},"excerpt":{"rendered":"<p>Ter\u00f6rs\u00fcz T\u00fcrkiye s\u00fcreci hakk\u0131nda net mesaj veren \u0130brahim Kal\u0131n,  k\u00fcresel belirsizlikler \u00e7a\u011f\u0131nda devletin kendi kaderini tayin etmesi ve b\u00f6lgesel istikrar sa\u011flanmas\u0131 konusunda \u00f6nemli bir stratejik kazan\u0131m da elde edece\u011fini s\u00f6yledi.<\/p>\n","protected":false},"author":1,"featured_media":49284,"comment_status":"open","ping_status":"open","sticky":false,"template":"","format":"standard","meta":{"footnotes":""},"categories":[9,13],"tags":[382,5743,6396,2051,6088],"class_list":["post-49283","post","type-post","status-publish","format-standard","has-post-thumbnail","hentry","category-genel","category-son-dakika","tag-alan","tag-istihbarat","tag-kalin","tag-teror","tag-ulkemiz"],"_links":{"self":[{"href":"https:\/\/bihavadis.com\/index.php\/wp-json\/wp\/v2\/posts\/49283","targetHints":{"allow":["GET"]}}],"collection":[{"href":"https:\/\/bihavadis.com\/index.php\/wp-json\/wp\/v2\/posts"}],"about":[{"href":"https:\/\/bihavadis.com\/index.php\/wp-json\/wp\/v2\/types\/post"}],"author":[{"embeddable":true,"href":"https:\/\/bihavadis.com\/index.php\/wp-json\/wp\/v2\/users\/1"}],"replies":[{"embeddable":true,"href":"https:\/\/bihavadis.com\/index.php\/wp-json\/wp\/v2\/comments?post=49283"}],"version-history":[{"count":1,"href":"https:\/\/bihavadis.com\/index.php\/wp-json\/wp\/v2\/posts\/49283\/revisions"}],"predecessor-version":[{"id":49285,"href":"https:\/\/bihavadis.com\/index.php\/wp-json\/wp\/v2\/posts\/49283\/revisions\/49285"}],"wp:featuredmedia":[{"embeddable":true,"href":"https:\/\/bihavadis.com\/index.php\/wp-json\/wp\/v2\/media\/49284"}],"wp:attachment":[{"href":"https:\/\/bihavadis.com\/index.php\/wp-json\/wp\/v2\/media?parent=49283"}],"wp:term":[{"taxonomy":"category","embeddable":true,"href":"https:\/\/bihavadis.com\/index.php\/wp-json\/wp\/v2\/categories?post=49283"},{"taxonomy":"post_tag","embeddable":true,"href":"https:\/\/bihavadis.com\/index.php\/wp-json\/wp\/v2\/tags?post=49283"}],"curies":[{"name":"wp","href":"https:\/\/api.w.org\/{rel}","templated":true}]}}