{"id":49311,"date":"2026-02-26T15:00:13","date_gmt":"2026-02-26T15:00:13","guid":{"rendered":"https:\/\/bihavadis.com\/?p=49311"},"modified":"2026-02-26T15:00:13","modified_gmt":"2026-02-26T15:00:13","slug":"baskan-aras-muglanin-dort-bir-yaninda-ureticiyi-desteklemeye-devam-ediyoruz","status":"publish","type":"post","link":"https:\/\/bihavadis.com\/index.php\/2026\/02\/26\/baskan-aras-muglanin-dort-bir-yaninda-ureticiyi-desteklemeye-devam-ediyoruz\/","title":{"rendered":"Ba\u015fkan Aras: &#8220;Mu\u011fla&#8217;n\u0131n d\u00f6rt bir yan\u0131nda \u00fcreticiyi desteklemeye devam ediyoruz&#8221;"},"content":{"rendered":"<p>Milas \u0130l\u00e7esi S\u00fct \u00dcreticileri Birli\u011fi Ola\u011fan Genel Kurul Toplant\u0131s\u0131 ve Flake Yem \u00dcretim Tesisi Temsili A\u00e7\u0131l\u0131\u015f T\u00f6reni, hayvanc\u0131l\u0131k sekt\u00f6r\u00fcne \u00f6nemli katk\u0131lar sunacak proje kapsam\u0131nda Milas Organize Sanayi B\u00f6lgesi&#8217;nde yo\u011fun kat\u0131l\u0131mla ger\u00e7ekle\u015ftirildi.<\/p>\n<p> Mu\u011fla B\u00fcy\u00fck\u015fehir Belediyesi ile Milas S\u00fct \u00dcreticileri Birli\u011fi i\u015f birli\u011finde hayata ge\u00e7irilen Flake Yem \u00dcretim Tesisi Projesi, hayvanc\u0131l\u0131kla u\u011fra\u015fan \u00fcreticilerin artan girdi maliyetlerine kar\u015f\u0131 desteklenmesi ve s\u00fcrd\u00fcr\u00fclebilir \u00fcretimin sa\u011flanmas\u0131 amac\u0131yla Milas Organize Sanayi B\u00f6lgesi&#8217;nde kuruldu. Yakla\u015f\u0131k 3 bin \u00fcyesi bulunan Milas S\u00fct \u00dcreticileri Birli\u011fi ile imzalanan protokol kapsam\u0131nda kurulan tesis, saatte 5 ton \u00fcretim kapasitesiyle hizmet verecek. Proje kapsam\u0131nda Milas S\u00fct \u00dcreticileri Birli\u011fi taraf\u0131ndan OSB alan\u0131ndaki ta\u015f\u0131nmaz \u00fczerinde tesis binas\u0131 in\u015fa edilirken, Flake Yem \u00dcretim Tesisi i\u00e7in gerekli makine ve ekipman al\u0131m\u0131 Mu\u011fla B\u00fcy\u00fck\u015fehir Belediyesi taraf\u0131ndan ger\u00e7ekle\u015ftirildi. Tesisin i\u015fletmesi Milas S\u00fct \u00dcreticileri Birli\u011fi taraf\u0131ndan y\u00fcr\u00fct\u00fclecek olup, denetim ve faaliyet takibi Mu\u011fla B\u00fcy\u00fck\u015fehir Belediyesi taraf\u0131ndan sa\u011flanacak.<\/p>\n<p>Hayvanc\u0131l\u0131\u011f\u0131n yo\u011fun olarak yap\u0131ld\u0131\u011f\u0131 Milas&#8217;ta hayata ge\u00e7irilen tesisle, \u00fcreticilere uygun maliyetli flake yem deste\u011fi sa\u011flanmas\u0131 ama\u00e7lan\u0131yor. Projeden yararlanan \u00fcretici say\u0131s\u0131n\u0131n her ge\u00e7en g\u00fcn artarak Mu\u011fla genelinde yayg\u0131nla\u015fmas\u0131 ve \u00f6rnek bir model olu\u015fturmas\u0131 hedefleniyor.<\/p>\n<p>&#8220;\u00dcretimin oldu\u011fu her alanda var\u0131z \u00fcreticimizin yan\u0131nday\u0131z&#8221;<\/p>\n<p>Programda konu\u015fan K\u0131y\u0131 Ege Belediyeler Birli\u011fi ve Mu\u011fla B\u00fcy\u00fck\u015fehir Belediye Ba\u015fkan\u0131 Ahmet Aras, &#8220;G\u00fc\u00e7l\u00fc bir siyasi irade ve kararl\u0131 bir b\u00fcrokrat \u00fclkemizde her i\u015fin bu anlay\u0131\u015fla y\u00fcr\u00fct\u00fclmesi gerekti\u011fine inan\u0131yoruz. Mu\u011fla&#8217;n\u0131n d\u00f6rt bir yan\u0131nda tar\u0131m\u0131 ve \u00fcreticiyi desteklemeye devam ediyoruz. Zeytin \u00fcreticimizin de yan\u0131nday\u0131z, ar\u0131 \u00fcreticimizin de yan\u0131nday\u0131z. K\u0131sacas\u0131, \u00fcretimin oldu\u011fu her alanda var\u0131z. Ge\u00e7ti\u011fimiz g\u00fcnlerde ya\u015fanan f\u0131rt\u0131nada seralar\u0131m\u0131z zarar g\u00f6rd\u00fc. B\u00fcy\u00fck\u015fehir Belediyesi olarak h\u0131zl\u0131ca harekete ge\u00e7tik ve \u00fcreticilerimizin yaralar\u0131n\u0131 sarmak i\u00e7in gerekli raporlar\u0131 haz\u0131rlamaya devam ediyoruz. B\u00f6ylece ihtiyac\u0131 olan t\u00fcm \u00fcreticilerimizin yan\u0131nda olaca\u011f\u0131z. Mu\u011fla&#8217;da, tar\u0131mc\u0131s\u0131yla, turizmcisiyle, i\u015f\u00e7isiyle, emek\u00e7isiyle birlik olduk. Bu kentin t\u00fcm dinamikleriyle birlikte hareket ediyor, birlikte \u00fcretiyor ve birlikte kalk\u0131naca\u011f\u0131m\u0131za inan\u0131yoruz. Hep beraber daha g\u00fc\u00e7l\u00fc bir Mu\u011fla&#8217;y\u0131 in\u015fa edece\u011fiz&#8221; ifadelerini kulland\u0131.<\/p>\n<p>Programa K\u0131y\u0131 Ege Belediyeler Birli\u011fi ve Mu\u011fla B\u00fcy\u00fck\u015fehir Belediye Ba\u015fkan\u0131 Ahmet Aras, T\u00fcrkiye S\u00fct \u00dcreticileri Merkez Birli\u011fi Genel Ba\u015fkan\u0131 Tevfik Keskin, Milas Kaymakam\u0131 Mustafa \u00dcnver B\u00f6ke, Milas Belediye Ba\u015fkan\u0131 Fevzi Topuz, Mu\u011fla Tar\u0131m ve Orman \u0130l M\u00fcd\u00fcr\u00fc Seyfettin Baydar, siyasi parti, oda ve birlik temsilcileri kat\u0131ld\u0131. &#8211; AYDIN<\/p>\n","protected":false},"excerpt":{"rendered":"<p>Mu\u011fla B\u00fcy\u00fck\u015fehir Belediyesi ile Milas S\u00fct \u00dcreticileri Birli\u011fi i\u015f birli\u011finde kurulan Flake Yem \u00dcretim Tesisi, hayvanc\u0131l\u0131k sekt\u00f6r\u00fcne destek sa\u011flayacak. Tesis, \u00fcreticilere uygun maliyetli yem temin etmeyi ama\u00e7l\u0131yor.<\/p>\n","protected":false},"author":1,"featured_media":49312,"comment_status":"open","ping_status":"open","sticky":false,"template":"","format":"standard","meta":{"footnotes":""},"categories":[8],"tags":[4411,1976,1534,375,1187],"class_list":["post-49311","post","type-post","status-publish","format-standard","has-post-thumbnail","hentry","category-ekonomi","tag-milas","tag-tesis","tag-uretici","tag-uretim","tag-yaninda"],"_links":{"self":[{"href":"https:\/\/bihavadis.com\/index.php\/wp-json\/wp\/v2\/posts\/49311","targetHints":{"allow":["GET"]}}],"collection":[{"href":"https:\/\/bihavadis.com\/index.php\/wp-json\/wp\/v2\/posts"}],"about":[{"href":"https:\/\/bihavadis.com\/index.php\/wp-json\/wp\/v2\/types\/post"}],"author":[{"embeddable":true,"href":"https:\/\/bihavadis.com\/index.php\/wp-json\/wp\/v2\/users\/1"}],"replies":[{"embeddable":true,"href":"https:\/\/bihavadis.com\/index.php\/wp-json\/wp\/v2\/comments?post=49311"}],"version-history":[{"count":1,"href":"https:\/\/bihavadis.com\/index.php\/wp-json\/wp\/v2\/posts\/49311\/revisions"}],"predecessor-version":[{"id":49313,"href":"https:\/\/bihavadis.com\/index.php\/wp-json\/wp\/v2\/posts\/49311\/revisions\/49313"}],"wp:featuredmedia":[{"embeddable":true,"href":"https:\/\/bihavadis.com\/index.php\/wp-json\/wp\/v2\/media\/49312"}],"wp:attachment":[{"href":"https:\/\/bihavadis.com\/index.php\/wp-json\/wp\/v2\/media?parent=49311"}],"wp:term":[{"taxonomy":"category","embeddable":true,"href":"https:\/\/bihavadis.com\/index.php\/wp-json\/wp\/v2\/categories?post=49311"},{"taxonomy":"post_tag","embeddable":true,"href":"https:\/\/bihavadis.com\/index.php\/wp-json\/wp\/v2\/tags?post=49311"}],"curies":[{"name":"wp","href":"https:\/\/api.w.org\/{rel}","templated":true}]}}