{"id":49314,"date":"2026-02-26T15:03:05","date_gmt":"2026-02-26T15:03:05","guid":{"rendered":"https:\/\/bihavadis.com\/?p=49314"},"modified":"2026-02-26T15:03:05","modified_gmt":"2026-02-26T15:03:05","slug":"ukon-ramazanda-kirmizi-et-sikintisi-beklemiyoruz","status":"publish","type":"post","link":"https:\/\/bihavadis.com\/index.php\/2026\/02\/26\/ukon-ramazanda-kirmizi-et-sikintisi-beklemiyoruz\/","title":{"rendered":"UKON: Ramazan&#8217;da k\u0131rm\u0131z\u0131 et s\u0131k\u0131nt\u0131s\u0131 beklemiyoruz"},"content":{"rendered":"<p>Ulusal K\u0131rm\u0131z\u0131 Et Konseyi (UKON) Y\u00f6netim Kurulu Ba\u015fkan\u0131 Ahmet Hac\u0131ince, yakla\u015fan Ramazan ay\u0131nda k\u0131rm\u0131z\u0131 et tedariki ile ilgili bilgi verdi.<\/p>\n<p>Hac\u0131ince, k\u0131rm\u0131z\u0131 et piyasas\u0131na ili\u015fkin yapt\u0131\u011f\u0131 a\u00e7\u0131klamada, her y\u0131l Ramazan&#8217;a 15 g\u00fcn kala ve Ramazan&#8217;\u0131n ilk haftas\u0131nda talep art\u0131\u015f\u0131 ya\u015fand\u0131\u011f\u0131n\u0131 aktard\u0131.<\/p>\n<p><strong>F\u0130YAT ARTI\u015eLARI MAN\u0130P\u00dcLASYONA A\u00c7IK<\/strong><\/p>\n<p>Talebe ba\u011fl\u0131 olarak fiyatlarda nispi art\u0131\u015f g\u00f6zledi\u011fini aktaran Hac\u0131ince, <b><em>&#8220;Fiyat art\u0131\u015flar\u0131n\u0131n y\u00fcksek veya d\u00fc\u015f\u00fck olmas\u0131, arz\u0131n ve t\u00fcketicinin al\u0131m g\u00fcc\u00fc ile \u00e7ok yak\u0131ndan ilgilidir. Bu d\u00f6nemin ba\u015fka bir \u00f6zelli\u011fi de manip\u00fclasyonlara \u00e7ok a\u00e7\u0131k olmas\u0131d\u0131r. Bu nedenle de son y\u0131llarda kamu otoritesi taraf\u0131ndan bu d\u00f6nemde etkili bir \u015fekilde piyasalara m\u00fcdahale edildi\u011fini g\u00f6rmekteyiz.&#8221; <\/em><\/b>de\u011ferlendirmesinde bulundu.<\/p>\n<p><strong>&#8220;SI\u011eIR KARKAS ET F\u0130YATLARINDA ARZ VE TALEP DENGEDE&#8221;<\/strong><\/p>\n<p>Son 10 haftal\u0131k s\u0131\u011f\u0131r karkas et fiyatlar\u0131nda arz ve talebin dengede oldu\u011funu hat\u0131rlatan Hac\u0131ince, \u015f\u00f6yle devam etti:<\/p>\n<p>Bu y\u0131l talep bask\u0131s\u0131n\u0131n y\u00fcksek olmamas\u0131nda etkili olan fakt\u00f6rlerin, t\u00fcketicinin al\u0131m g\u00fcc\u00fcn\u00fcn d\u00fc\u015f\u00fck olmas\u0131, d\u00fc\u015f\u00fck seyreden kanatl\u0131 eti ve bal\u0131k fiyatlar\u0131 oldu\u011funu d\u00fc\u015f\u00fcn\u00fcyoruz. Et ve S\u00fct Kurumunun, fiyat istikrar\u0131n\u0131n korunmas\u0131, arz g\u00fcvenli\u011finin sa\u011flanmas\u0131 ve vatanda\u015flar\u0131m\u0131z\u0131n temel g\u0131da \u00fcr\u00fcnlerine uygun fiyatla eri\u015fiminin temin edilmesi amac\u0131yla aylar \u00f6ncesinden gerekli planlamalar\u0131n\u0131 yapt\u0131\u011f\u0131n\u0131 g\u00f6rmekteyiz. Avrupa&#8217;dan karkas et ve G\u00fcney Amerika\u2019dan kasapl\u0131k canl\u0131 hayvan teminine ili\u015fkin organizasyonlar yap\u0131lm\u0131\u015f olup, arz s\u00fcreklili\u011fi g\u00fcvence alt\u0131na al\u0131nm\u0131\u015ft\u0131r.<\/p>\n<p><img decoding=\"async\" src=\"https:\/\/bihavadis.com\/wp-content\/uploads\/2026\/02\/ukon-ramazanda-kirmizi-et-sikintisi-beklemiyoruz-0-PsOV6DiH.jpg\"\/><\/p>\n<p><strong>&#8220;BES\u0130 MATERYAL\u0130 TEM\u0130N\u0130 KONUSUNDA BEL\u0130RS\u0130ZL\u0130KLER ORTADAN KALKTI&#8221;<\/strong><\/p>\n<p>Hac\u0131ince, PERDER ve Tar\u0131m Kredi Kooperatif marketleriyle yap\u0131lan protokol kapsam\u0131ndaki uygulamalara de\u011finerek, ESK&#8217;nin k\u0131rm\u0131z\u0131 etin fiyat, stok ve lojistik boyutlar\u0131n\u0131 e\u015f zamanl\u0131 y\u00f6neterek, Ramazan boyunca \u00fcr\u00fcnlerin vatanda\u015flara kesintisiz ve uygun fiyatla ula\u015ft\u0131r\u0131lmas\u0131n\u0131 hedeflemesinin, sekt\u00f6r a\u00e7\u0131s\u0131ndan son derece rahatlat\u0131c\u0131 ve g\u00fcven verici bir durum oldu\u011funu vurgulad\u0131.<\/p>\n<p>Kasaplar Federasyonunun da Ramazan s\u00fcresince b\u00fcnyesindeki b\u00fct\u00fcn kasap esnaf\u0131n maliyetine veya maliyete \u00e7ok yak\u0131n fiyatlarla vatanda\u015flara k\u0131rm\u0131z\u0131 et sunmay\u0131 hedefledi\u011fini bildirdi\u011fini an\u0131msatan Hac\u0131ince, kasap esnaf\u0131n karkas etin tamam\u0131na yak\u0131n k\u0131sm\u0131n\u0131 daha y\u00fcksek fiyatla i\u00e7 piyasadan tedarik etmeleri nedeniyle i\u015fletme ve pazarlama maliyetlerinin y\u00fcksek oldu\u011funa dikkati \u00e7ekti. Buna ba\u011fl\u0131 olarak kasap esnaf\u0131n \u00fcr\u00fcn fiyatlar\u0131 ile ESK&#8217;nin anla\u015fmal\u0131 oldu\u011fu market fiyatlar\u0131 aras\u0131nda k\u00fc\u00e7\u00fcmsenmeyecek \u00f6l\u00e7\u00fcde fark\u0131n do\u011fdu\u011funun alt\u0131n\u0131 \u00e7izen Hac\u0131ince, ancak ticari gereklilikten do\u011fan bu durumun Ramazan boyunca maliyete yak\u0131n \u00fcr\u00fcn sat\u0131\u015flar\u0131yla t\u00fcketici lehine \u00e7evrilmeye \u00e7al\u0131\u015f\u0131lmas\u0131n\u0131n da olumlu oldu\u011funu belirtti.<\/p>\n<p><strong>&#8220;ET \u00dcRET\u0130M\u0130NDE EN G\u00dcNCEL KONUNUN BES\u0130 MATERYAL\u0130&#8221;<\/strong><\/p>\n<p>Et \u00fcretiminde en g\u00fcncel konunun besi materyali temini konusundaki belirsizliklerin ortadan kalkarak, temin yolu ve fiyatlar\u0131n netle\u015fmesi oldu\u011funa i\u015faret eden Hac\u0131ince, \u015funlar\u0131 kaydetti:<\/p>\n<p>Ge\u00e7en g\u00fcnlerde Tar\u0131m ve Orman Bakanl\u0131\u011f\u0131 ile Et ve S\u00fct Kurumu Genel M\u00fcd\u00fcrl\u00fc\u011f\u00fc, ithal besilik s\u0131\u011f\u0131r talep ba\u015fvurular\u0131n\u0131 ald\u0131. Besicilerimizin beklentisi bir an \u00f6nce alabilece\u011fi hayvan say\u0131s\u0131n\u0131n belirlenmesi, ard\u0131ndan da fiyat\u0131n\u0131n a\u00e7\u0131klanmas\u0131d\u0131r. 2026 y\u0131l\u0131 Ramazan ay\u0131 s\u00fcresince k\u0131rm\u0131z\u0131 et arz\u0131nda herhangi bir s\u0131k\u0131nt\u0131 ya\u015fanmayaca\u011f\u0131 kanaatindeyiz.<\/p>\n","protected":false},"excerpt":{"rendered":"<p>K\u0131rm\u0131z\u0131 et sekt\u00f6r\u00fc, Ramazan ay\u0131n\u0131n yakla\u015fmas\u0131yla birlikte talep art\u0131\u015f\u0131na haz\u0131rlan\u0131yor. UKON Ba\u015fkan\u0131 Ahmet Hac\u0131ince, fiyatlar\u0131n arz ve t\u00fcketici al\u0131m g\u00fcc\u00fcyle ilintili oldu\u011funu belirterek sekt\u00f6rdeki geli\u015fmeleri de\u011ferlendirdi.<\/p>\n","protected":false},"author":1,"featured_media":49315,"comment_status":"open","ping_status":"open","sticky":false,"template":"","format":"standard","meta":{"footnotes":""},"categories":[8],"tags":[5825,412,6399,6400,2714],"class_list":["post-49314","post","type-post","status-publish","format-standard","has-post-thumbnail","hentry","category-ekonomi","tag-arz","tag-fiyat","tag-haciince","tag-kirmizi-et","tag-ramazan"],"_links":{"self":[{"href":"https:\/\/bihavadis.com\/index.php\/wp-json\/wp\/v2\/posts\/49314","targetHints":{"allow":["GET"]}}],"collection":[{"href":"https:\/\/bihavadis.com\/index.php\/wp-json\/wp\/v2\/posts"}],"about":[{"href":"https:\/\/bihavadis.com\/index.php\/wp-json\/wp\/v2\/types\/post"}],"author":[{"embeddable":true,"href":"https:\/\/bihavadis.com\/index.php\/wp-json\/wp\/v2\/users\/1"}],"replies":[{"embeddable":true,"href":"https:\/\/bihavadis.com\/index.php\/wp-json\/wp\/v2\/comments?post=49314"}],"version-history":[{"count":1,"href":"https:\/\/bihavadis.com\/index.php\/wp-json\/wp\/v2\/posts\/49314\/revisions"}],"predecessor-version":[{"id":49317,"href":"https:\/\/bihavadis.com\/index.php\/wp-json\/wp\/v2\/posts\/49314\/revisions\/49317"}],"wp:featuredmedia":[{"embeddable":true,"href":"https:\/\/bihavadis.com\/index.php\/wp-json\/wp\/v2\/media\/49315"}],"wp:attachment":[{"href":"https:\/\/bihavadis.com\/index.php\/wp-json\/wp\/v2\/media?parent=49314"}],"wp:term":[{"taxonomy":"category","embeddable":true,"href":"https:\/\/bihavadis.com\/index.php\/wp-json\/wp\/v2\/categories?post=49314"},{"taxonomy":"post_tag","embeddable":true,"href":"https:\/\/bihavadis.com\/index.php\/wp-json\/wp\/v2\/tags?post=49314"}],"curies":[{"name":"wp","href":"https:\/\/api.w.org\/{rel}","templated":true}]}}