{"id":49341,"date":"2026-02-26T15:21:09","date_gmt":"2026-02-26T15:21:09","guid":{"rendered":"https:\/\/bihavadis.com\/?p=49341"},"modified":"2026-02-26T15:21:09","modified_gmt":"2026-02-26T15:21:09","slug":"adanada-15-dakikalik-saganak-hayati-felc-etti","status":"publish","type":"post","link":"https:\/\/bihavadis.com\/index.php\/2026\/02\/26\/adanada-15-dakikalik-saganak-hayati-felc-etti\/","title":{"rendered":"Adana\u2019da 15 dakikal\u0131k sa\u011fanak, hayat\u0131 fel\u00e7 etti"},"content":{"rendered":"<p>Adana kent merkezinde yakla\u015f\u0131k 15 dakika s\u00fcren sa\u011fanak, altyap\u0131n\u0131n yetersiz kald\u0131\u011f\u0131 noktalarda su birikintilerine yol a\u00e7t\u0131. Baz\u0131 cadde ve sokaklar g\u00f6le d\u00f6nerken, ev ve i\u015f yerlerinde su bask\u0131nlar\u0131 meydana geldi.<\/p>\n<p>Ya\u011fmura aniden yakalanan vatanda\u015flar bina sa\u00e7aklar\u0131n\u0131n alt\u0131na s\u0131\u011f\u0131narak korunmaya \u00e7al\u0131\u015ft\u0131.<\/p>\n<p><strong>S\u00dcR\u00dcC\u00dcLER VE PAZAR ESNAFI ZORLANDI<\/strong><\/p>\n<p>Trafikte ilerlemeye \u00e7al\u0131\u015fan s\u00fcr\u00fcc\u00fcler, su birikintileri nedeniyle g\u00fc\u00e7l\u00fck ya\u015fad\u0131.<\/p>\n<p>Seyhan il\u00e7esine ba\u011fl\u0131 Ye\u015filyurt Mahallesi\u2019nde su basan pazar yerinde ise esnaf ve al\u0131\u015fveri\u015f yapan vatanda\u015flar zor anlar ge\u00e7irdi.<\/p>\n<p>Sa\u011fana\u011f\u0131n etkisini yitirmesinin ard\u0131ndan biriken sular k\u0131sa s\u00fcrede \u00e7ekildi. Kentte hasar tespit \u00e7al\u0131\u015fmalar\u0131n\u0131n yap\u0131laca\u011f\u0131 \u00f6\u011frenildi.<\/p>\n<p><img decoding=\"async\" src=\"https:\/\/bihavadis.com\/wp-content\/uploads\/2026\/02\/adanada-15-dakikalik-saganak-hayati-felc-etti-0-a9iBd73C.jpg\"\/><\/p>\n<p><img decoding=\"async\" src=\"https:\/\/bihavadis.com\/wp-content\/uploads\/2026\/02\/adanada-15-dakikalik-saganak-hayati-felc-etti-1-fRxrXW5r.jpg\"\/><\/p>\n<p><img decoding=\"async\" src=\"https:\/\/bihavadis.com\/wp-content\/uploads\/2026\/02\/adanada-15-dakikalik-saganak-hayati-felc-etti-2-BpcZaZNN.jpg\"\/><\/p>\n","protected":false},"excerpt":{"rendered":"<p>Adana\u2019da k\u0131sa s\u00fcreli etkili olan sa\u011fanak ya\u011f\u0131\u015f, kent merkezinde cadde ve sokaklar\u0131 suyla doldurdu. Ya\u011fmura haz\u0131rl\u0131ks\u0131z yakalanan vatanda\u015flar zor anlar ya\u015fad\u0131.<\/p>\n","protected":false},"author":1,"featured_media":49342,"comment_status":"open","ping_status":"open","sticky":false,"template":"","format":"standard","meta":{"footnotes":""},"categories":[4,13],"tags":[],"class_list":["post-49341","post","type-post","status-publish","format-standard","has-post-thumbnail","hentry","category-gundem","category-son-dakika"],"_links":{"self":[{"href":"https:\/\/bihavadis.com\/index.php\/wp-json\/wp\/v2\/posts\/49341","targetHints":{"allow":["GET"]}}],"collection":[{"href":"https:\/\/bihavadis.com\/index.php\/wp-json\/wp\/v2\/posts"}],"about":[{"href":"https:\/\/bihavadis.com\/index.php\/wp-json\/wp\/v2\/types\/post"}],"author":[{"embeddable":true,"href":"https:\/\/bihavadis.com\/index.php\/wp-json\/wp\/v2\/users\/1"}],"replies":[{"embeddable":true,"href":"https:\/\/bihavadis.com\/index.php\/wp-json\/wp\/v2\/comments?post=49341"}],"version-history":[{"count":1,"href":"https:\/\/bihavadis.com\/index.php\/wp-json\/wp\/v2\/posts\/49341\/revisions"}],"predecessor-version":[{"id":49346,"href":"https:\/\/bihavadis.com\/index.php\/wp-json\/wp\/v2\/posts\/49341\/revisions\/49346"}],"wp:featuredmedia":[{"embeddable":true,"href":"https:\/\/bihavadis.com\/index.php\/wp-json\/wp\/v2\/media\/49342"}],"wp:attachment":[{"href":"https:\/\/bihavadis.com\/index.php\/wp-json\/wp\/v2\/media?parent=49341"}],"wp:term":[{"taxonomy":"category","embeddable":true,"href":"https:\/\/bihavadis.com\/index.php\/wp-json\/wp\/v2\/categories?post=49341"},{"taxonomy":"post_tag","embeddable":true,"href":"https:\/\/bihavadis.com\/index.php\/wp-json\/wp\/v2\/tags?post=49341"}],"curies":[{"name":"wp","href":"https:\/\/api.w.org\/{rel}","templated":true}]}}