{"id":49362,"date":"2026-02-26T15:36:07","date_gmt":"2026-02-26T15:36:07","guid":{"rendered":"https:\/\/bihavadis.com\/?p=49362"},"modified":"2026-02-26T15:36:07","modified_gmt":"2026-02-26T15:36:07","slug":"zemin-cokmesi-sonucu-benzin-istasyonu-yerin-altina-gomuldu","status":"publish","type":"post","link":"https:\/\/bihavadis.com\/index.php\/2026\/02\/26\/zemin-cokmesi-sonucu-benzin-istasyonu-yerin-altina-gomuldu\/","title":{"rendered":"Zemin \u00e7\u00f6kmesi sonucu benzin istasyonu yerin alt\u0131na g\u00f6m\u00fcld\u00fc"},"content":{"rendered":"<p>M\u0131s\u0131r&#8217;\u0131n ba\u015fkenti Kahire&#8217;de ya\u015fanan olay, g\u00f6renlere korku dolu anlar ya\u015fatt\u0131. Bir akaryak\u0131t istasyonu, zeminin aniden \u00e7\u00f6kmesi sonucu adeta yerin alt\u0131na g\u00f6m\u00fcld\u00fc. O anlar g\u00fcvenlik kameralar\u0131na saniye saniye yans\u0131d\u0131.<\/p>\n<p>Kameralara yans\u0131yan g\u00f6r\u00fcnt\u00fclerde, yolun \u00f6nce yava\u015f yava\u015f \u00e7\u00f6kmeye ba\u015flad\u0131\u011f\u0131 g\u00f6r\u00fcl\u00fcyor. Ard\u0131ndan zemin bir anda tamamen a\u00e7\u0131l\u0131yor ve yakla\u015f\u0131k 15 metre derinli\u011finde dev bir \u00e7ukur olu\u015fuyor. O s\u0131rada \u00e7evrede bulunan insanlar can havliyle ka\u00e7\u0131\u015f\u0131yor.<\/p>\n<p>\u00c7ukurun kenar\u0131nda duran baz\u0131 ki\u015filer panik i\u00e7inde ko\u015farak uzakla\u015f\u0131rken, bir ara\u00e7 da h\u0131zla olay yerinden ayr\u0131l\u0131yor. K\u0131sa s\u00fcre i\u00e7inde y\u00fckselen yo\u011fun toz bulutu, birka\u00e7 dakika \u00f6ncesine kadar ayakta olan akaryak\u0131t istasyonunu ve yan\u0131ndaki i\u015f yerlerini tamamen g\u00f6r\u00fcnmez hale getiriyor.<\/p>\n<p>Yetkililer, \u00e7\u00f6kme s\u0131ras\u0131nda b\u00f6lgede biri \u00e7i\u00e7ek\u00e7i, di\u011feri \u015fekerci olan iki d\u00fckk\u00e2n\u0131n bulundu\u011funu ve en az iki ki\u015finin i\u00e7eride oldu\u011funu a\u00e7\u0131klad\u0131. Yaral\u0131lar\u0131n hastaneye kald\u0131r\u0131ld\u0131\u011f\u0131, baz\u0131lar\u0131n\u0131n k\u0131r\u0131klar nedeniyle tedavi alt\u0131na al\u0131nd\u0131\u011f\u0131 belirtildi. Yetkililer, yaral\u0131lar\u0131n hayati tehlikesinin bulunmad\u0131\u011f\u0131n\u0131 bildirdi.<\/p>\n<p>\u0130lk de\u011ferlendirmelere g\u00f6re, bu korkutucu \u00e7\u00f6k\u00fcnt\u00fcn\u00fcn nedeni yak\u0131nlardaki bir in\u015faat alan\u0131nda yap\u0131lan kaz\u0131 \u00e7al\u0131\u015fmalar\u0131 olabilir. Kaz\u0131 nedeniyle zeminin zay\u0131flad\u0131\u011f\u0131 ve \u00e7\u00f6kmenin bu y\u00fczden meydana geldi\u011fi d\u00fc\u015f\u00fcn\u00fcl\u00fcyor.<\/p>\n<p>Olay\u0131n ard\u0131ndan polis ve belediye ekipleri b\u00f6lgeyi g\u00fcvenlik \u00e7emberine ald\u0131. \u00c7evredeki binalar\u0131n ve tesislerin g\u00fcvenli\u011fi i\u00e7in detayl\u0131 teknik incelemeler ba\u015flat\u0131ld\u0131. Yetkililer, benzer bir tehlikenin ya\u015fanmamas\u0131 i\u00e7in soru\u015fturman\u0131n titizlikle s\u00fcrd\u00fc\u011f\u00fcn\u00fc ifade etti.<\/p>\n<p>Bu olay, Kahire&#8217;de son iki ay i\u00e7inde ya\u015fanan ikinci b\u00fcy\u00fck \u00e7\u00f6k\u00fcnt\u00fc vakas\u0131 oldu. Kentte ya\u015fayanlar, benzer bir olay\u0131n tekrar ya\u015fanmas\u0131ndan endi\u015fe ediyor.<\/p>\n<p>Ge\u00e7ti\u011fimiz aral\u0131k ay\u0131nda da Yeni Kahire b\u00f6lgesinde benzer bir \u00e7\u00f6k\u00fcnt\u00fc meydana gelmi\u015f, bunun bir su hatt\u0131ndaki s\u0131z\u0131nt\u0131dan kaynakland\u0131\u011f\u0131 a\u00e7\u0131klanm\u0131\u015ft\u0131. D\u00fcnyan\u0131n farkl\u0131 b\u00f6lgelerinde de benzer olaylar\u0131n ya\u015fanmas\u0131, altyap\u0131 g\u00fcvenli\u011fi konusundaki endi\u015feleri art\u0131r\u0131yor.<\/p>\n<div>\n<figure><img decoding=\"async\" src=\"https:\/\/bihavadis.com\/wp-content\/uploads\/2026\/02\/zemin-cokmesi-sonucu-benzin-istasyonu-yerin-altina-gomuldu-0-3OnSSs24.jpg\"\/><\/figure>\n<\/div>\n","protected":false},"excerpt":{"rendered":"<p>M\u0131s\u0131r&#8217;\u0131n ba\u015fkenti Kahire&#8217;de bir akaryak\u0131t istasyonu, zeminin \u00e7\u00f6kmesi sonucu yerin alt\u0131na g\u00f6m\u00fcld\u00fc. Olay\u0131n nedeni yak\u0131nlardaki bir in\u015faat alan\u0131nda yap\u0131lan kaz\u0131 \u00e7al\u0131\u015fmalar\u0131 olabilir. \u00c7\u00f6kme s\u0131ras\u0131nda b\u00f6lgede iki d\u00fckk\u00e2n\u0131n bulundu\u011fu ve en az iki ki\u015finin i\u00e7eride oldu\u011fu belirtildi. Yaral\u0131lar hastaneye kald\u0131r\u0131ld\u0131 ve hayati tehlikelerinin bulunmad\u0131\u011f\u0131 bildirildi.<\/p>\n","protected":false},"author":1,"featured_media":49363,"comment_status":"open","ping_status":"open","sticky":false,"template":"","format":"standard","meta":{"footnotes":""},"categories":[6],"tags":[256],"class_list":["post-49362","post","type-post","status-publish","format-standard","has-post-thumbnail","hentry","category-dunya","tag-olay"],"_links":{"self":[{"href":"https:\/\/bihavadis.com\/index.php\/wp-json\/wp\/v2\/posts\/49362","targetHints":{"allow":["GET"]}}],"collection":[{"href":"https:\/\/bihavadis.com\/index.php\/wp-json\/wp\/v2\/posts"}],"about":[{"href":"https:\/\/bihavadis.com\/index.php\/wp-json\/wp\/v2\/types\/post"}],"author":[{"embeddable":true,"href":"https:\/\/bihavadis.com\/index.php\/wp-json\/wp\/v2\/users\/1"}],"replies":[{"embeddable":true,"href":"https:\/\/bihavadis.com\/index.php\/wp-json\/wp\/v2\/comments?post=49362"}],"version-history":[{"count":1,"href":"https:\/\/bihavadis.com\/index.php\/wp-json\/wp\/v2\/posts\/49362\/revisions"}],"predecessor-version":[{"id":49365,"href":"https:\/\/bihavadis.com\/index.php\/wp-json\/wp\/v2\/posts\/49362\/revisions\/49365"}],"wp:featuredmedia":[{"embeddable":true,"href":"https:\/\/bihavadis.com\/index.php\/wp-json\/wp\/v2\/media\/49363"}],"wp:attachment":[{"href":"https:\/\/bihavadis.com\/index.php\/wp-json\/wp\/v2\/media?parent=49362"}],"wp:term":[{"taxonomy":"category","embeddable":true,"href":"https:\/\/bihavadis.com\/index.php\/wp-json\/wp\/v2\/categories?post=49362"},{"taxonomy":"post_tag","embeddable":true,"href":"https:\/\/bihavadis.com\/index.php\/wp-json\/wp\/v2\/tags?post=49362"}],"curies":[{"name":"wp","href":"https:\/\/api.w.org\/{rel}","templated":true}]}}