{"id":49375,"date":"2026-02-26T15:48:08","date_gmt":"2026-02-26T15:48:08","guid":{"rendered":"https:\/\/bihavadis.com\/?p=49375"},"modified":"2026-02-26T15:48:08","modified_gmt":"2026-02-26T15:48:08","slug":"arnavutkoyde-tartistigi-kardesini-silahla-oldurdu","status":"publish","type":"post","link":"https:\/\/bihavadis.com\/index.php\/2026\/02\/26\/arnavutkoyde-tartistigi-kardesini-silahla-oldurdu\/","title":{"rendered":"Arnavutk\u00f6y&#8217;de tart\u0131\u015ft\u0131\u011f\u0131 karde\u015fini silahla \u00f6ld\u00fcrd\u00fc"},"content":{"rendered":"<p>\u0130stanbul Arnavutk\u00f6y&#8217;de, U\u011fur \u00d6zyurt ile karde\u015fi Burakcan \u00d6zyurt aras\u0131nda hen\u00fcz bilinmeyen bir nedenle tart\u0131\u015fma \u00e7\u0131kt\u0131.<\/p>\n<p>K\u0131sa s\u00fcrede b\u00fcy\u00fcyen tart\u0131\u015fma kavgaya d\u00f6n\u00fc\u015ft\u00fc.<\/p>\n<p><strong>KAVGA KANLI B\u0130TT\u0130<\/strong><\/p>\n<p>Kavga s\u0131ras\u0131nda U\u011fur \u00d6zyurt, yan\u0131nda bulunan silahla karde\u015fi Burakcan \u00d6zyurt&#8217;a ate\u015f a\u00e7t\u0131.<\/p>\n<p>A\u011f\u0131r yaralanan Burakcan \u00d6zyurt, olay yerinde hayat\u0131n\u0131 kaybetti.<\/p>\n<p><strong>POL\u0130S, KA\u00c7AN \u015e\u00dcPHEL\u0130Y\u0130 ARAMA \u00c7ALI\u015eMALARI BA\u015eLATTI<\/strong><\/p>\n<p>U\u011fur \u00d6zyurt&#8217;un ka\u00e7t\u0131\u011f\u0131 \u00f6\u011frenilirken ihbar \u00fczerine b\u00f6lgeye sevk edilen polis ekipleri, \u00e7evrede geni\u015f g\u00fcvenlik \u00f6nlemi ald\u0131.<\/p>\n<p>Polis ekipleri ka\u00e7an \u015f\u00fcphelinin yakalanmas\u0131 i\u00e7in \u00e7al\u0131\u015fma ba\u015flatt\u0131.<\/p>\n<p><img decoding=\"async\" src=\"https:\/\/bihavadis.com\/wp-content\/uploads\/2026\/02\/arnavutkoyde-tartistigi-kardesini-silahla-oldurdu-0-4gIpUS5H.jpg\"\/><\/p>\n<p><img decoding=\"async\" src=\"https:\/\/bihavadis.com\/wp-content\/uploads\/2026\/02\/arnavutkoyde-tartistigi-kardesini-silahla-oldurdu-1-MCCNAl92.jpg\"\/><\/p>\n","protected":false},"excerpt":{"rendered":"<p>\u0130ki karde\u015f aras\u0131nda \u00e7\u0131kan tart\u0131\u015fma cinayetle bitti. U\u011fur \u00d6zyurt, tart\u0131\u015ft\u0131\u011f\u0131 karde\u015fi Burakcan \u00d6zyurt&#8217;u silahla vurarak \u00f6ld\u00fcrd\u00fc.<\/p>\n","protected":false},"author":1,"featured_media":49376,"comment_status":"open","ping_status":"open","sticky":false,"template":"","format":"standard","meta":{"footnotes":""},"categories":[4,13],"tags":[6402],"class_list":["post-49375","post","type-post","status-publish","format-standard","has-post-thumbnail","hentry","category-gundem","category-son-dakika","tag-ozyurt"],"_links":{"self":[{"href":"https:\/\/bihavadis.com\/index.php\/wp-json\/wp\/v2\/posts\/49375","targetHints":{"allow":["GET"]}}],"collection":[{"href":"https:\/\/bihavadis.com\/index.php\/wp-json\/wp\/v2\/posts"}],"about":[{"href":"https:\/\/bihavadis.com\/index.php\/wp-json\/wp\/v2\/types\/post"}],"author":[{"embeddable":true,"href":"https:\/\/bihavadis.com\/index.php\/wp-json\/wp\/v2\/users\/1"}],"replies":[{"embeddable":true,"href":"https:\/\/bihavadis.com\/index.php\/wp-json\/wp\/v2\/comments?post=49375"}],"version-history":[{"count":1,"href":"https:\/\/bihavadis.com\/index.php\/wp-json\/wp\/v2\/posts\/49375\/revisions"}],"predecessor-version":[{"id":49379,"href":"https:\/\/bihavadis.com\/index.php\/wp-json\/wp\/v2\/posts\/49375\/revisions\/49379"}],"wp:featuredmedia":[{"embeddable":true,"href":"https:\/\/bihavadis.com\/index.php\/wp-json\/wp\/v2\/media\/49376"}],"wp:attachment":[{"href":"https:\/\/bihavadis.com\/index.php\/wp-json\/wp\/v2\/media?parent=49375"}],"wp:term":[{"taxonomy":"category","embeddable":true,"href":"https:\/\/bihavadis.com\/index.php\/wp-json\/wp\/v2\/categories?post=49375"},{"taxonomy":"post_tag","embeddable":true,"href":"https:\/\/bihavadis.com\/index.php\/wp-json\/wp\/v2\/tags?post=49375"}],"curies":[{"name":"wp","href":"https:\/\/api.w.org\/{rel}","templated":true}]}}