{"id":49460,"date":"2026-02-26T16:48:09","date_gmt":"2026-02-26T16:48:09","guid":{"rendered":"https:\/\/bihavadis.com\/?p=49460"},"modified":"2026-02-26T16:48:09","modified_gmt":"2026-02-26T16:48:09","slug":"elazigda-tartistigi-sahsi-tabancayla-vurup-tekmeledi","status":"publish","type":"post","link":"https:\/\/bihavadis.com\/index.php\/2026\/02\/26\/elazigda-tartistigi-sahsi-tabancayla-vurup-tekmeledi\/","title":{"rendered":"Elaz\u0131\u011f&#8217;da tart\u0131\u015ft\u0131\u011f\u0131 \u015fahs\u0131 tabancayla vurup tekmeledi"},"content":{"rendered":"<p>Elaz\u0131\u011f silah sesleriyle yank\u0131land\u0131&#8230;<\/p>\n<p>\u00c7ar\u015f\u0131 Mahallesi&#8217;nde ger\u00e7ekle\u015fen sald\u0131r\u0131, mahalle sakinlerini deh\u015fete d\u00fc\u015f\u00fcrd\u00fc.<\/p>\n<p>Olay yerine polis ekiplerinin gelmesiyle sald\u0131r\u0131 kontrol alt\u0131na al\u0131nd\u0131.<\/p>\n<p><strong>OLAY ANI G\u00dcVENL\u0130K KAMERASINA YANSIDI<\/strong><\/p>\n<p>M.A.A. ile kimli\u011fi hen\u00fcz belirlenemeyen bir ki\u015fi aras\u0131nda bilinmeyen nedenle tart\u0131\u015fma \u00e7\u0131kt\u0131.<\/p>\n<p>Kimli\u011fi belirsiz ki\u015fi, belinden \u00e7\u0131kard\u0131\u011f\u0131 tabancayla M.A.A.&#8217;ya ate\u015f a\u00e7t\u0131.<\/p>\n<p>V\u00fccuduna isabet eden kur\u015funlarla a\u011f\u0131r yaralanan M.A.A. yere y\u0131\u011f\u0131l\u0131rken, olay g\u00fcvenlik kameras\u0131na yans\u0131d\u0131.<\/p>\n<p><img decoding=\"async\" src=\"https:\/\/bihavadis.com\/wp-content\/uploads\/2026\/02\/elazigda-tartistigi-sahsi-tabancayla-vurup-tekmeledi-0-XMxla5Sb.jpg\"\/><\/p>\n<p><strong>\u00c7EVREDEK\u0130 ESNAF OLAYA M\u00dcDAHALE ETT\u0130<\/strong><\/p>\n<p>G\u00f6r\u00fcnt\u00fclerde ayr\u0131ca \u015f\u00fcphelinin yaral\u0131ya tekme atmaya \u00e7al\u0131\u015ft\u0131\u011f\u0131 da g\u00f6r\u00fcld\u00fc.<\/p>\n<p>\u00c7evredeki esnaf ve ki\u015filerin m\u00fcdahalesiyle etkisiz hale getirilen \u015f\u00fcpheli, polis ekipleri taraf\u0131ndan g\u00f6zalt\u0131na al\u0131nd\u0131.<\/p>\n<p><strong>SORU\u015eTURMA BA\u015eLATILDI<\/strong><\/p>\n<p>A\u011f\u0131r yaralanan M.A.A. ise ambulansla F\u0131rat \u00dcniversitesi Hastanesi\u2019ne kald\u0131r\u0131ld\u0131.<\/p>\n<p>Olaya ili\u015fkin inceleme ba\u015flat\u0131ld\u0131.<\/p>\n<p><img decoding=\"async\" src=\"https:\/\/bihavadis.com\/wp-content\/uploads\/2026\/02\/elazigda-tartistigi-sahsi-tabancayla-vurup-tekmeledi-1-GlXL3O7h.jpg\"\/><\/p>\n","protected":false},"excerpt":{"rendered":"<p>\u00c7ar\u015f\u0131 Mahallesi Celal \u00d6ztekin Caddesi&#8217;nde kimli\u011fi belirsiz ki\u015fi, tart\u0131\u015ft\u0131\u011f\u0131 ki\u015fiyi \u00f6nce tabanca ile vurdu ard\u0131ndan tekmeledi. O anlar, bir i\u015f yerinin g\u00fcvenlik kameras\u0131na yans\u0131d\u0131.<\/p>\n","protected":false},"author":1,"featured_media":49461,"comment_status":"open","ping_status":"open","sticky":false,"template":"","format":"standard","meta":{"footnotes":""},"categories":[4,13],"tags":[256],"class_list":["post-49460","post","type-post","status-publish","format-standard","has-post-thumbnail","hentry","category-gundem","category-son-dakika","tag-olay"],"_links":{"self":[{"href":"https:\/\/bihavadis.com\/index.php\/wp-json\/wp\/v2\/posts\/49460","targetHints":{"allow":["GET"]}}],"collection":[{"href":"https:\/\/bihavadis.com\/index.php\/wp-json\/wp\/v2\/posts"}],"about":[{"href":"https:\/\/bihavadis.com\/index.php\/wp-json\/wp\/v2\/types\/post"}],"author":[{"embeddable":true,"href":"https:\/\/bihavadis.com\/index.php\/wp-json\/wp\/v2\/users\/1"}],"replies":[{"embeddable":true,"href":"https:\/\/bihavadis.com\/index.php\/wp-json\/wp\/v2\/comments?post=49460"}],"version-history":[{"count":1,"href":"https:\/\/bihavadis.com\/index.php\/wp-json\/wp\/v2\/posts\/49460\/revisions"}],"predecessor-version":[{"id":49464,"href":"https:\/\/bihavadis.com\/index.php\/wp-json\/wp\/v2\/posts\/49460\/revisions\/49464"}],"wp:featuredmedia":[{"embeddable":true,"href":"https:\/\/bihavadis.com\/index.php\/wp-json\/wp\/v2\/media\/49461"}],"wp:attachment":[{"href":"https:\/\/bihavadis.com\/index.php\/wp-json\/wp\/v2\/media?parent=49460"}],"wp:term":[{"taxonomy":"category","embeddable":true,"href":"https:\/\/bihavadis.com\/index.php\/wp-json\/wp\/v2\/categories?post=49460"},{"taxonomy":"post_tag","embeddable":true,"href":"https:\/\/bihavadis.com\/index.php\/wp-json\/wp\/v2\/tags?post=49460"}],"curies":[{"name":"wp","href":"https:\/\/api.w.org\/{rel}","templated":true}]}}