{"id":49478,"date":"2026-02-26T17:00:10","date_gmt":"2026-02-26T17:00:10","guid":{"rendered":"https:\/\/bihavadis.com\/?p=49478"},"modified":"2026-02-26T17:00:10","modified_gmt":"2026-02-26T17:00:10","slug":"tasacak-bu-deniz-serif-aytek-sayan-diziden-ayrildi-mi-tutuklanmisti-iste-akibeti","status":"publish","type":"post","link":"https:\/\/bihavadis.com\/index.php\/2026\/02\/26\/tasacak-bu-deniz-serif-aytek-sayan-diziden-ayrildi-mi-tutuklanmisti-iste-akibeti\/","title":{"rendered":"Ta\u015facak Bu Deniz \u015eerif (Aytek \u015eayan) diziden ayr\u0131ld\u0131 m\u0131? Tutuklanm\u0131\u015ft\u0131! \u0130\u015fte ak\u0131beti&#8230;"},"content":{"rendered":"<p>TRT 1&#8217;in rekortmen dizisi Ta\u015facak Bu Deniz, ge\u00e7en cuma ak\u015fam\u0131 ekrana gelen b\u00f6l\u00fcm\u00fc ile izleyiciyi merakland\u0131rd\u0131.<\/p>\n<p>Dizinin son sahnesinde Adil Ko\u00e7ari&#8217;nin yapt\u0131\u011f\u0131 ters k\u00f6\u015fe, \u015eerif Furtuna&#8217;y\u0131 alt etti.<\/p>\n<p>\u015eerif&#8217;in \u00fczerinde veya yak\u0131n\u0131nda bulunan silah, onun g\u00f6zalt\u0131na al\u0131nmas\u0131na ve ard\u0131ndan tutuklanarak cezaevine g\u00f6nderilmesine neden oldu.<\/p>\n<p>Tutuklanarak veda sinyali veren \u015eerif&#8217;in ak\u0131beti ise merak konusu oldu.<\/p>\n<p>\u00dcnl\u00fc oyuncu Aytek \u015eayan&#8217;\u0131n canland\u0131rd\u0131\u011f\u0131 karakter i\u00e7in sona m\u0131 gelindi, yoksa devam m\u0131 edecek ara\u015ft\u0131r\u0131l\u0131yor.<\/p>\n<p>\u0130zleyicilerin g\u00fcndemindeki, &#8220;\u015eerif diziden ayr\u0131ld\u0131 m\u0131&#8221;, &#8220;Aytek \u015eayan veda m\u0131 etti&#8221; sorular\u0131n\u0131 yan\u0131tlad\u0131k.<\/p>\n<p>\u0130\u015fte, karakterin ve oyuncunun ak\u0131beti&#8230;<\/p>\n<p><img decoding=\"async\" src=\"https:\/\/bihavadis.com\/wp-content\/uploads\/2026\/02\/tasacak-bu-deniz-serif-aytek-sayan-diziden-ayrildi-mi-tutuklanmisti-iste-akibeti-0-2ONzubf2.jpg\"\/><\/p>\n<p><strong>&#8220;AYRILDI&#8221; MI<\/strong><\/p>\n<p>Dizide \u015eerif\u2019e hayat veren Aytek \u015eayan\u2019\u0131n kadrodan ayr\u0131laca\u011f\u0131 konu\u015fuldu.<\/p>\n<p>Aytek \u015eayan\u2019\u0131n Now&#8217;un yeni dizisi Yeralt\u0131 ile anla\u015ft\u0131\u011f\u0131 iddialar\u0131 da yay\u0131ld\u0131.<\/p>\n<p><img decoding=\"async\" src=\"https:\/\/bihavadis.com\/wp-content\/uploads\/2026\/02\/tasacak-bu-deniz-serif-aytek-sayan-diziden-ayrildi-mi-tutuklanmisti-iste-akibeti-1-YkTtNZZr.jpg\"\/><\/p>\n<p><strong>&#8220;\u015eER\u0130F&#8221;\u0130N AKIBET\u0130<\/strong><\/p>\n<p>Ta\u015facak Bu Deniz&#8217;in oyuncular\u0131ndan Erkan Y\u00fcce\u2019nin, \u015eayan\u2019a y\u00f6nelik <em><b>&#8220;Verdi\u011fin emekler i\u00e7in minnettar\u0131m&#8221;<\/b><\/em> s\u00f6zleri, izleyici taraf\u0131ndan &#8220;kesin ayr\u0131l\u0131k&#8221; olarak yorumland\u0131.<\/p>\n<p>TRT 1 y\u00f6netiminden ve yap\u0131m \u015firketinden &#8220;Aytek \u015eayan ayr\u0131ld\u0131&#8221; \u015feklinde resmi bir duyuru yap\u0131lmad\u0131.<\/p>\n<p>Karakterin cezaevindeki s\u00fcrecinin i\u015flenip i\u015flenmeyece\u011fi, \u00f6n\u00fcm\u00fczdeki hafta yay\u0131nlanacak 19. b\u00f6l\u00fcmle kesinlik kazanacak.<\/p>\n","protected":false},"excerpt":{"rendered":"<p>Ta\u015facak Bu Deniz&#8217;in son b\u00f6l\u00fcm\u00fcnde tutuklanan \u015eerif karakterinin ak\u0131beti, izleyen milyonlarca ki\u015finin merak konusu oldu. Oyuncu Aytek \u015eayan&#8217;\u0131n canland\u0131rd\u0131\u011f\u0131 karakter diziden ayr\u0131lacak m\u0131, veda m\u0131 etti&#8230;\u0130\u015fte yan\u0131t\u0131!<\/p>\n","protected":false},"author":1,"featured_media":49479,"comment_status":"open","ping_status":"open","sticky":false,"template":"","format":"standard","meta":{"footnotes":""},"categories":[9],"tags":[6406,2617,6405],"class_list":["post-49478","post","type-post","status-publish","format-standard","has-post-thumbnail","hentry","category-genel","tag-aytek","tag-sayan","tag-serif"],"_links":{"self":[{"href":"https:\/\/bihavadis.com\/index.php\/wp-json\/wp\/v2\/posts\/49478","targetHints":{"allow":["GET"]}}],"collection":[{"href":"https:\/\/bihavadis.com\/index.php\/wp-json\/wp\/v2\/posts"}],"about":[{"href":"https:\/\/bihavadis.com\/index.php\/wp-json\/wp\/v2\/types\/post"}],"author":[{"embeddable":true,"href":"https:\/\/bihavadis.com\/index.php\/wp-json\/wp\/v2\/users\/1"}],"replies":[{"embeddable":true,"href":"https:\/\/bihavadis.com\/index.php\/wp-json\/wp\/v2\/comments?post=49478"}],"version-history":[{"count":1,"href":"https:\/\/bihavadis.com\/index.php\/wp-json\/wp\/v2\/posts\/49478\/revisions"}],"predecessor-version":[{"id":49482,"href":"https:\/\/bihavadis.com\/index.php\/wp-json\/wp\/v2\/posts\/49478\/revisions\/49482"}],"wp:featuredmedia":[{"embeddable":true,"href":"https:\/\/bihavadis.com\/index.php\/wp-json\/wp\/v2\/media\/49479"}],"wp:attachment":[{"href":"https:\/\/bihavadis.com\/index.php\/wp-json\/wp\/v2\/media?parent=49478"}],"wp:term":[{"taxonomy":"category","embeddable":true,"href":"https:\/\/bihavadis.com\/index.php\/wp-json\/wp\/v2\/categories?post=49478"},{"taxonomy":"post_tag","embeddable":true,"href":"https:\/\/bihavadis.com\/index.php\/wp-json\/wp\/v2\/tags?post=49478"}],"curies":[{"name":"wp","href":"https:\/\/api.w.org\/{rel}","templated":true}]}}