{"id":49507,"date":"2026-02-26T17:24:11","date_gmt":"2026-02-26T17:24:11","guid":{"rendered":"https:\/\/bihavadis.com\/?p=49507"},"modified":"2026-02-26T17:24:11","modified_gmt":"2026-02-26T17:24:11","slug":"kocaelide-cakmak-istedikten-sonra-darbettiler","status":"publish","type":"post","link":"https:\/\/bihavadis.com\/index.php\/2026\/02\/26\/kocaelide-cakmak-istedikten-sonra-darbettiler\/","title":{"rendered":"Kocaeli&#8217;de \u00e7akmak istedikten sonra darbettiler"},"content":{"rendered":"<p>\u0130zmit&#8217;e ba\u011fl\u0131 Ye\u015filova Mahallesi Turan G\u00fcne\u015f Caddesi\u2019nde Ali Alada\u011f, evine gitti\u011fi s\u0131rada yan\u0131na bir ara\u00e7 yakla\u015ft\u0131.<\/p>\n<p>Ara\u00e7tan inen ki\u015filer, bilinmeyen nedenle Alada\u011f\u2019\u0131 darbetti.<\/p>\n<p>Sald\u0131rganlar, Alada\u011f&#8217;\u0131n cep telefonunu da gasbettikten sonra ka\u00e7t\u0131.<\/p>\n<p>Hastaneye kald\u0131r\u0131lan ve tedavisinin ard\u0131ndan taburcu edilen Alada\u011f, sald\u0131rganlardan \u015fikayet\u00e7i oldu.<\/p>\n<p><strong>1 \u015e\u00dcPHEL\u0130 TUTUKLANDI<\/strong><\/p>\n<p>\u00c7al\u0131\u015fma ba\u015flatan polis, \u015f\u00fcphelilerden birinin E.Y. oldu\u011funu belirledi. G\u00f6zalt\u0131na al\u0131nan E.Y., emniyetteki i\u015flemlerinin ard\u0131ndan tutukland\u0131. Olayla ilgili soru\u015fturman\u0131n s\u00fcrd\u00fc\u011f\u00fc bildirildi.<\/p>\n<p><strong>&#8220;\u0130MDAT D\u0130YE BA\u011eIRDIM&#8221;<\/strong><\/p>\n<p>Ya\u015fad\u0131klar\u0131n\u0131 anlatan Ali Alada\u011f, <em><b>&#8220;Eve giderken k\u00f6pr\u00fcn\u00fcn alt\u0131ndan tek ba\u015f\u0131ma ge\u00e7iyordum. Yan\u0131mda bir minib\u00fcs durdu. <\/b><\/em><\/p>\n<p><em><b>\u00c7<\/b><\/em><em><b>akmak istediler, \u00e7akma\u011f\u0131 verdim. O arada ara\u00e7tan indiler, bana vurmaya ba\u015flad\u0131lar. Baya\u011f\u0131 direndim ama m\u00fcmk\u00fcn olmad\u0131. Sonra daha fazla vurmaya ba\u015flad\u0131lar. Ben de &#8216;\u0130mdat&#8217; diye ba\u011f\u0131rd\u0131m. <\/b><\/em><\/p>\n<p><em><b>Bu hale geldim. \u0130leriden ba\u015fka arkada\u015flar geldi. Onlardan ambulans \u00e7a\u011f\u0131rmalar\u0131n\u0131 istedim. Ambulans geldi, hastaneye gittik.<\/b><\/em><\/p>\n<p><em><b> Telefonumu da gasbettiler. &#8216;Herhalde plakay\u0131 \u00e7ekecek&#8217; diye d\u00fc\u015f\u00fcnd\u00fcler. O arada telefonumu da ald\u0131lar. Hi\u00e7bir husumet yok. \u015eah\u0131slar\u0131 tan\u0131mam. 3 ki\u015fi gibi g\u00f6rd\u00fcm ama 4 ki\u015fi de olabilir.&#8221;<\/b><\/em> dedi.<\/p>\n<p><img decoding=\"async\" src=\"https:\/\/bihavadis.com\/wp-content\/uploads\/2026\/02\/kocaelide-cakmak-istedikten-sonra-darbettiler-0-mNunuIEa.jpg\"\/><\/p>\n<p><strong>&#8220;HERKES\u0130N BA\u015eINA GELEB\u0130L\u0130R&#8221;<\/strong><\/p>\n<p>Olay\u0131n sebebini bilmedi\u011fini s\u00f6yleyen Alada\u011f,<b><em> &#8220;B<\/em><\/b><em><b>en 40-50 y\u0131ldan beri bu sokaktay\u0131m. Benim ba\u015f\u0131ma gelen, herkesin ba\u015f\u0131na gelebilir. Bir de esnaf\u0131m, kendi i\u015fimden emekliyim. Hastaneden gece saat 22.30&#8217;da \u00e7\u0131kt\u0131m. <\/b><\/em><\/p>\n<p><em><b>Tedaviden sonra karakola gittik, ifade verdim. Bu mahallede her \u015fey var; arabalar, m\u00fczik seti, silah, su ak\u0131tma, elektrik kesme. Her \u015fey var bu sokakta. <\/b><\/em><\/p>\n<p><em><b>Herkesin huzur i\u00e7inde ya\u015fayaca\u011f\u0131 bir yer; \u015fu anda Dallas gibi. Benim \u00f6zel bir talebim yok. Ben de halkla beraberim. Halk\u0131n i\u00e7inden biriyim. Bizim huzur i\u00e7inde ya\u015famam\u0131z\u0131 sa\u011flamalar\u0131 gerekiyor.<\/b><\/em>&#8221; diye konu\u015ftu.\u00a0<\/p>\n<p><img decoding=\"async\" src=\"https:\/\/bihavadis.com\/wp-content\/uploads\/2026\/02\/kocaelide-cakmak-istedikten-sonra-darbettiler-1-FRjJfSBa.jpg\"\/><\/p>\n<p><img decoding=\"async\" src=\"https:\/\/bihavadis.com\/wp-content\/uploads\/2026\/02\/kocaelide-cakmak-istedikten-sonra-darbettiler-2-v6rp7nhx.jpg\"\/><\/p>\n","protected":false},"excerpt":{"rendered":"<p>Ara\u00e7la yan\u0131na yakla\u015fan ki\u015filer taraf\u0131ndan sokak ortas\u0131nda darbedilen Ali Alada\u011f, &#8220;Yan\u0131mda bir minib\u00fcs durdu. \u00c7akmak istediler, \u00e7akma\u011f\u0131 verdim. O arada ara\u00e7tan indiler, bana vurmaya ba\u015flad\u0131lar. Baya\u011f\u0131 direndim ama m\u00fcmk\u00fcn olmad\u0131&#8221; dedi.<\/p>\n","protected":false},"author":1,"featured_media":49508,"comment_status":"open","ping_status":"open","sticky":false,"template":"","format":"standard","meta":{"footnotes":""},"categories":[4,13],"tags":[],"class_list":["post-49507","post","type-post","status-publish","format-standard","has-post-thumbnail","hentry","category-gundem","category-son-dakika"],"_links":{"self":[{"href":"https:\/\/bihavadis.com\/index.php\/wp-json\/wp\/v2\/posts\/49507","targetHints":{"allow":["GET"]}}],"collection":[{"href":"https:\/\/bihavadis.com\/index.php\/wp-json\/wp\/v2\/posts"}],"about":[{"href":"https:\/\/bihavadis.com\/index.php\/wp-json\/wp\/v2\/types\/post"}],"author":[{"embeddable":true,"href":"https:\/\/bihavadis.com\/index.php\/wp-json\/wp\/v2\/users\/1"}],"replies":[{"embeddable":true,"href":"https:\/\/bihavadis.com\/index.php\/wp-json\/wp\/v2\/comments?post=49507"}],"version-history":[{"count":1,"href":"https:\/\/bihavadis.com\/index.php\/wp-json\/wp\/v2\/posts\/49507\/revisions"}],"predecessor-version":[{"id":49512,"href":"https:\/\/bihavadis.com\/index.php\/wp-json\/wp\/v2\/posts\/49507\/revisions\/49512"}],"wp:featuredmedia":[{"embeddable":true,"href":"https:\/\/bihavadis.com\/index.php\/wp-json\/wp\/v2\/media\/49508"}],"wp:attachment":[{"href":"https:\/\/bihavadis.com\/index.php\/wp-json\/wp\/v2\/media?parent=49507"}],"wp:term":[{"taxonomy":"category","embeddable":true,"href":"https:\/\/bihavadis.com\/index.php\/wp-json\/wp\/v2\/categories?post=49507"},{"taxonomy":"post_tag","embeddable":true,"href":"https:\/\/bihavadis.com\/index.php\/wp-json\/wp\/v2\/tags?post=49507"}],"curies":[{"name":"wp","href":"https:\/\/api.w.org\/{rel}","templated":true}]}}