{"id":49527,"date":"2026-02-26T17:39:04","date_gmt":"2026-02-26T17:39:04","guid":{"rendered":"https:\/\/bihavadis.com\/?p=49527"},"modified":"2026-02-26T17:39:04","modified_gmt":"2026-02-26T17:39:04","slug":"didim-belediyesinin-ev-sahipliginde-turkiye-yelken-sampiyonasi-sona-erdi","status":"publish","type":"post","link":"https:\/\/bihavadis.com\/index.php\/2026\/02\/26\/didim-belediyesinin-ev-sahipliginde-turkiye-yelken-sampiyonasi-sona-erdi\/","title":{"rendered":"Didim Belediyesi&#8217;nin Ev Sahipli\u011finde T\u00fcrkiye Yelken \u015eampiyonas\u0131 Sona Erdi"},"content":{"rendered":"<p><span><span><span><span>T\u00fcrkiye Yelken Federasyonu Yelken Ligi kapsam\u0131nda d\u00fczenlenen IQ Foil 2. Ayak T\u00fcrkiye Ye\u015filay \u015eampiyonas\u0131, Ege\u2019nin \u0130ncisi Didim\u2019de ba\u015far\u0131yla tamamland\u0131. Didim Belediyesi ev sahipli\u011finde ger\u00e7ekle\u015ftirilen organizasyon, hem sportif rekabet hem de g\u00f6rsel \u015f\u00f6len a\u00e7\u0131s\u0131ndan b\u00fcy\u00fck be\u011feni toplad\u0131.<\/span><\/span><\/span><\/span><\/p>\n<p><span><span><span><span>T\u00fcrkiye\u2019nin d\u00f6rt bir yan\u0131ndan gelen sporcular, Didim\u2019in elveri\u015fli r\u00fczg\u00e2r ko\u015fullar\u0131 ve e\u015fsiz k\u0131y\u0131 \u015feridi e\u015fli\u011finde k\u0131yas\u0131ya m\u00fccadele etti. Y\u00fcksek tempoya sahne olan yar\u0131\u015flarda sporcular; teknik becerilerini, stratejik hamlelerini ve fiziksel dayan\u0131kl\u0131l\u0131klar\u0131n\u0131 sergileyerek izleyenlere heyecan dolu anlar ya\u015fatt\u0131.<\/span><\/span><\/span><\/span><\/p>\n<p><span><span><span><span>\u00d6d\u00fcller Amfi Tiyatro\u2019da Takdim Edildi<\/span><\/span><\/span><\/span><\/p>\n<p><span><span><span><span>Yar\u0131\u015flar\u0131n tamamlanmas\u0131n\u0131n ard\u0131ndan Didim Amfi Tiyatro\u2019da \u00f6d\u00fcl t\u00f6reni d\u00fczenlendi. T\u00f6rene Didim Belediye Ba\u015fkan Yard\u0131mc\u0131lar\u0131 Aydan A\u015f\u0131k Turgut ile Kaan Top\u00e7uo\u011fullar\u0131\u2019n\u0131n yan\u0131 s\u0131ra antren\u00f6rler, sporcular ve \u00e7ok say\u0131da yelken tutkunu kat\u0131ld\u0131. Dereceye giren sporculara madalyalar\u0131 protokol \u00fcyeleri taraf\u0131ndan takdim edilirken, organizasyon toplu foto\u011fraf \u00e7ekimiyle sona erdi.<\/span><\/span><\/span><\/span><\/p>\n<p><span><span><span><span>Ba\u015fkan Hatice Gen\u00e7ay\u2019dan Tebrik Mesaj\u0131<\/span><\/span><\/span><\/span><\/p>\n<p><span><span><span><span>Organizasyona ili\u015fkin de\u011ferlendirmelerde bulunan Didim Belediye Ba\u015fkan\u0131 Hatice Gen\u00e7ay, Didim\u2019in yaln\u0131zca turizmle de\u011fil, spor organizasyonlar\u0131yla da ad\u0131ndan s\u00f6z ettirdi\u011fini vurgulad\u0131.<\/span><\/span><\/span><\/span><\/p>\n<p><span><span><span><span>Ba\u015fkan Hatice Gen\u00e7ay, \u201c\u00dclkemizin parlayan turizm y\u0131ld\u0131z\u0131 haline gelen Didim\u2019de b\u00f6ylesine b\u00fcy\u00fck \u00f6l\u00e7ekli ve prestijli bir organizasyona ev sahipli\u011fi yapman\u0131n mutlulu\u011funu ya\u015f\u0131yoruz. IQ Foil 2. Ayak T\u00fcrkiye Ye\u015filay \u015eampiyonas\u0131\u2019n\u0131 ba\u015far\u0131yla tamamlad\u0131k. M\u00fccadele eden t\u00fcm sporcular\u0131m\u0131z\u0131 tebrik ediyor, eme\u011fi ge\u00e7en herkese te\u015fekk\u00fcr ediyorum. Sporun ve sporcunun yan\u0131nda olmaya devam edece\u011fiz.\u201d ifadelerini kulland\u0131.<\/span><\/span><\/span><\/span><\/p>\n<p><span><span><span><span>Didim Belediyesi, spor turizmini g\u00fc\u00e7lendiren organizasyonlara ev sahipli\u011fi yapmay\u0131 s\u00fcrd\u00fcrecek.<\/span><\/span><\/span><\/span><\/p>\n<p>\u00a0<\/p>\n<p>Kaynak: (BYZHA) Beyaz Haber Ajans\u0131<\/p>\n","protected":false},"excerpt":{"rendered":"<p>T\u00fcrkiye Yelken Federasyonu Yelken Ligi kapsam\u0131nda d\u00fczenlenen IQ Foil 2. Ayak T\u00fcrkiye Ye\u015filay \u015eampiyonas\u0131, Ege\u2019nin \u0130ncisi Didim\u2019de ba\u015far\u0131yla tamamland\u0131.<\/p>\n","protected":false},"author":1,"featured_media":49528,"comment_status":"open","ping_status":"open","sticky":false,"template":"","format":"standard","meta":{"footnotes":""},"categories":[14],"tags":[2927,1985,440,1397],"class_list":["post-49527","post","type-post","status-publish","format-standard","has-post-thumbnail","hentry","category-spor","tag-didim","tag-organizasyon","tag-spor","tag-sporcular"],"_links":{"self":[{"href":"https:\/\/bihavadis.com\/index.php\/wp-json\/wp\/v2\/posts\/49527","targetHints":{"allow":["GET"]}}],"collection":[{"href":"https:\/\/bihavadis.com\/index.php\/wp-json\/wp\/v2\/posts"}],"about":[{"href":"https:\/\/bihavadis.com\/index.php\/wp-json\/wp\/v2\/types\/post"}],"author":[{"embeddable":true,"href":"https:\/\/bihavadis.com\/index.php\/wp-json\/wp\/v2\/users\/1"}],"replies":[{"embeddable":true,"href":"https:\/\/bihavadis.com\/index.php\/wp-json\/wp\/v2\/comments?post=49527"}],"version-history":[{"count":1,"href":"https:\/\/bihavadis.com\/index.php\/wp-json\/wp\/v2\/posts\/49527\/revisions"}],"predecessor-version":[{"id":49529,"href":"https:\/\/bihavadis.com\/index.php\/wp-json\/wp\/v2\/posts\/49527\/revisions\/49529"}],"wp:featuredmedia":[{"embeddable":true,"href":"https:\/\/bihavadis.com\/index.php\/wp-json\/wp\/v2\/media\/49528"}],"wp:attachment":[{"href":"https:\/\/bihavadis.com\/index.php\/wp-json\/wp\/v2\/media?parent=49527"}],"wp:term":[{"taxonomy":"category","embeddable":true,"href":"https:\/\/bihavadis.com\/index.php\/wp-json\/wp\/v2\/categories?post=49527"},{"taxonomy":"post_tag","embeddable":true,"href":"https:\/\/bihavadis.com\/index.php\/wp-json\/wp\/v2\/tags?post=49527"}],"curies":[{"name":"wp","href":"https:\/\/api.w.org\/{rel}","templated":true}]}}