{"id":49561,"date":"2026-02-26T18:03:07","date_gmt":"2026-02-26T18:03:07","guid":{"rendered":"https:\/\/bihavadis.com\/?p=49561"},"modified":"2026-02-26T18:03:07","modified_gmt":"2026-02-26T18:03:07","slug":"salihlide-kaza-bir-olu-bir-yarali","status":"publish","type":"post","link":"https:\/\/bihavadis.com\/index.php\/2026\/02\/26\/salihlide-kaza-bir-olu-bir-yarali\/","title":{"rendered":"Salihli&#8217;de Kaza: Bir \u00d6l\u00fc, Bir Yaral\u0131"},"content":{"rendered":"<p>\n<p>MAN\u0130SA&#8217;n\u0131n Salihli il\u00e7esinde kamyon ile \u00e7arp\u0131\u015fan otomobilin s\u00fcr\u00fcc\u00fcs\u00fc Aydo\u011fan Vatan (44) hayat\u0131n\u0131 kaybetti. Yaralanan kamyon \u015fof\u00f6r\u00fc E.K. (63) hastanede tedaviye al\u0131nd\u0131. <\/p>\n<p> Kaza, saat 03.30 s\u0131ralar\u0131nda Salihli-K\u00f6pr\u00fcba\u015f\u0131 kara yolu Dombayl\u0131 Mahallesi mevkisinde meydana geldi. Aydo\u011fan Vatan y\u00f6netimindeki 10 VL 080 plakal\u0131 otomobil ile kar\u015f\u0131 y\u00f6nden gelen E.K.&#8217;nin kulland\u0131\u011f\u0131 45 TL 919 plakal\u0131 kamyon \u00e7arp\u0131\u015ft\u0131. \u0130hbar \u00fczerine kaza yerine sa\u011fl\u0131k ve jandarma ekipleri sevk edildi. Sa\u011fl\u0131k ekiplerinin kontrol\u00fcnde, otomobil s\u00fcr\u00fcc\u00fcs\u00fc Vatan&#8217;\u0131n hayat\u0131n\u0131 kaybetti\u011fi belirlendi.<\/p>\n<p>Yap\u0131lan incelemelerin ard\u0131ndan Aydo\u011fan Vatan&#8217;\u0131n cans\u0131z bedeni Salihli Devlet Hastanesi morguna g\u00f6t\u00fcr\u00fcld\u00fc. Yaralanan kamyon \u015fof\u00f6r\u00fc E.K. ise ambulansla Salihli Devlet Hastanesi&#8217;ne kald\u0131r\u0131ld\u0131.<\/p>\n<p>Kazaya ili\u015fkin soru\u015fturma ba\u015flat\u0131ld\u0131. <\/p>\n","protected":false},"excerpt":{"rendered":"<p>Salihli&#8217;de otomobil kamyona \u00e7arpt\u0131, s\u00fcr\u00fcc\u00fc Aydo\u011fan Vatan hayat\u0131n\u0131 kaybetti, kamyon \u015fof\u00f6r\u00fc yaraland\u0131.<\/p>\n","protected":false},"author":1,"featured_media":49562,"comment_status":"open","ping_status":"open","sticky":false,"template":"","format":"standard","meta":{"footnotes":""},"categories":[9,4,13],"tags":[],"class_list":["post-49561","post","type-post","status-publish","format-standard","has-post-thumbnail","hentry","category-genel","category-gundem","category-son-dakika"],"_links":{"self":[{"href":"https:\/\/bihavadis.com\/index.php\/wp-json\/wp\/v2\/posts\/49561","targetHints":{"allow":["GET"]}}],"collection":[{"href":"https:\/\/bihavadis.com\/index.php\/wp-json\/wp\/v2\/posts"}],"about":[{"href":"https:\/\/bihavadis.com\/index.php\/wp-json\/wp\/v2\/types\/post"}],"author":[{"embeddable":true,"href":"https:\/\/bihavadis.com\/index.php\/wp-json\/wp\/v2\/users\/1"}],"replies":[{"embeddable":true,"href":"https:\/\/bihavadis.com\/index.php\/wp-json\/wp\/v2\/comments?post=49561"}],"version-history":[{"count":1,"href":"https:\/\/bihavadis.com\/index.php\/wp-json\/wp\/v2\/posts\/49561\/revisions"}],"predecessor-version":[{"id":49563,"href":"https:\/\/bihavadis.com\/index.php\/wp-json\/wp\/v2\/posts\/49561\/revisions\/49563"}],"wp:featuredmedia":[{"embeddable":true,"href":"https:\/\/bihavadis.com\/index.php\/wp-json\/wp\/v2\/media\/49562"}],"wp:attachment":[{"href":"https:\/\/bihavadis.com\/index.php\/wp-json\/wp\/v2\/media?parent=49561"}],"wp:term":[{"taxonomy":"category","embeddable":true,"href":"https:\/\/bihavadis.com\/index.php\/wp-json\/wp\/v2\/categories?post=49561"},{"taxonomy":"post_tag","embeddable":true,"href":"https:\/\/bihavadis.com\/index.php\/wp-json\/wp\/v2\/tags?post=49561"}],"curies":[{"name":"wp","href":"https:\/\/api.w.org\/{rel}","templated":true}]}}