{"id":49577,"date":"2026-02-26T18:15:05","date_gmt":"2026-02-26T18:15:05","guid":{"rendered":"https:\/\/bihavadis.com\/?p=49577"},"modified":"2026-02-26T18:15:05","modified_gmt":"2026-02-26T18:15:05","slug":"bornovada-cocuklari-siddete-karsi-koruma-seferberligi","status":"publish","type":"post","link":"https:\/\/bihavadis.com\/index.php\/2026\/02\/26\/bornovada-cocuklari-siddete-karsi-koruma-seferberligi\/","title":{"rendered":"Bornova&#8217;da \u00e7ocuklar\u0131 \u015fiddete kar\u015f\u0131 koruma seferberli\u011fi"},"content":{"rendered":"<p>\u00c7ocu\u011fa y\u00f6nelik \u015fiddet Bornova Belediyesi\u2019nin ev sahipli\u011finde d\u00fczenlenen panelde masaya yat\u0131r\u0131ld\u0131. Uzmanlar, \u00e7ocuklar\u0131n korunmas\u0131nda hem psikososyal hem de hukuki boyutun birlikte ele al\u0131nmas\u0131n\u0131n \u00f6nemine dikkat \u00e7ekti. Bornova Belediye Ba\u015fkan\u0131 \u00d6mer E\u015fki, \u00e7ocuklar\u0131n korunmas\u0131n\u0131n yaln\u0131zca hukuki de\u011fil, toplumsal bir sorumluluk oldu\u011funu s\u00f6yledi.<\/p>\n<p><b>\u00c7ocuklar\u0131n korunmas\u0131nda psikososyal destek s\u00fcreci<\/b><\/p>\n<p>U\u011fur Mumcu K\u00fclt\u00fcr Merkezi \u00c7ok Ama\u00e7l\u0131 Salon\u2019da \u201c\u00c7ocuk Koruma ve \u00c7ocu\u011fa Y\u00f6nelik \u015eiddet Alan\u0131nda T\u00fcrkiye\u2019deki Yasal \u00c7er\u00e7eve ve Ba\u015fvuru Mekanizmalar\u0131\u201d ba\u015fl\u0131\u011f\u0131yla d\u00fczenlenen panelin ilk oturumunda konu\u015fan Psikolog Merve Aydo\u011fanlar, \u00e7ocuk kavram\u0131n\u0131 hem geli\u015fimsel hem de hukuki a\u00e7\u0131dan ele alarak, \u201c\u00c7ocuk yaln\u0131zca ya\u015fa g\u00f6re de\u011fil, geli\u015fimsel ihtiya\u00e7lar\u0131 ve korunma gereksinimi \u00fczerinden de\u011ferlendirilmelidir\u201d vurgusunu yapt\u0131<\/p>\n<p>Aydo\u011fanlar sunumunda; \u00c7ocuklar\u0131n temel ihtiya\u00e7lar\u0131n\u0131, \u00e7ocuk ihmali ve istismar\u0131 kavramlar\u0131n\u0131, ihmal ve istismar t\u00fcrlerini, ilk ba\u015fvuru mekanizmalar\u0131n\u0131, \u00e7ocuk koruma sisteminde psikososyal destek s\u00fcrecini,<\/p>\n<p>risk tespiti ile koruyucu-\u00f6nleyici yakla\u015f\u0131mlar\u0131 ayr\u0131nt\u0131l\u0131 bi\u00e7imde anlatt\u0131. \u00d6zellikle erken risk tespiti ve do\u011fru ba\u015fvuru mekanizmalar\u0131n\u0131n i\u015fletilmesinin, \u00e7ocu\u011fun \u00f6rselenmeden korunmas\u0131nda hayati rol oynad\u0131\u011f\u0131n\u0131 belirtti.<\/p>\n<p><b>\u00c7ocuklar\u0131n korunmas\u0131ndaki hukuki \u00e7er\u00e7eve<\/b><\/p>\n<p>Panelin ikinci oturumunda ise Avukat Bahar Do\u011fan, \u00e7ocuklar\u0131n korunmas\u0131na ili\u015fkin yasal d\u00fczenlemeleri kapsaml\u0131 bi\u00e7imde de\u011ferlendirdi.<\/p>\n<p>Do\u011fan; 5237 say\u0131l\u0131 T\u00fcrk Ceza Kanunu kapsam\u0131nda \u00e7ocuklar\u0131n korunmas\u0131n\u0131, 5395 say\u0131l\u0131 \u00c7ocuk Koruma Kanunu\u2019nu, bildirim y\u00fck\u00fcml\u00fcl\u00fc\u011f\u00fc ve sorumluluklar\u0131, ceza yarg\u0131lamas\u0131nda soru\u015fturma ve kovu\u015fturma s\u00fcre\u00e7lerini, \u00e7ocuklar\u0131n cezai sorumluluklar\u0131n\u0131, \u00e7ocu\u011fun cinsel istismar\u0131 kavram\u0131n\u0131, cinsel istismar vakalar\u0131nda ba\u015fvuru ve bildirim yollar\u0131n\u0131, cinsel su\u00e7larda \u00e7ocu\u011fun \u00f6rselenmemesine y\u00f6nelik uygulamalar\u0131 ele ald\u0131.<\/p>\n<p>Bahar Do\u011fan, \u00f6zellikle bildirim y\u00fck\u00fcml\u00fcl\u00fc\u011f\u00fcn\u00fcn yaln\u0131zca kurumlara de\u011fil, su\u00e7u \u00f6\u011frenen herkese ait bir sorumluluk oldu\u011funa dikkat \u00e7ekerek, cinsel istismar vakalar\u0131nda h\u0131zl\u0131 ve do\u011fru ba\u015fvurunun \u00e7ocu\u011fun korunmas\u0131nda belirleyici oldu\u011funu ifade etti.<\/p>\n<p><b>\u00a0Soru-cevap b\u00f6l\u00fcm\u00fc<\/b><\/p>\n<p><b>\u00a0<\/b>Zaman y\u00f6netimine ba\u011fl\u0131 olarak ger\u00e7ekle\u015ftirilen soru-cevap b\u00f6l\u00fcm\u00fcnde kat\u0131l\u0131mc\u0131lar\u0131n sorular\u0131 al\u0131nd\u0131, uzmanlar sahadaki uygulamalara dair g\u00f6r\u00fc\u015flerini payla\u015ft\u0131.<\/p>\n<p><b>\u00a0Ba\u015fkan E\u015fki: \u201c\u00c7ocuklar\u0131n g\u00fcvenli\u011fi ortak sorumlulu\u011fumuz\u201d<\/b><\/p>\n<p>Bornova Belediye Ba\u015fkan\u0131 \u00d6mer E\u015fki, \u00e7ocuklar\u0131n korunmas\u0131n\u0131n yaln\u0131zca hukuki de\u011fil, toplumsal bir sorumluluk oldu\u011funu belirterek, \u201c\u00c7ocuklar\u0131m\u0131z\u0131n g\u00fcvenli, sa\u011fl\u0131kl\u0131 ve \u015fiddetten uzak bir ortamda b\u00fcy\u00fcmesi i\u00e7in hem bilin\u00e7lenmeye hem de g\u00fc\u00e7l\u00fc bir kurumsal i\u015f birli\u011fine ihtiyac\u0131m\u0131z var. Yerel y\u00f6netim olarak bu alandaki fark\u0131ndal\u0131k \u00e7al\u0131\u015fmalar\u0131n\u0131 art\u0131rmaya devam edece\u011fiz\u201d dedi.<\/p>\n<p>\u00a0<\/p>\n<p>Kaynak: (BYZHA) Beyaz Haber Ajans\u0131<\/p>\n","protected":false},"excerpt":{"rendered":"<p>\u00c7ocu\u011fa y\u00f6nelik \u015fiddet Bornova Belediyesi\u2019nin ev sahipli\u011finde d\u00fczenlenen panelde masaya yat\u0131r\u0131ld\u0131.<\/p>\n","protected":false},"author":1,"featured_media":49578,"comment_status":"open","ping_status":"open","sticky":false,"template":"","format":"standard","meta":{"footnotes":""},"categories":[11],"tags":[239,242,255,6074,117],"class_list":["post-49577","post","type-post","status-publish","format-standard","has-post-thumbnail","hentry","category-saglik","tag-basvuru","tag-cocuk","tag-cocuklarin","tag-istismar","tag-korunma"],"_links":{"self":[{"href":"https:\/\/bihavadis.com\/index.php\/wp-json\/wp\/v2\/posts\/49577","targetHints":{"allow":["GET"]}}],"collection":[{"href":"https:\/\/bihavadis.com\/index.php\/wp-json\/wp\/v2\/posts"}],"about":[{"href":"https:\/\/bihavadis.com\/index.php\/wp-json\/wp\/v2\/types\/post"}],"author":[{"embeddable":true,"href":"https:\/\/bihavadis.com\/index.php\/wp-json\/wp\/v2\/users\/1"}],"replies":[{"embeddable":true,"href":"https:\/\/bihavadis.com\/index.php\/wp-json\/wp\/v2\/comments?post=49577"}],"version-history":[{"count":1,"href":"https:\/\/bihavadis.com\/index.php\/wp-json\/wp\/v2\/posts\/49577\/revisions"}],"predecessor-version":[{"id":49579,"href":"https:\/\/bihavadis.com\/index.php\/wp-json\/wp\/v2\/posts\/49577\/revisions\/49579"}],"wp:featuredmedia":[{"embeddable":true,"href":"https:\/\/bihavadis.com\/index.php\/wp-json\/wp\/v2\/media\/49578"}],"wp:attachment":[{"href":"https:\/\/bihavadis.com\/index.php\/wp-json\/wp\/v2\/media?parent=49577"}],"wp:term":[{"taxonomy":"category","embeddable":true,"href":"https:\/\/bihavadis.com\/index.php\/wp-json\/wp\/v2\/categories?post=49577"},{"taxonomy":"post_tag","embeddable":true,"href":"https:\/\/bihavadis.com\/index.php\/wp-json\/wp\/v2\/tags?post=49577"}],"curies":[{"name":"wp","href":"https:\/\/api.w.org\/{rel}","templated":true}]}}