{"id":49596,"date":"2026-02-26T18:30:08","date_gmt":"2026-02-26T18:30:08","guid":{"rendered":"https:\/\/bihavadis.com\/?p=49596"},"modified":"2026-02-26T18:30:08","modified_gmt":"2026-02-26T18:30:08","slug":"kadin-a-milli-takiminin-malta-ve-kuzey-irlanda-maclari-kadrosu-belirlendi","status":"publish","type":"post","link":"https:\/\/bihavadis.com\/index.php\/2026\/02\/26\/kadin-a-milli-takiminin-malta-ve-kuzey-irlanda-maclari-kadrosu-belirlendi\/","title":{"rendered":"Kad\u0131n A Milli Tak\u0131m\u0131\u2019n\u0131n Malta ve Kuzey \u0130rlanda ma\u00e7lar\u0131 kadrosu belirlendi"},"content":{"rendered":"<p>2027 FIFA Kad\u0131nlar D\u00fcnya Kupas\u0131 Avrupa Elemeleri B Ligi 2. Grup&#8217;ta m\u00fccadele eden Kad\u0131n A Milli Tak\u0131m\u0131, ma\u00e7 maratonuna bu hafta sonu ba\u015fl\u0131yor.<\/p>\n<p>3 Mart Sal\u0131 g\u00fcn\u00fc Pendik Stad\u0131&#8217;nda saat 17.00&#8217;de oynanacak ma\u00e7ta Malta&#8217;y\u0131 konuk edecek Milliler, 7 Mart Cumartesi g\u00fcn\u00fc Belfast&#8217;taki m\u00fccadelede, Kuzey \u0130rlanda&#8217;ya konuk olacak.<\/p>\n<p>Bu ma\u00e7lar\u0131n aday kadrosu, teknik direkt\u00f6r Necla G\u00fcng\u00f6r K\u0131ragas\u0131 taraf\u0131ndan a\u00e7\u0131kland\u0131.<\/p>\n<p><strong>21 \u015eUBAT&#8217;TA TOPLANACAKLAR<\/strong><\/p>\n<p>21 \u015eubat Cumartesi g\u00fcn\u00fc Hasan Do\u011fan Milli Tak\u0131mlar Kamp ve E\u011fitim Tesisleri&#8217;nde toplanacak Ay-Y\u0131ld\u0131zl\u0131lar, haz\u0131rl\u0131klar\u0131n\u0131 Malta ma\u00e7\u0131na kadar burada s\u00fcrd\u00fcrecek.<\/p>\n<p>Yurt d\u0131\u015f\u0131nda forma giyen oyuncular Miray Cin, Kader Han\u00e7ar, Vildan Karde\u015fler, Selen Altunkulak ve Halle Houssein, FIFA takviminin ba\u015flang\u0131\u00e7 tarihi olan 24 \u015eubat 2026 tarihinde kampa kat\u0131lacak.<\/p>\n<p><strong>ADAY KADRO<\/strong><\/p>\n<p>Teknik Direkt\u00f6r Necla G\u00fcng\u00f6r K\u0131ragas\u0131 taraf\u0131ndan a\u00e7\u0131klanan Kad\u0131n A Milli Tak\u0131m\u0131\u2019n\u0131n 27 ki\u015filik geni\u015f kadrosunda \u015fu isimler yer al\u0131yor:<\/p>\n<p><em><b>Kaleciler: <\/b><\/em>Selda Akg\u00f6z (Ankara B\u00fcy\u00fck\u015fehir Belediyesi Fomget SK), Ezgi \u00c7a\u011flar (Be\u015fikta\u015f JK Kad\u0131n Futbol Tak\u0131m\u0131), Gamze Nur Yaman (Trabzonspor), G\u00f6knur G\u00fclery\u00fcz (Fenerbah\u00e7e Kad\u0131n Futbol Tak\u0131m\u0131)<\/p>\n<p><em><b>Defans:<\/b><\/em> \u0130layda Cansu Kara (Coastal Carolina Women&#8217;s Soccer), \u0130pek Kaya (Fenerbah\u00e7e Kad\u0131n Futbol Tak\u0131m\u0131), G\u00fclbin H\u0131z, \u0130layda Civelek, Cansu Nur Kaya (Be\u015fikta\u015f JK Kad\u0131n Futbol Tak\u0131m\u0131), Kezban Ta\u011f, Eda Karata\u015f, Elif Keskin (Galatasaray), Meryem K\u00fc\u00e7\u00fckbirinci (Hakkarig\u00fcc\u00fc Spor),<\/p>\n<p><em><b>Orta Saha: <\/b><\/em>Ebru Top\u00e7u (Galatasaray), Ba\u015fak \u0130\u00e7in\u00f6zbebek (Ankara B\u00fcy\u00fck\u015fehir Belediyesi Fomget SK), Derya Arhan (Y\u00fcksekova Spor Kul\u00fcb\u00fc), Halle Houssein (West Ham United), Miray Cin (Borussia M\u00f6nchengladbach), Ece T\u00fcrko\u011flu (Fenerbah\u00e7e Kad\u0131n Futbol Tak\u0131m\u0131), Selen G\u00fcl Altunkulak (FC Toulouse)<\/p>\n<p><em><b>Forvet: <\/b><\/em>Arzu Karabulut (Ankara B\u00fcy\u00fck\u015fehir Belediyesi Fomget SK), Busem \u015eeker (Fenerbah\u00e7e Kad\u0131n Futbol Tak\u0131m\u0131), Birg\u00fcl Sad\u0131ko\u011flu (Trabzonspor), Melike \u00d6zt\u00fcrk, Melike Pekel (Galatasaray), Kader Han\u00e7ar (Club Tijuana), Vildan Karde\u015fler (Hamburg SV)<\/p>\n<p><img decoding=\"async\" src=\"https:\/\/bihavadis.com\/wp-content\/uploads\/2026\/02\/kadin-a-milli-takiminin-malta-ve-kuzey-irlanda-maclari-kadrosu-belirlendi-0-c6KfWmEj.jpg\"\/><\/p>\n","protected":false},"excerpt":{"rendered":"<p>Kad\u0131n A Milli Tak\u0131m\u0131\u2019n\u0131n 2027 FIFA Kad\u0131nlar D\u00fcnya Kupas\u0131 Avrupa Elemeleri B Ligi 2. Grup&#8217;ta oynayaca\u011f\u0131 Malta ve Kuzey \u0130rlanda ma\u00e7lar\u0131 kadrosu belli oldu.<\/p>\n","protected":false},"author":1,"featured_media":49597,"comment_status":"open","ping_status":"open","sticky":false,"template":"","format":"standard","meta":{"footnotes":""},"categories":[14],"tags":[6065],"class_list":["post-49596","post","type-post","status-publish","format-standard","has-post-thumbnail","hentry","category-spor","tag-kadin-futbol-takimi"],"_links":{"self":[{"href":"https:\/\/bihavadis.com\/index.php\/wp-json\/wp\/v2\/posts\/49596","targetHints":{"allow":["GET"]}}],"collection":[{"href":"https:\/\/bihavadis.com\/index.php\/wp-json\/wp\/v2\/posts"}],"about":[{"href":"https:\/\/bihavadis.com\/index.php\/wp-json\/wp\/v2\/types\/post"}],"author":[{"embeddable":true,"href":"https:\/\/bihavadis.com\/index.php\/wp-json\/wp\/v2\/users\/1"}],"replies":[{"embeddable":true,"href":"https:\/\/bihavadis.com\/index.php\/wp-json\/wp\/v2\/comments?post=49596"}],"version-history":[{"count":1,"href":"https:\/\/bihavadis.com\/index.php\/wp-json\/wp\/v2\/posts\/49596\/revisions"}],"predecessor-version":[{"id":49599,"href":"https:\/\/bihavadis.com\/index.php\/wp-json\/wp\/v2\/posts\/49596\/revisions\/49599"}],"wp:featuredmedia":[{"embeddable":true,"href":"https:\/\/bihavadis.com\/index.php\/wp-json\/wp\/v2\/media\/49597"}],"wp:attachment":[{"href":"https:\/\/bihavadis.com\/index.php\/wp-json\/wp\/v2\/media?parent=49596"}],"wp:term":[{"taxonomy":"category","embeddable":true,"href":"https:\/\/bihavadis.com\/index.php\/wp-json\/wp\/v2\/categories?post=49596"},{"taxonomy":"post_tag","embeddable":true,"href":"https:\/\/bihavadis.com\/index.php\/wp-json\/wp\/v2\/tags?post=49596"}],"curies":[{"name":"wp","href":"https:\/\/api.w.org\/{rel}","templated":true}]}}