{"id":49613,"date":"2026-02-26T18:45:04","date_gmt":"2026-02-26T18:45:04","guid":{"rendered":"https:\/\/bihavadis.com\/?p=49613"},"modified":"2026-02-26T18:45:04","modified_gmt":"2026-02-26T18:45:04","slug":"izmir-seninle-ile-genclere-guclu-kariyer-koprusu","status":"publish","type":"post","link":"https:\/\/bihavadis.com\/index.php\/2026\/02\/26\/izmir-seninle-ile-genclere-guclu-kariyer-koprusu\/","title":{"rendered":"&#8220;\u0130zmir Seninle&#8221; ile gen\u00e7lere g\u00fc\u00e7l\u00fc kariyer k\u00f6pr\u00fcs\u00fc"},"content":{"rendered":"<p>\u0130zmir B\u00fcy\u00fck\u015fehir Belediyesi\u2019nin \u0130zmir Seninle Program\u0131 kapsam\u0131nda d\u00fczenlenen \u0130\u015f A\u011f\u0131 Geli\u015ftirme Bulu\u015fmas\u0131\u2019nda gen\u00e7ler, i\u015f d\u00fcnyas\u0131n\u0131n liderleriyle bir araya gelerek profesyonel a\u011flar\u0131n\u0131 g\u00fc\u00e7lendirdi.<\/p>\n<p>\u0130zmir B\u00fcy\u00fck\u015fehir Belediyesi Kad\u0131n ve Aile Hizmetleri Dairesi Ba\u015fkanl\u0131\u011f\u0131\u2019na ba\u011fl\u0131 Gen\u00e7lik \u00c7al\u0131\u015fmalar\u0131 \u015eube M\u00fcd\u00fcrl\u00fc\u011f\u00fc taraf\u0131ndan y\u00fcr\u00fct\u00fclen \u0130zmir Seninle Program\u0131 kapsam\u0131nda organize edilen \u201c\u0130\u015f A\u011f\u0131 Geli\u015ftirme Bulu\u015fmas\u0131\u201d Tarihi Havagaz\u0131 Fabrikas\u0131\u2019nda ger\u00e7ekle\u015ftirildi. \u0130zmir B\u00fcy\u00fck\u015fehir Belediyesi Ba\u015fkan Vekili Dr. Zafer Levent Y\u0131ld\u0131r\u2019\u0131n kat\u0131ld\u0131\u011f\u0131 etkinlikte gen\u00e7ler ile \u0130zmir\u2019in i\u015f insanlar\u0131 bir araya geldi. Gen\u00e7lerin profesyonel a\u011flar\u0131n\u0131 geni\u015fletmesini, kariyer hedeflerini netle\u015ftirmesini ve i\u015f d\u00fcnyas\u0131n\u0131n deneyimli liderlerinden ilham almas\u0131n\u0131 ama\u00e7layan programa yo\u011fun ilgi g\u00f6sterildi. Gen\u00e7lerin yaln\u0131zca \u201ci\u015f arayan\u201d kimli\u011fiyle de\u011fil, sahip olduklar\u0131 potansiyel, yetkinlik ve \u00fcretme g\u00fcc\u00fcyle i\u015f d\u00fcnyas\u0131n\u0131n kar\u015f\u0131s\u0131na \u00e7\u0131kt\u0131\u011f\u0131 bulu\u015fmada; kar\u015f\u0131l\u0131kl\u0131 etkile\u015fimin daha nitelikli, daha s\u00fcrd\u00fcr\u00fclebilir ve daha anlaml\u0131 hale getirilmesi ama\u00e7land\u0131.<\/p>\n<p>Etkinli\u011fe CHP \u0130zmir Milletvekili \u00dcmit \u00d6zlale, \u0130zmir B\u00fcy\u00fck\u015fehir Belediyesi Genel Sekreter Yard\u0131mc\u0131s\u0131 Prof. Dr. P\u0131nar Okyay, \u0130zmir B\u00fcy\u00fck\u015fehir Belediyesi E\u015frefpa\u015fa Hastanesi Ba\u015fhekimi Do\u00e7. Dr. Ba\u015fak Bayram ve i\u015f d\u00fcnyas\u0131n\u0131n temsilcileri kat\u0131ld\u0131.<\/p>\n<p><strong>\u201cGen\u00e7lerin dinamikli\u011finin \u00fcretkenli\u011fe d\u00f6n\u00fc\u015fmesi boynumuzun borcu\u201d<\/strong><\/p>\n<p>Program\u0131n a\u00e7\u0131l\u0131\u015f konu\u015fmas\u0131n\u0131 yapan \u0130zmir B\u00fcy\u00fck\u015fehir Belediyesi Ba\u015fkan Vekili Dr. Zafer Levent Y\u0131ld\u0131r, s\u00fcrd\u00fcr\u00fclebilirlik kavram\u0131n\u0131n yaln\u0131zca s\u00f6ylemde kalmamas\u0131 gerekti\u011fine dikkat \u00e7ekerek \u201cS\u00fcrd\u00fcr\u00fclebilir bir ya\u015fam, toplum ve d\u00fcnya ancak insana yap\u0131lan yat\u0131r\u0131mla m\u00fcmk\u00fcn. \u0130nsan\u0131n d\u00fcnyay\u0131 alg\u0131lamas\u0131n\u0131 de\u011fi\u015ftirmekle m\u00fcmk\u00fcn. Bundan dolay\u0131 bu projeyi \u00e7ok \u00f6nemsiyorum. Kat\u0131l\u0131mc\u0131lara, bu konuda katk\u0131 veren herkese, ment\u00f6rlere, gen\u00e7lerimize \u00e7ok te\u015fekk\u00fcr ediyorum. Gen\u00e7lerimiz toplumun en dinamik kesimini olu\u015fturuyor. Bu dinamikli\u011fin yarat\u0131c\u0131l\u0131\u011fa, \u00fcretkenli\u011fe d\u00f6n\u00fc\u015fmesini sa\u011flamak hepimizin boynunun borcu olmal\u0131\u201d dedi.<\/p>\n<p><strong>Ba\u015fkan Tugay\u2019a te\u015fekk\u00fcr<\/strong><\/p>\n<p>Program \u00e7er\u00e7evesinde \u201c\u0130\u015f D\u00fcnyas\u0131 Gen\u00e7lerden Ne Bekliyor?\u201d ba\u015fl\u0131kl\u0131 panel de d\u00fczenlendi. Program\u0131n payda\u015f\u0131 olan Bilim Vir\u00fcs\u00fc\u2019n\u00fcn Kurucusu \u015eule Y\u00fcceb\u0131y\u0131k\u2019\u0131n moderat\u00f6rl\u00fc\u011f\u00fcnde yap\u0131lan panele; Ege Gen\u00e7 \u0130\u015f \u0130nsanlar\u0131 Derne\u011fi Y\u00f6netim Kurulu Ba\u015fkan\u0131 Kaan \u00d6zhelvac\u0131, \u0130nci Vakf\u0131 G\u00fc\u00e7 Kayna\u011f\u0131 Ece Elbirlik \u00dcrkmez ve TA\u0130DER Aile \u0130\u015fletmeleri Derne\u011fi Y\u00f6netim Kurulu Ba\u015fkan\u0131 G\u00fclfem Yorganc\u0131lar Per\u00e7in konu\u015fmac\u0131 olarak kat\u0131ld\u0131.<\/p>\n<p>\u0130zmir Seninle program\u0131n\u0131n uygulama a\u015famalar\u0131ndan s\u00f6z eden \u015eule Y\u00fcceb\u0131y\u0131k\u2019\u0131n sorular\u0131n\u0131 yan\u0131tlayan panelistler, s\u00f6zlerine ne e\u011fitimde ne istihdamda olan (NEET) gen\u00e7ler i\u00e7in yarat\u0131lan olanaklardan dolay\u0131 \u0130zmir B\u00fcy\u00fck\u015fehir Belediye Ba\u015fkan\u0131 Dr. Cemil Tugay\u2019a te\u015fekk\u00fcr ederek ba\u015flad\u0131. Kaan \u00d6zhelvac\u0131, i\u015f d\u00fcnyas\u0131nda yapay zek\u00e2n\u0131n etkisinden s\u00f6z etti. Yapay zek\u00e2y\u0131 i\u015f kolayla\u015ft\u0131ran bir yol arkada\u015f\u0131 olarak g\u00f6rmek gerekti\u011fini ifade eden \u00d6zhelvac\u0131, kariyerinin ba\u015f\u0131nda olan gen\u00e7lere \u00e7a\u011fa ayak uydurmak i\u00e7in g\u00fcncel geli\u015fmeleri \u00e7ok iyi takip etmelerini tavsiye etti. \u00d6zhelvac\u0131 ayr\u0131ca gen\u00e7lerin bili\u015fsel olarak i\u015f d\u00fcnyas\u0131n\u0131n gereksinimlerini kar\u015f\u0131lad\u0131\u011f\u0131n\u0131 ancak sosyal ileti\u015fim konusunda kendilerini geli\u015ftirmesi gerekti\u011fini de s\u00f6zlerine ekledi. Ece Elbirlik \u00dcrkmez ise i\u015fverenler ile \u00e7al\u0131\u015fanlar aras\u0131ndaki ba\u011f\u0131n daha kuvvetli h\u00e2le getirilmesi gerekti\u011fini s\u00f6yledi. \u00dcrkmez bunun yan\u0131 s\u0131ra teknolojik geli\u015fmeler ne kadar h\u0131zlan\u0131rsa h\u0131zlans\u0131n as\u0131l ba\u015far\u0131y\u0131 daha fazla okuman\u0131n ve \u00f6zg\u00fcn \u00fcretimin getirece\u011fini vurgulad\u0131. G\u00fclfem Yorganc\u0131lar Per\u00e7in de i\u015f ya\u015fam\u0131nda kar\u015f\u0131l\u0131kl\u0131 g\u00fcvenin in\u015fa edilmesinin \u00f6nemli oldu\u011funun alt\u0131n\u0131 \u00e7izerek gen\u00e7lere, ele\u015ftirileri ki\u015fisel alg\u0131lamamalar\u0131n\u0131 ve asla vazge\u00e7memelerini \u00f6nerdi.<\/p>\n<p><strong>\u201cHepimizin Hik\u00e2yesi\u201d<\/strong><\/p>\n<p>Bulu\u015fmada etkile\u015fimli \u0131s\u0131nma, odakl\u0131 e\u015fle\u015fme-i\u015f a\u011f\u0131 g\u00f6r\u00fc\u015fmeleri oturumlar\u0131 yap\u0131ld\u0131. Bu kapsamda gen\u00e7ler ile i\u015f d\u00fcnyas\u0131 temsilcileri aras\u0131nda yap\u0131land\u0131r\u0131lm\u0131\u015f, k\u0131sa s\u00fcreli ve odakl\u0131 birebir g\u00f6r\u00fc\u015fmeler organize edildi. Gen\u00e7ler, \u00f6n haz\u0131rl\u0131kla kendilerini tan\u0131tt\u0131, i\u015f insanlar\u0131yla zaman y\u00f6netimi esasl\u0131, verimli etkile\u015fimler kurdu. Ayr\u0131ca kat\u0131l\u0131mc\u0131lar\u0131n aktif kat\u0131l\u0131m\u0131yla y\u00fcr\u00fct\u00fclen, birlikte \u00fcretmeyi ve etkile\u015fimi g\u00fc\u00e7lendiren \u201cHepimizin Hik\u00e2yesi\u201d ad\u0131yla k\u0131sa kapan\u0131\u015f uygulamas\u0131yla program sonland\u0131.<\/p>\n<p><strong>\u0130zmir Seninle Program\u0131 hakk\u0131nda<\/strong><\/p>\n<p>\u0130zmir Seninle Program\u0131; Bilim Vir\u00fcs\u00fc ve \u0130zmir B\u00fcy\u00fck\u015fehir Belediyesi i\u015f birli\u011fiyle, ne e\u011fitimde ne istihdamda olan (NEET) 22-28 ya\u015f aras\u0131 gen\u00e7leri i\u015f d\u00fcnyas\u0131na haz\u0131rlamak, 21\u2019inci y\u00fczy\u0131l becerileri konusunda g\u00fc\u00e7lendirmek, profesyonel kimlik geli\u015ftirmelerini desteklemek ve bilin\u00e7li kariyer se\u00e7imleri yapmalar\u0131na rehberlik etmek amac\u0131yla tasarland\u0131. Program a\u015famalar\u0131; Oryantasyon Bulu\u015fmas\u0131, \u00d6\u011frenme Program\u0131, M\u00fclakat Sim\u00fclasyonu, Ment\u00f6rl\u00fck Program\u0131, \u0130\u015f A\u011f\u0131 Geli\u015ftirme Bulu\u015fmas\u0131 \u015feklinde planland\u0131 ve kademeli olarak uyguland\u0131.<\/p>\n<p>\u00a0<\/p>\n<p>\u00a0<\/p>\n<p>Kaynak: (BYZHA) Beyaz Haber Ajans\u0131<\/p>\n","protected":false},"excerpt":{"rendered":"<p>\u0130zmir B\u00fcy\u00fck\u015fehir Belediyesi\u2019nin \u0130zmir Seninle Program\u0131 kapsam\u0131nda d\u00fczenlenen \u0130\u015f A\u011f\u0131 Geli\u015ftirme Bulu\u015fmas\u0131\u2019nda gen\u00e7ler, i\u015f d\u00fcnyas\u0131n\u0131n liderleriyle bir araya gelerek profesyonel a\u011flar\u0131n\u0131 g\u00fc\u00e7lendirdi.<\/p>\n","protected":false},"author":1,"featured_media":49614,"comment_status":"open","ping_status":"open","sticky":false,"template":"","format":"standard","meta":{"footnotes":""},"categories":[8],"tags":[516,437,1205,395,2127],"class_list":["post-49613","post","type-post","status-publish","format-standard","has-post-thumbnail","hentry","category-ekonomi","tag-baskan","tag-dunya","tag-gencler","tag-is","tag-program"],"_links":{"self":[{"href":"https:\/\/bihavadis.com\/index.php\/wp-json\/wp\/v2\/posts\/49613","targetHints":{"allow":["GET"]}}],"collection":[{"href":"https:\/\/bihavadis.com\/index.php\/wp-json\/wp\/v2\/posts"}],"about":[{"href":"https:\/\/bihavadis.com\/index.php\/wp-json\/wp\/v2\/types\/post"}],"author":[{"embeddable":true,"href":"https:\/\/bihavadis.com\/index.php\/wp-json\/wp\/v2\/users\/1"}],"replies":[{"embeddable":true,"href":"https:\/\/bihavadis.com\/index.php\/wp-json\/wp\/v2\/comments?post=49613"}],"version-history":[{"count":1,"href":"https:\/\/bihavadis.com\/index.php\/wp-json\/wp\/v2\/posts\/49613\/revisions"}],"predecessor-version":[{"id":49615,"href":"https:\/\/bihavadis.com\/index.php\/wp-json\/wp\/v2\/posts\/49613\/revisions\/49615"}],"wp:featuredmedia":[{"embeddable":true,"href":"https:\/\/bihavadis.com\/index.php\/wp-json\/wp\/v2\/media\/49614"}],"wp:attachment":[{"href":"https:\/\/bihavadis.com\/index.php\/wp-json\/wp\/v2\/media?parent=49613"}],"wp:term":[{"taxonomy":"category","embeddable":true,"href":"https:\/\/bihavadis.com\/index.php\/wp-json\/wp\/v2\/categories?post=49613"},{"taxonomy":"post_tag","embeddable":true,"href":"https:\/\/bihavadis.com\/index.php\/wp-json\/wp\/v2\/tags?post=49613"}],"curies":[{"name":"wp","href":"https:\/\/api.w.org\/{rel}","templated":true}]}}