{"id":49626,"date":"2026-02-26T18:54:04","date_gmt":"2026-02-26T18:54:04","guid":{"rendered":"https:\/\/bihavadis.com\/?p=49626"},"modified":"2026-02-26T18:54:04","modified_gmt":"2026-02-26T18:54:04","slug":"izmirin-yeni-baslangiclara-acilan-kapisi-meslek-fabrikasi","status":"publish","type":"post","link":"https:\/\/bihavadis.com\/index.php\/2026\/02\/26\/izmirin-yeni-baslangiclara-acilan-kapisi-meslek-fabrikasi\/","title":{"rendered":"\u0130zmir&#8217;in yeni ba\u015flang\u0131\u00e7lara a\u00e7\u0131lan kap\u0131s\u0131: Meslek Fabrikas\u0131"},"content":{"rendered":"<p>\u0130zmir B\u00fcy\u00fck\u015fehir Belediyesi Meslek Fabrikas\u0131, kap\u0131s\u0131ndan giren her kursiyer i\u00e7in umudun, cesaretin ve d\u00f6n\u00fc\u015f\u00fcm\u00fcn simgesi oluyor. Binlerce ki\u015finin istihdam edilmesini, kendi i\u015fini kurmas\u0131n\u0131 ve farkl\u0131 alanlarda geli\u015fmesini sa\u011flayan Meslek Fabrikas\u0131, \u0130zmirlilerin yazd\u0131\u011f\u0131 ba\u015far\u0131 hik\u00e2yelerinin mimar\u0131 oluyor.<\/p>\n<p>\u0130zmir B\u00fcy\u00fck\u015fehir Belediyesi Meslek Fabrikas\u0131 kuruldu\u011fu g\u00fcnden bu yana 29 merkezde, 5 bin 800 kursta, tam 145 bin 77 kursiyere umut oldu. Kursiyerlerin kimi istihdam kap\u0131s\u0131n\u0131 aralad\u0131, kimi kendi i\u015fini kurdu. Tarihi binadaki Halkap\u0131nar Kurs Merkezi ise adeta tarih yazd\u0131. 2016\u2019dan bu yana 531 kurstan 13 bin 149 kursiyer mezuniyet belgesi ald\u0131.<\/p>\n<p>Meslek Fabrikas\u0131\u2019nda a\u00e7\u0131lan yeni bir kap\u0131 da Dijital Gen\u00e7lik Merkezi oldu. Halkap\u0131nar Kurs Merkezi\u2019nde yer alan merkezde 2025 y\u0131l\u0131n\u0131n \u015fubat ay\u0131ndan bu yana 385 gen\u00e7, gelece\u011fin d\u00fcnyas\u0131na dijital yetkinliklerle haz\u0131rland\u0131. \u0130zmir\u2019in i\u015f, a\u015f ve umut \u00fcreten fabrikas\u0131, merkezi Halkap\u0131nar Kurs Merkezi\u2019nde bulunan \u0130stihdam\u0131 Geli\u015ftirme ve Destekleme Birimi arac\u0131l\u0131\u011f\u0131yla da 37 bin 44 ki\u015fiyi a\u00e7\u0131k i\u015f ilan\u0131 bulunan firmalara y\u00f6nlendirdi. Bu kapsamda 2 bin 694 ki\u015fi hayata yeni bir ba\u015flang\u0131\u00e7 yapt\u0131. \u0130zmir B\u00fcy\u00fck\u015fehir Belediyesi Meslek Fabrikas\u0131 \u015eube M\u00fcd\u00fcrl\u00fc\u011f\u00fc\u2019n\u00fcn en b\u00fcy\u00fck motivasyonu ise rakamlar de\u011fil, hayatlar\u0131na dokunduklar\u0131 \u0130zmirliler oldu.<\/p>\n<p><strong>\u201cSa\u011flanan fayda, ba\u015far\u0131 hik\u00e2yelerinde gizli\u201d<\/strong><\/p>\n<p>Meslek Fabrikas\u0131 \u015eube M\u00fcd\u00fcr\u00fc Zeki Kap\u0131, \u201cMerkezlerimizde 35 alan, 215 farkl\u0131 bran\u015fta mesleki ve teknik e\u011fitim faaliyetlerini s\u00fcrd\u00fcr\u00fcyoruz. Halkap\u0131nar Kurs Merkezi, bize ait merkezlerden sadece bir tanesi ancak bizim en merkezi noktam\u0131z. Buras\u0131 10 y\u0131ld\u0131r kentin istihdam\u0131na katk\u0131 sa\u011fl\u0131yor. Ayn\u0131 zamanda en fazla bran\u015fta kurs verdi\u011fimiz merkez olma \u00f6zelli\u011fine sahip. Barista, pastac\u0131l\u0131k, ileri Excel, \u00f6n muhasebe, m\u00fclakat teknikleri, tekstil gibi bran\u015flarda e\u011fitimlerimiz aktif bir \u015fekilde devam ediyor. \u00c7al\u0131\u015fmalar\u0131m\u0131z\u0131 gen\u00e7 ve kad\u0131n kursiyer odakl\u0131 s\u00fcrd\u00fcr\u00fcyoruz. Meslek Fabrikas\u0131 olarak sadece e\u011fitim vermiyoruz, yurtta\u015flar\u0131m\u0131z\u0131n i\u015f hayat\u0131na kat\u0131l\u0131m\u0131n\u0131 destekliyor ve y\u00f6nlendirici faaliyetlerimizi s\u00fcrd\u00fcr\u00fcyoruz. \u2018Meslek Fabrikas\u0131\u2019ndan ka\u00e7 ki\u015fi faydalan\u0131yor?\u2019 sorusunun cevab\u0131, bu zamana kadar Meslek Fabrikas\u0131\u2019ndan mezun olan yurtta\u015flar\u0131m\u0131z\u0131n ba\u015far\u0131 hik\u00e2yelerinde ve s\u0131n\u0131flarda gizli\u201d diye konu\u015ftu.<\/p>\n<p><strong>\u201cYapt\u0131\u011f\u0131m\u0131z i\u015fin kar\u015f\u0131l\u0131\u011f\u0131n\u0131 g\u00f6r\u00fcyoruz\u201d<\/strong><\/p>\n<p>Meslek Fabrikas\u0131\u2019nda \u00e7ok say\u0131da ba\u015far\u0131 hik\u00e2yesi yaz\u0131ld\u0131\u011f\u0131n\u0131 ifade eden Kap\u0131, \u201c\u00d6rne\u011fin barista kursu mezunumuz, kendi i\u015fletmesini a\u00e7\u0131p s\u0131n\u0131f arkada\u015fl\u0131\u011f\u0131 yapt\u0131\u011f\u0131 \u00fc\u00e7 kursiyere de istihdam sa\u011flad\u0131. Ekip arkada\u015flar\u0131 olarak yapt\u0131\u011f\u0131m\u0131z i\u015fin kar\u015f\u0131l\u0131\u011f\u0131n\u0131 g\u00f6rebildi\u011fimiz bir alanda \u00e7al\u0131\u015f\u0131yoruz. \u0130zmirli bir yurtta\u015f\u0131n Meslek Fabrikas\u0131 kap\u0131s\u0131ndan i\u00e7eri girip e\u011fitimlerden sonra yazd\u0131\u011f\u0131 \u00f6yk\u00fcy\u00fc takip edebiliyoruz. \u00d6zellikle kad\u0131nlar\u0131n sosyal ve ekonomik hayata kat\u0131l\u0131m\u0131 \u00e7ok k\u0131ymetli. Hepsini birer ba\u015far\u0131 hik\u00e2yesine d\u00f6n\u00fc\u015ft\u00fcrmeyi hedefliyoruz\u201d dedi.<\/p>\n<p><strong>\u201cMeslek Fabrikas\u0131 K\u00f6y Enstit\u00fcleri gibi\u201d<\/strong><\/p>\n<p>Uzun y\u0131llar \u0130stanbul\u2019da dizi ve filmlerde cast direkt\u00f6rl\u00fc\u011f\u00fc ve sanat asistanl\u0131\u011f\u0131 yapan Ecenur Me\u015fe, \u201cKahve benim i\u00e7in bir tutkuydu. \u0130zmir\u2019de Meslek Fabrikas\u0131\u2019n\u0131n barista kursunu bitirdim. Kahveyle ilgili at\u00f6lyelere de kat\u0131lmaya devam ediyorum. Almanya\u2019ya ta\u015f\u0131n\u0131p orada kafe a\u00e7ma plan\u0131m var. Buras\u0131n\u0131n en g\u00fczel avantajlar\u0131ndan biri de bu kurs sertifikas\u0131n\u0131n yurt d\u0131\u015f\u0131nda da ge\u00e7erli olmas\u0131. Bu sayede Almanya\u2019da da sertifikam\u0131 kullanabilirim. Nas\u0131l daha \u00f6nce K\u00f6y Enstit\u00fcleri varsa ve insanlar kendilerini bir\u00e7ok konuda geli\u015ftirebildiyse Meslek Fabrikas\u0131\u2019n\u0131n amac\u0131 da ayn\u0131 \u015fekilde. \u00c7ok g\u00fczel e\u011fitimler veriliyor, al\u0131nan sertifikalarla \u00e7ok g\u00fczel i\u015f yerleri a\u00e7\u0131labiliyor\u201d ifadelerini kulland\u0131.<\/p>\n<p><strong>\u201cMeslek Fabrikas\u0131 ile iki alt\u0131n bilezik takt\u0131m\u201d<\/strong><\/p>\n<p>Tekstil m\u00fchendisli\u011fi b\u00f6l\u00fcm\u00fc mezunu Korhan \u015een isimli kursiyer de \u201cBen \u0130stanbul\u2019da ya\u015f\u0131yordum. Bir s\u00fcredir \u0130zmir\u2019de ailemin yan\u0131nda kal\u0131yorum. Meslek Fabrikas\u0131\u2019n\u0131 zaten biliyordum. \u0130kiz karde\u015fimle birlikte bana uygun kurslara bakt\u0131k. \u0130lk olarak barista e\u011fitimi ald\u0131m, ard\u0131ndan tekstil kursuna ba\u015flad\u0131m. Tekstil benim mesle\u011fim ama hi\u00e7 bu kadar uygulamal\u0131 olarak bir s\u00fcre\u00e7 ge\u00e7irmemi\u015ftim. Okulda genelde teorik e\u011fitim al\u0131yorduk fakat diki\u015f konusunda uygulamal\u0131 daha \u00e7ok burada \u00e7al\u0131\u015fabildim. \u0130ki kursa da gitti\u011fim i\u00e7in \u015fu an benim i\u00e7in iki alternatif meslek var. \u0130ki kurstan da \u00e7ok \u015fey \u00f6\u011frendim. Hem kahve sekt\u00f6r\u00fc hem de tekstil sekt\u00f6r\u00fcnde inovatif fikirlerim olu\u015ftu. \u0130ki alt\u0131n bilezik takm\u0131\u015f oldum. Meslek Fabrikas\u0131, bizim i\u00e7in umut vaat eden bir se\u00e7enek. \u00dclkemizde gen\u00e7 nesil Meslek Fabrikas\u0131\u2019na kat\u0131larak istedikleri alanda kendilerini geli\u015ftirebilir ve meslek edinebilir. Bu konuda istihdam kap\u0131s\u0131 da a\u00e7\u0131k\u201d diye konu\u015ftu.<\/p>\n<p><strong>\u201cMeslek edinmek i\u00e7in bir ad\u0131m\u201d<\/strong><\/p>\n<p>\u00d6n muhasebe kursuna kat\u0131lan G\u00fcner Y\u0131ld\u0131z ise \u201cDaha \u00f6nce lojistik sekt\u00f6r\u00fcnde \u00e7al\u0131\u015ft\u0131m ancak sa\u011fl\u0131k sorunlar\u0131m nedeniyle i\u015fimi b\u0131rakmak zorunda kald\u0131m. Meslek Fabrikas\u0131\u2019n\u0131 zaten biliyordum ve ilgimi \u00e7ekiyordu. Mesleki olarak burada fazlas\u0131yla geli\u015febilece\u011fimi g\u00f6rd\u00fcm ve buraya ba\u015fvurmak istedim. Muhasebe sekt\u00f6r\u00fc \u00e7ok geni\u015f bir alan oldu\u011fu i\u00e7in bu kursu tercih ettim. Kurs \u00e7ok iyi gidiyor. Buradan \u00e7\u0131kt\u0131\u011f\u0131mda muhasebeci olarak \u00e7al\u0131\u015fmak i\u00e7in yeterli olaca\u011f\u0131m. \u00c7\u00fcnk\u00fc hocalar\u0131m\u0131z \u00e7ok detayl\u0131 bilgi veriyor. Meslek Fabrikas\u0131\u2019n\u0131n kalifiye olmak i\u00e7in yeterli oldu\u011funu, meslek edinmek i\u00e7in bir ad\u0131m oldu\u011funu g\u00f6rd\u00fcm\u201d s\u00f6zlerine yer verdi.<\/p>\n<p>\u00a0<\/p>\n<p>\u00a0<\/p>\n<p>Kaynak: (BYZHA) Beyaz Haber Ajans\u0131<\/p>\n","protected":false},"excerpt":{"rendered":"<p>\u0130zmir B\u00fcy\u00fck\u015fehir Belediyesi Meslek Fabrikas\u0131, kap\u0131s\u0131ndan giren her kursiyer i\u00e7in umudun, cesaretin ve d\u00f6n\u00fc\u015f\u00fcm\u00fcn simgesi oluyor.<\/p>\n","protected":false},"author":1,"featured_media":49627,"comment_status":"open","ping_status":"open","sticky":false,"template":"","format":"standard","meta":{"footnotes":""},"categories":[7],"tags":[395,978,326,4264,6415],"class_list":["post-49626","post","type-post","status-publish","format-standard","has-post-thumbnail","hentry","category-egitim","tag-is","tag-izmir","tag-kurs","tag-kursiyer","tag-meslek-fabrikasi"],"_links":{"self":[{"href":"https:\/\/bihavadis.com\/index.php\/wp-json\/wp\/v2\/posts\/49626","targetHints":{"allow":["GET"]}}],"collection":[{"href":"https:\/\/bihavadis.com\/index.php\/wp-json\/wp\/v2\/posts"}],"about":[{"href":"https:\/\/bihavadis.com\/index.php\/wp-json\/wp\/v2\/types\/post"}],"author":[{"embeddable":true,"href":"https:\/\/bihavadis.com\/index.php\/wp-json\/wp\/v2\/users\/1"}],"replies":[{"embeddable":true,"href":"https:\/\/bihavadis.com\/index.php\/wp-json\/wp\/v2\/comments?post=49626"}],"version-history":[{"count":1,"href":"https:\/\/bihavadis.com\/index.php\/wp-json\/wp\/v2\/posts\/49626\/revisions"}],"predecessor-version":[{"id":49628,"href":"https:\/\/bihavadis.com\/index.php\/wp-json\/wp\/v2\/posts\/49626\/revisions\/49628"}],"wp:featuredmedia":[{"embeddable":true,"href":"https:\/\/bihavadis.com\/index.php\/wp-json\/wp\/v2\/media\/49627"}],"wp:attachment":[{"href":"https:\/\/bihavadis.com\/index.php\/wp-json\/wp\/v2\/media?parent=49626"}],"wp:term":[{"taxonomy":"category","embeddable":true,"href":"https:\/\/bihavadis.com\/index.php\/wp-json\/wp\/v2\/categories?post=49626"},{"taxonomy":"post_tag","embeddable":true,"href":"https:\/\/bihavadis.com\/index.php\/wp-json\/wp\/v2\/tags?post=49626"}],"curies":[{"name":"wp","href":"https:\/\/api.w.org\/{rel}","templated":true}]}}