{"id":4963,"date":"2026-01-29T16:15:06","date_gmt":"2026-01-29T16:15:06","guid":{"rendered":"https:\/\/bihavadis.com\/?p=4963"},"modified":"2026-01-29T16:15:06","modified_gmt":"2026-01-29T16:15:06","slug":"agesanin-cevik-donusum-yolculugu-hiz-kesmeden-devam-ediyor","status":"publish","type":"post","link":"https:\/\/bihavadis.com\/index.php\/2026\/01\/29\/agesanin-cevik-donusum-yolculugu-hiz-kesmeden-devam-ediyor\/","title":{"rendered":"AgeSA&#8217;n\u0131n \u00c7evik D\u00f6n\u00fc\u015f\u00fcm Yolculu\u011fu H\u0131z Kesmeden Devam Ediyor"},"content":{"rendered":"<p><strong>\u00c7evik d\u00f6n\u00fc\u015f\u00fcm \u00e7al\u0131\u015fmalar\u0131na, kurum k\u00fclt\u00fcr\u00fcn\u00fc kapsayacak \u015fekilde devam eden AgeSA, \u0130\u015f Teknolojileri b\u00fcnyesinde \u00e7evik d\u00f6n\u00fc\u015f\u00fcm \u00e7al\u0131\u015fmalar\u0131na h\u0131z kesmeden devam ediyor. AgeSA, yapt\u0131\u011f\u0131 \u00e7al\u0131\u015fmalarla kaynak maliyetlerinde %25 tasarruf sa\u011flamay\u0131 ba\u015fard\u0131.\u00a0<\/strong><\/p>\n<p>\u00a0<\/p>\n<p>Bireysel emeklilik ve hayat sigortas\u0131 sekt\u00f6r\u00fcn\u00fcn lider kurulu\u015flar\u0131ndan AgeSA, \u201c\u00c7evik D\u00f6n\u00fc\u015f\u00fcm \u00c7al\u0131\u015fmalar\u0131\u201d kapsam\u0131nda \u00e7evikli\u011fi kurum k\u00fclt\u00fcr\u00fcne ta\u015f\u0131yor. \u0130nsan, s\u00fcre\u00e7 ve sistem odakl\u0131 yakla\u015f\u0131mlar\u0131yla \u00e7evik d\u00f6n\u00fc\u015f\u00fcm yolculu\u011funa kararl\u0131l\u0131kla devam ediyor. AgeSA, Kurumsal \u00c7evik D\u00f6n\u00fc\u015f\u00fcm Program\u0131\u2019n\u0131n tamamlanmas\u0131n\u0131n ard\u0131ndan \u00e7evik olgunluk seviyesini art\u0131rma ve daha proaktif, otonomisi y\u00fcksek tak\u0131mlar kurma hedeflerine odaklan\u0131yor. Toplamda 90 tak\u0131ma yay\u0131larak geni\u015fletilen d\u00f6n\u00fc\u015f\u00fcm s\u00fcreci, \u00f6zenle kurgulanan e\u011fitim programlar\u0131yla destekleniyor. \u015eu anda 680 \u00e7al\u0131\u015fan, \u00e7evik tak\u0131m anlay\u0131\u015f\u0131yla faaliyetlerini s\u00fcrd\u00fcr\u00fcyor. Genel M\u00fcd\u00fcrl\u00fck \u00e7al\u0131\u015fanlar\u0131n\u0131n %91\u2019i ise \u00e7evik tak\u0131mlarda g\u00f6rev al\u0131yor.<\/p>\n<p>\u00a0<\/p>\n<p><strong>Kaynak maliyetlerinde %25 tasarruf\u00a0<\/strong><\/p>\n<p>\u00c7evik d\u00f6n\u00fc\u015f\u00fcm\u00fcn bir par\u00e7as\u0131 olarak Proje Y\u00f6netim Ofisi\u2019ni daha yal\u0131n ve de\u011fer odakl\u0131 bir yap\u0131ya d\u00f6n\u00fc\u015ft\u00fcrd\u00fcklerini anlatan AgeSA \u0130\u015f Teknolojileri Genel M\u00fcd\u00fcr Yard\u0131mc\u0131s\u0131 A. Fahri Arkan, yap\u0131lan \u00e7al\u0131\u015fmalar\u0131 \u015f\u00f6yle anlat\u0131yor:<\/p>\n<p>\u201c\u00c7evikli\u011fi, her seviyedeki \u00e7al\u0131\u015fan\u0131m\u0131z\u0131n sahiplendi\u011fi ve katk\u0131da bulundu\u011fu bir s\u00fcre\u00e7 olarak kurgulayarak kurum k\u00fclt\u00fcr\u00fcm\u00fcz\u00fcn bir par\u00e7as\u0131 haline getirmek i\u00e7in \u00e7al\u0131\u015f\u0131yoruz. Dijitalle\u015fme s\u00fcrecimizde her g\u00fcn bir ad\u0131m daha ileriye gidiyor, h\u0131z\u0131m\u0131z\u0131 ve verimlili\u011fimizi art\u0131rmaya devam ediyoruz. Proje Y\u00f6neticisi rol\u00fc ile Scrum Master rol\u00fcn\u00fcn birle\u015ftirilmesiyle olu\u015fturulan \u00c7evik Lider rol\u00fc sayesinde, projelerin zaman\u0131nda teslim edilmesi ve kaynak y\u00f6netimi konular\u0131nda \u00f6nemli geli\u015fmeler sa\u011flad\u0131k. Bu \u00e7al\u0131\u015fmalar sonucu kaynak maliyetlerinde %25 tasarruf elde ederken, i\u00e7 kaynaklarla ger\u00e7ekle\u015ftirilen \u00c7evik Olgunluk De\u011ferlendirmesi sayesinde de dan\u0131\u015fmanl\u0131k maliyetlerinde ciddi bir tasarruf elde ettik.\u201d<\/p>\n<p>\u00a0<\/p>\n<p><strong>S\u00fcrekli Geli\u015fim \u0130\u00e7in 5 Farkl\u0131 Program<\/strong><\/p>\n<p>AgeSA, \u00c7evik Akademi program\u0131 alt\u0131nda Master Geli\u015fimi, Product Owner Geli\u015fimi, Y\u00f6netici Geli\u015fimi, Tak\u0131m Geli\u015fimi ve \u0130novasyon konular\u0131nda be\u015f farkl\u0131 geli\u015fim program\u0131 sunuyor. Bu programlar sayesinde, AgeSA \u00e7al\u0131\u015fanlar\u0131 uluslararas\u0131 sertifikalara sahip oluyor. \u00d6zellikle Scrum rolleri konusunda uzmanla\u015fan \u00e7al\u0131\u015fanlar, PSM 1, PSPO 1 ve PAL 1 gibi \u00f6nemli sertifikalar\u0131 almaya hak kazan\u0131yor. Bug\u00fcne kadar 70\u2019den fazla \u00e7al\u0131\u015fan, bu programlardan ba\u015far\u0131yla mezun olarak uluslararas\u0131 alanda tan\u0131nan sertifikalar\u0131 almay\u0131 ba\u015fard\u0131.<\/p>\n<p>\u00a0<\/p>\n<p>AgeSA, \u00e7evik k\u00fclt\u00fcr\u00fc yayg\u0131nla\u015ft\u0131rmak amac\u0131yla haftal\u0131k \u00e7evik b\u00fcltenler, ayl\u0131k Agile Talks webinarlar\u0131 ve \u00e7eyrek d\u00f6nemlerde Agile Day etkinlikleri d\u00fczenliyor. \u00d6\u011frenen Organizasyon \u00c7al\u0131\u015ftaylar\u0131 ve Learning Sprint yakla\u015f\u0131mlar\u0131 ile tak\u0131mlar aras\u0131nda kurumsal haf\u0131zan\u0131n aktar\u0131lmas\u0131 sa\u011flan\u0131yor. Bu \u00e7al\u0131\u015fmalar neticesinde, \u00e7al\u0131\u015fanlar veri analizi ve s\u00fcre\u00e7 geli\u015ftirme yetkinliklerini art\u0131r\u0131rken, \u00e7evik konularda da uzmanl\u0131k kazan\u0131yor. AgeSA, Medium sayfas\u0131 \u00fczerinden teknik konular\u0131n yan\u0131 s\u0131ra \u00e7evik d\u00f6n\u00fc\u015f\u00fcmle ilgili de makaleler yay\u0131nlayarak \u00e7al\u0131\u015fanlar\u0131n geli\u015fimini destekliyor. Bunun yan\u0131 s\u0131ra 2023 y\u0131l\u0131nda Bah\u00e7e\u015fehir \u00dcniversitesi ile i\u015f birli\u011fi yaparak ba\u015flatt\u0131\u011f\u0131 &#8220;\u00c7evik Proje Y\u00f6netimi&#8221; derslerini s\u00fcrd\u00fcren AgeSA, e\u011fitim alan \u00f6\u011frencilerden 5\u2019ine ise staj imkan\u0131 sundu. Galatasaray, \u00d6zye\u011fin, Okan ve Maltepe \u00fcniversitelerinde de \u00e7evik d\u00f6n\u00fc\u015f\u00fcm seminerleri d\u00fczenledi ve \u00f6\u011frencilere bu alanda fark\u0131ndal\u0131k kazand\u0131r\u0131ld\u0131.\u00a0<\/p>\n<p>Kaynak: (BYZHA) Beyaz Haber Ajans\u0131<\/p>\n","protected":false},"excerpt":{"rendered":"<p>\u00c7evik d\u00f6n\u00fc\u015f\u00fcm \u00e7al\u0131\u015fmalar\u0131na, kurum k\u00fclt\u00fcr\u00fcn\u00fc kapsayacak \u015fekilde devam eden AgeSA, \u0130\u015f Teknolojileri b\u00fcnyesinde \u00e7evik d\u00f6n\u00fc\u015f\u00fcm \u00e7al\u0131\u015fmalar\u0131na h\u0131z kesmeden devam ediyor. AgeSA, yapt\u0131\u011f\u0131 \u00e7al\u0131\u015fmalarla kaynak maliyetlerinde %25 tasarruf sa\u011flamay\u0131 ba\u015fard\u0131.\u00a0<\/p>\n","protected":false},"author":1,"featured_media":4964,"comment_status":"open","ping_status":"open","sticky":false,"template":"","format":"standard","meta":{"footnotes":""},"categories":[8],"tags":[992,991,989,990,366],"class_list":["post-4963","post","type-post","status-publish","format-standard","has-post-thumbnail","hentry","category-ekonomi","tag-agesa","tag-calismalar","tag-cevik","tag-gelisim","tag-takim"],"_links":{"self":[{"href":"https:\/\/bihavadis.com\/index.php\/wp-json\/wp\/v2\/posts\/4963","targetHints":{"allow":["GET"]}}],"collection":[{"href":"https:\/\/bihavadis.com\/index.php\/wp-json\/wp\/v2\/posts"}],"about":[{"href":"https:\/\/bihavadis.com\/index.php\/wp-json\/wp\/v2\/types\/post"}],"author":[{"embeddable":true,"href":"https:\/\/bihavadis.com\/index.php\/wp-json\/wp\/v2\/users\/1"}],"replies":[{"embeddable":true,"href":"https:\/\/bihavadis.com\/index.php\/wp-json\/wp\/v2\/comments?post=4963"}],"version-history":[{"count":1,"href":"https:\/\/bihavadis.com\/index.php\/wp-json\/wp\/v2\/posts\/4963\/revisions"}],"predecessor-version":[{"id":4965,"href":"https:\/\/bihavadis.com\/index.php\/wp-json\/wp\/v2\/posts\/4963\/revisions\/4965"}],"wp:featuredmedia":[{"embeddable":true,"href":"https:\/\/bihavadis.com\/index.php\/wp-json\/wp\/v2\/media\/4964"}],"wp:attachment":[{"href":"https:\/\/bihavadis.com\/index.php\/wp-json\/wp\/v2\/media?parent=4963"}],"wp:term":[{"taxonomy":"category","embeddable":true,"href":"https:\/\/bihavadis.com\/index.php\/wp-json\/wp\/v2\/categories?post=4963"},{"taxonomy":"post_tag","embeddable":true,"href":"https:\/\/bihavadis.com\/index.php\/wp-json\/wp\/v2\/tags?post=4963"}],"curies":[{"name":"wp","href":"https:\/\/api.w.org\/{rel}","templated":true}]}}