{"id":49723,"date":"2026-02-26T20:03:06","date_gmt":"2026-02-26T20:03:06","guid":{"rendered":"https:\/\/bihavadis.com\/?p=49723"},"modified":"2026-02-26T20:03:06","modified_gmt":"2026-02-26T20:03:06","slug":"besiktasin-yeni-transferi-istanbula-indi-yaptigi-olay-oldu","status":"publish","type":"post","link":"https:\/\/bihavadis.com\/index.php\/2026\/02\/26\/besiktasin-yeni-transferi-istanbula-indi-yaptigi-olay-oldu\/","title":{"rendered":"Be\u015fikta\u015f&#8217;\u0131n yeni transferi \u0130stanbul&#8217;a indi! Yapt\u0131\u011f\u0131 olay oldu"},"content":{"rendered":"<p> Be\u015fikta\u015f&#8217;\u0131n yeni transferi Hyeon-gyu Oh, \u0130stanbul&#8217;a geli\u015fiyle birlikte siyah-beyazl\u0131 camiada g\u00fcndem oldu. <\/p>\n<p><b>PEN\u00c7EY\u0130 TAM YAPAMADI, G\u00dcL\u00dcMSETT\u0130<\/b><\/p>\n<p>24 ya\u015f\u0131ndaki futbolcu, Be\u015fikta\u015f taraftarlar\u0131n\u0131n simgesi olan Kartal pen\u00e7esini yapmaya \u00e7al\u0131\u015ft\u0131 ancak hareketi tam olarak ger\u00e7ekle\u015ftiremedi. Bu anlar k\u0131sa s\u00fcrede dikkat \u00e7ekerken, Oh&#8217;un samimi tav\u0131rlar\u0131 be\u011feni toplad\u0131.<\/p>\n<p><b>S\u00d6ZLE\u015eME \u0130\u00c7\u0130N SON ADIMLAR<\/b><\/p>\n<p>Hyeon-gyu Oh&#8217;un sa\u011fl\u0131k kontrollerinin ard\u0131ndan Be\u015fikta\u015f ile resmi s\u00f6zle\u015fmeye imza atmas\u0131 bekleniyor. Siyah-beyazl\u0131 kul\u00fcp, transfer s\u00fcrecini Kamuyu Ayd\u0131nlatma Platformu&#8217;na (KAP) yapt\u0131\u011f\u0131 bildirimle duyurdu.<\/p>\n<p><b>KAP&#8217;A RESM\u0130 B\u0130LD\u0130R\u0130M YAPILDI<\/b><\/p>\n<p>Be\u015fikta\u015f&#8217;tan yap\u0131lan a\u00e7\u0131klamada, &#8220;Profesyonel futbolcu Hyeon-gyu Oh&#8217;un transferi konusunda oyuncu ve kul\u00fcb\u00fc Genk ile g\u00f6r\u00fc\u015fmelere ba\u015flanm\u0131\u015ft\u0131r&#8221; ifadelerine yer verildi.<\/p>\n<p><b>GENK PERFORMANSI D\u0130KKAT \u00c7EKT\u0130<\/b><\/p>\n<p>Son olarak Bel\u00e7ika temsilcisi Genk&#8217;te forma giyen G\u00fcney Koreli golc\u00fc, \u00e7\u0131kt\u0131\u011f\u0131 32 ma\u00e7ta 10 gol kaydetti. Genk, Hyeon-gyu Oh&#8217;u Temmuz 2024&#8217;te \u0130sko\u00e7 ekibi Celtic&#8217;ten 2,7 milyon euro bedelle kadrosuna katm\u0131\u015ft\u0131.<\/p>\n","protected":false},"excerpt":{"rendered":"<p>Be\u015fikta\u015f&#8217;\u0131n yeni transferi G\u00fcney Koreli futbolcu Hyeon-gyu Oh, \u0130stanbul&#8217;a geldi. \u0130stanbul Havaliman\u0131&#8217;nda kul\u00fcp yetkilileri taraf\u0131ndan kar\u015f\u0131lanan Oh, Be\u015fikta\u015f taraftarlar\u0131n\u0131n simgesi olan Kartal pen\u00e7esini yapmaya \u00e7al\u0131\u015ft\u0131 ancak tam olarak ger\u00e7ekle\u015ftiremedi.<\/p>\n","protected":false},"author":1,"featured_media":49724,"comment_status":"open","ping_status":"open","sticky":false,"template":"","format":"standard","meta":{"footnotes":""},"categories":[14],"tags":[],"class_list":["post-49723","post","type-post","status-publish","format-standard","has-post-thumbnail","hentry","category-spor"],"_links":{"self":[{"href":"https:\/\/bihavadis.com\/index.php\/wp-json\/wp\/v2\/posts\/49723","targetHints":{"allow":["GET"]}}],"collection":[{"href":"https:\/\/bihavadis.com\/index.php\/wp-json\/wp\/v2\/posts"}],"about":[{"href":"https:\/\/bihavadis.com\/index.php\/wp-json\/wp\/v2\/types\/post"}],"author":[{"embeddable":true,"href":"https:\/\/bihavadis.com\/index.php\/wp-json\/wp\/v2\/users\/1"}],"replies":[{"embeddable":true,"href":"https:\/\/bihavadis.com\/index.php\/wp-json\/wp\/v2\/comments?post=49723"}],"version-history":[{"count":1,"href":"https:\/\/bihavadis.com\/index.php\/wp-json\/wp\/v2\/posts\/49723\/revisions"}],"predecessor-version":[{"id":49725,"href":"https:\/\/bihavadis.com\/index.php\/wp-json\/wp\/v2\/posts\/49723\/revisions\/49725"}],"wp:featuredmedia":[{"embeddable":true,"href":"https:\/\/bihavadis.com\/index.php\/wp-json\/wp\/v2\/media\/49724"}],"wp:attachment":[{"href":"https:\/\/bihavadis.com\/index.php\/wp-json\/wp\/v2\/media?parent=49723"}],"wp:term":[{"taxonomy":"category","embeddable":true,"href":"https:\/\/bihavadis.com\/index.php\/wp-json\/wp\/v2\/categories?post=49723"},{"taxonomy":"post_tag","embeddable":true,"href":"https:\/\/bihavadis.com\/index.php\/wp-json\/wp\/v2\/tags?post=49723"}],"curies":[{"name":"wp","href":"https:\/\/api.w.org\/{rel}","templated":true}]}}