{"id":49742,"date":"2026-02-26T20:18:05","date_gmt":"2026-02-26T20:18:05","guid":{"rendered":"https:\/\/bihavadis.com\/?p=49742"},"modified":"2026-02-26T20:18:05","modified_gmt":"2026-02-26T20:18:05","slug":"selcuklu-fen-lisesi-kapali-spor-salonu-ve-suni-cim-sahanin-resmi-acilisi-gerceklestirildi-2","status":"publish","type":"post","link":"https:\/\/bihavadis.com\/index.php\/2026\/02\/26\/selcuklu-fen-lisesi-kapali-spor-salonu-ve-suni-cim-sahanin-resmi-acilisi-gerceklestirildi-2\/","title":{"rendered":"Sel\u00e7uklu Fen Lisesi Kapal\u0131 Spor Salonu ve Suni \u00c7im Saha&#8217;n\u0131n resmi a\u00e7\u0131l\u0131\u015f\u0131 ger\u00e7ekle\u015ftirildi"},"content":{"rendered":"<p> Konya&#8217;n\u0131n merkez Sel\u00e7uklu \u0130l\u00e7e Belediyesi taraf\u0131ndan yap\u0131m\u0131 tamamlanarak hizmete kazand\u0131r\u0131lan Sel\u00e7uklu Fen Lisesi Kapal\u0131 Spor Salonu ve Suni \u00c7im Saha&#8217;n\u0131n resmi a\u00e7\u0131l\u0131\u015f\u0131 ger\u00e7ekle\u015ftirildi. Sel\u00e7uklu Belediye Ba\u015fkan\u0131 Ahmet Pekyat\u0131rmac\u0131,&#8221; E\u011fitimde, k\u00fclt\u00fcrde, sanatta, sporda ve gen\u00e7lik alanlar\u0131nda yapt\u0131\u011f\u0131m\u0131z her yat\u0131r\u0131m, Cumhurba\u015fkan\u0131m\u0131z\u0131n ortaya koydu\u011fu g\u00fc\u00e7l\u00fc vizyonun bir yans\u0131mas\u0131&#8221; dedi.<\/p>\n<p>Sel\u00e7uklu Belediyesi, e\u011fitime ve spora y\u00f6nelik yat\u0131r\u0131mlar\u0131na bir yenisini daha ekledi. Bu kapsamda yap\u0131m\u0131 tamamlanarak \u00f6\u011frencilerin hizmetine sunulan Sel\u00e7uklu Fen Lisesi Kapal\u0131 Spor Salonu ve Suni \u00c7im Saha&#8217;n\u0131n resmi a\u00e7\u0131l\u0131\u015f\u0131 ger\u00e7ekle\u015ftirildi. Gen\u00e7lerin en iyi fiziki \u015fartlarda spor yapabilmesi amac\u0131yla tasarlanan tesis, bir\u00e7ok ayr\u0131nt\u0131n\u0131n d\u00fc\u015f\u00fcn\u00fcld\u00fc\u011f\u00fc \u00e7ok fonksiyonlu yap\u0131s\u0131yla dikkat \u00e7ekiyor.<\/p>\n<p>&#8220;Sel\u00e7uklu Belediyesi olarak att\u0131\u011f\u0131m\u0131z her ad\u0131mda, yapt\u0131\u011f\u0131m\u0131z her yat\u0131r\u0131mda e\u011fitimi ve sporu merkeze al\u0131yoruz&#8221;<\/p>\n<p>Sel\u00e7uklu&#8217;nun gelece\u011fine yap\u0131lan k\u0131ymetli yat\u0131r\u0131mlardan biri olan Sel\u00e7uklu Fen Lisesi Kapal\u0131 Spor Salonu ve Suni \u00c7im Sahas\u0131n\u0131n resmi a\u00e7\u0131l\u0131\u015f\u0131n\u0131 ger\u00e7ekle\u015ftirmek \u00fczere bir araya geldiklerini ifade eden Sel\u00e7uklu Belediye Ba\u015fkan\u0131 Ahmet Pekyat\u0131rmac\u0131, &#8220;E\u011fitim ve spor, g\u00fc\u00e7l\u00fc bir gelece\u011fin iki temel dire\u011fidir.&#8217; Bu s\u00f6z bizim belediyecilik anlay\u0131\u015f\u0131m\u0131z\u0131n, hizmet felsefemizin merkezinde yer al\u0131yor. \u00c7\u00fcnk\u00fc biliyoruz ki bir toplumun gelece\u011fi; iyi bir e\u011fitimle donanm\u0131\u015f, fiziksel ve ruhsal geli\u015fimini tamamlam\u0131\u015f gen\u00e7lerle \u015fekillenir. Sel\u00e7uklu Belediyesi olarak att\u0131\u011f\u0131m\u0131z her ad\u0131mda, yapt\u0131\u011f\u0131m\u0131z her yat\u0131r\u0131mda e\u011fitimi ve sporu merkeze al\u0131yoruz. Bug\u00fcn a\u00e7\u0131l\u0131\u015f\u0131n\u0131 yapt\u0131\u011f\u0131m\u0131z bu tesis de \u00fcmit ediyorum ki gen\u00e7lerimizin potansiyelini ortaya \u00e7\u0131karacak, Sel\u00e7uklu&#8217;muzun yar\u0131nlar\u0131na g\u00fc\u00e7 katacak \u00f6nemli bir kazan\u0131m olacak. Burada, gen\u00e7lerimiz sadece spor yapmayacak, ayn\u0131 zamanda disiplin, tak\u0131m ruhu, dayan\u0131\u015fma ve azim gibi hayat\u0131n en de\u011ferli derslerini de \u00f6\u011frenecek. Cumhurba\u015fkan\u0131m\u0131z, her f\u0131rsatta &#8216;e\u011fitime yap\u0131lan yat\u0131r\u0131m, insana yap\u0131lan en b\u00fcy\u00fck yat\u0131r\u0131md\u0131r&#8217; diyerek bizlere y\u00f6n g\u00f6steriyor. Yine sporu, gen\u00e7lerimizin bedensel ve ruhsal geli\u015fimi i\u00e7in olmazsa olmaz bir alan olarak tan\u0131ml\u0131yor ve bu konuda t\u00fcm kurumlara b\u00fcy\u00fck sorumluluk y\u00fckl\u00fcyor. Bizler de Sel\u00e7uklu Belediyesi olarak, Cumhurba\u015fkan\u0131m\u0131z\u0131n \u00e7izdi\u011fi bu vizyonun \u0131\u015f\u0131\u011f\u0131nda hareket ediyoruz. E\u011fitimde, k\u00fclt\u00fcrde, sanatta, sporda ve gen\u00e7lik alanlar\u0131nda yapt\u0131\u011f\u0131m\u0131z her yat\u0131r\u0131m, onun ortaya koydu\u011fu bu g\u00fc\u00e7l\u00fc vizyonun bir yans\u0131mas\u0131&#8221; dedi.<\/p>\n<p>&#8220;Sel\u00e7uklu&#8217;da sporu bir ad\u0131m daha \u00f6teye ta\u015f\u0131yacak vizyon projelerimizi de kararl\u0131l\u0131kla hayata ge\u00e7iriyoruz&#8221;<\/p>\n<p>Bug\u00fcne kadar onlarca okula yeni spor alanlar\u0131, laboratuvarlar, k\u00fct\u00fcphaneler ve at\u00f6lyeler kazand\u0131rd\u0131klar\u0131n\u0131 s\u00f6yleyen Ba\u015fkan Pekyat\u0131rmac\u0131, &#8220;Yak\u0131n zamanda resmi a\u00e7\u0131l\u0131\u015f\u0131n\u0131 ger\u00e7ekle\u015ftirdi\u011fimiz Konya Spor Lisesi Ahmet \u00c7al\u0131k Kapal\u0131 Spor Salonu, sadece modern mimarisiyle de\u011fil, ayn\u0131 zamanda gen\u00e7lerimize sundu\u011fu spor imkanlar\u0131yla b\u00fcy\u00fck be\u011feni toplad\u0131. Yine 4 okulumuz i\u00e7in in\u015fa etti\u011fimiz ve \u015fehitlerimizin isimlerini verdi\u011fimiz kapal\u0131 spor salonlar\u0131; \u00f6\u011frencilerimiz i\u00e7in sporu hayatlar\u0131n\u0131n bir par\u00e7as\u0131 haline getirecek \u00f6nemli kazan\u0131mlar sunuyor. Tamamlam\u0131\u015f oldu\u011fumuz yat\u0131r\u0131mlar\u0131m\u0131z\u0131n yan\u0131nda Sel\u00e7uklu&#8217;da sporu bir ad\u0131m daha \u00f6teye ta\u015f\u0131yacak vizyon projelerimizi de kararl\u0131l\u0131kla hayata ge\u00e7iriyoruz. Bu kapsamda yap\u0131m\u0131n\u0131 s\u00fcrd\u00fcrd\u00fc\u011f\u00fcm\u00fcz Sel\u00e7uklu Sporcu Se\u00e7me ve Yeti\u015ftirme Merkezimiz, gelece\u011fin \u015fampiyonlar\u0131n\u0131 bilimsel y\u00f6ntemlerle yeti\u015ftirmeyi hedefledi\u011fimiz \u00e7ok \u00f6zel bir projemiz. Bu merkezimizde, 18 farkl\u0131 bran\u015fta ayn\u0131 anda 680 sporcumuz, g\u00fcn i\u00e7erisinde ise toplamda 3 bin 360 sporcumuz antrenman yapabilme imkan\u0131na sahip olacak. Burada amac\u0131m\u0131z; yetenekli \u00e7ocuklar\u0131m\u0131z\u0131 ve gen\u00e7lerimizi erken ya\u015fta ke\u015ffetmek, onlar\u0131 alan\u0131nda uzman e\u011fitmenler e\u015fli\u011finde do\u011fru bran\u015flara y\u00f6nlendirmek ve sistemli bir \u015fekilde geli\u015ftirmek olacak. Ayr\u0131ca bu tesisimiz, T\u00fcrkiye&#8217;nin ilk Ye\u015fil Sertifikal\u0131 (LEED) sporcu yeti\u015ftirme merkezi olma \u00f6zelli\u011fini ta\u015f\u0131yacak. \u00c7at\u0131s\u0131nda yer alan GES panelleri sayesinde enerji ihtiyac\u0131n\u0131n neredeyse tamam\u0131n\u0131 kendi kendine kar\u015f\u0131layacak. \u00d6n\u00fcm\u00fczdeki s\u00fcre\u00e7te, tesisimizin yan\u0131ndaki alanla birlikte toplam b\u00fcy\u00fckl\u00fc\u011f\u00fc 100 bin metrekareye ula\u015fan bir spor k\u00f6y\u00fcn\u00fc olu\u015fturmay\u0131 hedefledi\u011fimizi de buradan belirtmek istiyorum. Sel\u00e7uklu Belediyesi olarak sporun birle\u015ftirici ve d\u00f6n\u00fc\u015ft\u00fcr\u00fcc\u00fc g\u00fcc\u00fcne y\u00fcrekten inan\u0131yoruz. Nitekim son 7 y\u0131lda 15 bran\u015fta 168 bin 988 \u00f6\u011frencimiz spor okullar\u0131m\u0131zdan faydalanarak sporu hayatlar\u0131n\u0131n do\u011fal bir par\u00e7as\u0131 haline getirdi. Bu tablo, Sel\u00e7uklu&#8217;da sporun yaln\u0131zca bir faaliyet de\u011fil, g\u00fc\u00e7l\u00fc bir ya\u015fam k\u00fclt\u00fcr\u00fc oldu\u011funu a\u00e7\u0131k\u00e7a g\u00f6steriyor. Ayr\u0131ca Sel\u00e7uklu Belediyespor Kul\u00fcb\u00fcm\u00fcz arac\u0131l\u0131\u011f\u0131yla ulusal ve uluslararas\u0131 platformlarda \u00f6nemli ba\u015far\u0131lara imza at\u0131yor, binlerce gencimizi sporla bulu\u015fturmaya devam ediyoruz. Bug\u00fcn bakt\u0131\u011f\u0131m\u0131zda, binlerce \u00f6\u011frencimizin Sel\u00e7uklu Belediyemizin tesislerinde bilgiyle geli\u015fti\u011fini, sporla g\u00fc\u00e7lendi\u011fini, sanatla ise hayata de\u011fer katt\u0131\u011f\u0131n\u0131 gururla g\u00f6r\u00fcyoruz &#8221; diye konu\u015ftu.<\/p>\n<p>&#8220;Sel\u00e7uklu Fen Lisesi Spor Salonu ve Suni \u00c7im Sahas\u0131; 67 milyon 606 bin TL yat\u0131r\u0131m bedeliyle tamamland\u0131&#8221;<\/p>\n<p>Sel\u00e7uklu Fen Lisesi&#8217;nin Konya&#8217;n\u0131n en ba\u015far\u0131l\u0131 okullar\u0131ndan bir tanesi oldu\u011funu belirten Ba\u015fkan Pekyat\u0131rmac\u0131,&#8221; Bu okulda e\u011fitim g\u00f6ren gen\u00e7lerimiz, gelece\u011fin bilim insanlar\u0131, m\u00fchendisleri, doktorlar\u0131, ara\u015ft\u0131rmac\u0131lar\u0131 olacaklar. Biz istiyoruz ki bu gen\u00e7lerimiz sadece akademik ba\u015far\u0131lar\u0131yla de\u011fil, ayn\u0131 zamanda sa\u011fl\u0131kl\u0131 ya\u015fam bi\u00e7imleri, y\u00fcksek \u00f6zg\u00fcvenleri ve tak\u0131m ruhlar\u0131yla da \u00f6rnek bireyler olsunlar. \u0130\u015fte bu tesis tam da bu vizyonun bir \u00fcr\u00fcn\u00fc. Toplam 67 milyon 606 bin TL yat\u0131r\u0131m bedeliyle tamamlad\u0131\u011f\u0131m\u0131z Sel\u00e7uklu Fen Lisesi Spor Salonu ve Suni \u00c7im Sahas\u0131; bin 496 metrekarelik in\u015faat alan\u0131na sahip. Olduk\u00e7a modern ve konforlu bir yap\u0131ya sahip olan kapal\u0131 spor salonu b\u00f6l\u00fcm\u00fcnde; hentbol sahas\u0131 \u00f6l\u00e7e\u011finde geni\u015f bir oyun alan\u0131 ile birlikte d\u00f6rt farkl\u0131 spor bran\u015f\u0131na hizmet verebilecek aktivite alanlar\u0131 yer al\u0131yor. Sporcular\u0131n ve izleyicilerin konforu d\u00fc\u015f\u00fcn\u00fclerek tasarlanan tesiste ayr\u0131ca 176 ki\u015filik trib\u00fcn, antren\u00f6r odalar\u0131, soyunma odalar\u0131, teknik alanlar ve t\u00fcm ihtiya\u00e7lara cevap verecek yard\u0131mc\u0131 b\u00f6l\u00fcmler bulunuyor. Kapal\u0131 spor salonunun hemen yan\u0131nda konumland\u0131r\u0131lan, 24 \u00e7arp\u0131 44 metre \u00f6l\u00e7\u00fclerindeki suni \u00e7im saha ise tel \u00f6rg\u00fcyle \u00e7evrili yap\u0131s\u0131yla g\u00fcvenli ve d\u00fczenli bir kullan\u0131m imkan\u0131 sunarak \u00f6\u011frencilerimizin a\u00e7\u0131k alanda spor yapma ihtiya\u00e7lar\u0131na nitelikli bir ortam sa\u011fl\u0131yor. Sel\u00e7uklu Fen Lisesi Kapal\u0131 Spor Salonu ve Suni \u00c7im Saham\u0131z\u0131n hay\u0131rl\u0131 olmas\u0131n\u0131 diliyorum&#8221; s\u00f6zleri ile konu\u015fmas\u0131n\u0131 tamamlad\u0131.<\/p>\n<p>Konya&#8217;n\u0131n tarihi boyunca e\u011fitim ve k\u00fclt\u00fcr \u015fehri olarak an\u0131ld\u0131\u011f\u0131na vurgu yapan Konya \u0130l Milli E\u011fitim M\u00fcd\u00fcr\u00fc Murat Yi\u011fit, &#8220;Bu noktada yerel y\u00f6netimlerimizin g\u00f6stermi\u015f olduklar\u0131 irade her t\u00fcrl\u00fc takdirin \u00fczerindedir. Gerek b\u00fcy\u00fck\u015fehir belediyemiz gerekse il\u00e7e belediyelerimizin ortaya koyduklar\u0131 \u00f6rnek belediyecilik anlay\u0131\u015f\u0131 \u015fehrimizin e\u011fitimine b\u00fcy\u00fck katk\u0131lar sunmaktad\u0131r&#8221; dedi.<\/p>\n<p>&#8220;Konya belediyeleri olarak sadece \u015fehri imar etmekle kalm\u0131yor neslin ihyas\u0131 i\u00e7in de \u00e7al\u0131\u015fmalar y\u00fcr\u00fct\u00fcyoruz&#8221;<\/p>\n<p>Sel\u00e7uklu Fen Lisesi&#8217;nin Konya&#8217;n\u0131n en g\u00fczide okullar\u0131ndan birisi oldu\u011funu ifade eden Konya B\u00fcy\u00fck\u015fehir Belediye Ba\u015fkan\u0131 U\u011fur \u0130brahim Altay, &#8220;Okul ziyaretlerimiz s\u0131ras\u0131nda buradaki arkada\u015flar bir spor salonu ve hal\u0131 saha i\u00e7in talep de bulunmu\u015flard\u0131. Ben de ba\u015fkan\u0131m\u0131z\u0131 arad\u0131m nas\u0131l yapar\u0131z diye. G\u00f6nl\u00fc o kadar zengin ki biz yapar\u0131z ba\u015fkan\u0131m siz zahmet etmeyin diyerek sorumlulu\u011fu \u00fcst\u00fcne ald\u0131 ve bug\u00fcn g\u00f6r\u00fcyoruz hakikaten p\u0131r\u0131l p\u0131r\u0131l, Konya&#8217;m\u0131za ve Sel\u00e7uklu&#8217;muza yak\u0131\u015fan bir tesis hayata ge\u00e7mi\u015f. Sel\u00e7uklu Belediye Ba\u015fkan\u0131m\u0131z Ahmet Pekyat\u0131rmac\u0131&#8217;ya \u015fehrimiz ad\u0131na te\u015fekk\u00fcr ediyorum. Konya kadim bir \u015fehir ve Konya belediyeleri olarak sadece \u015fehri imar etmekle kalm\u0131yor neslin ihyas\u0131 i\u00e7in de \u00e7al\u0131\u015fmalar y\u00fcr\u00fct\u00fcyoruz. \u00c7\u00fcnk\u00fc inanc\u0131m\u0131z \u015fu ki vatan\u0131na, milletine, ailesine hay\u0131rl\u0131 evlatlar yeti\u015ftiremezsek \u00fclkemizin yar\u0131nlar\u0131nda ba\u015far\u0131l\u0131 olma \u015fans\u0131m\u0131z yok. Co\u011frafyada ya\u015fananlar\u0131 g\u00f6r\u00fcyorsunuz arkada\u015flar. G\u00fc\u00e7l\u00fc olmazsak ayakta kalma imkan\u0131m\u0131z yok. G\u00fc\u00e7l\u00fc olmak i\u00e7in bilim \u00fcretmek zorunday\u0131z. Onun i\u00e7in zihni din\u00e7, bedeni din\u00e7 gen\u00e7lere ihtiyac\u0131m\u0131z var. Okullar\u0131m\u0131za yapm\u0131\u015f oldu\u011fumuz bu tesisle bir taraftan akademik ba\u015far\u0131m\u0131z\u0131 sa\u011flarken bir taraftan da sporla i\u00e7 i\u00e7e olman\u0131z, ki\u015fisel geli\u015fiminize katk\u0131 sa\u011flamas\u0131 a\u00e7\u0131s\u0131ndan \u00e7ok \u00f6nemli ve k\u0131ymetli. Bu tesislerle birlikte B\u00fcy\u00fck\u015fehir Belediyemizin Lise Medeniyet Akademileri, Bilgehaneleri ve Gen\u00e7 Seyyah Programlar\u0131yla sizlerle birlikte bu s\u00fcreci y\u00fcr\u00fctmeye gayret ediyoruz. \u0130n\u015fallah bu yap\u0131lanlar meyvesini verecek. Hem akademik olarak \u00e7ok g\u00fczel ba\u015far\u0131lar elde edilir hem de sportif ba\u015far\u0131lar mutlaka gelecektir. Tesisin hay\u0131rl\u0131 olmas\u0131n\u0131 temenni ediyorum&#8221; diye konu\u015ftu.<\/p>\n<p>Konya Valisi \u0130brahim Ak\u0131n da, &#8220;Sel\u00e7uklu&#8217;muz k\u00f6kleri as\u0131rlara uzanan b\u00fcy\u00fck bir medeniyetin ta\u015f\u0131y\u0131c\u0131s\u0131d\u0131r. A\u00e7\u0131l\u0131\u015f\u0131n\u0131 ger\u00e7ekle\u015ftirece\u011fimiz spor salonumuzda k\u00f6kl\u00fc gelene\u011fimizin somut bir tezah\u00fcr\u00fc olarak \u00f6\u011frencilerimizin yaln\u0131zca akademik ba\u015far\u0131lar\u0131 de\u011fil, bedensel g\u00fc\u00e7lerini ve \u00f6zg\u00fcvenlerini de peki\u015ftirecek \u00f6nemli bir imkan olacakt\u0131r. Onlar Sel\u00e7uklu&#8217;muzun y\u0131ld\u0131zlar\u0131 olarak parlad\u0131k\u00e7a bizler de yar\u0131nlara daha da \u00fcmitli bakaca\u011f\u0131z in\u015fallah. Salonun in\u015fas\u0131nda eme\u011fi ge\u00e7en ba\u015fta Sel\u00e7uklu Belediye Ba\u015fkan\u0131m\u0131z Ahmet Pekyat\u0131rmac\u0131&#8217;ya, bu i\u015fe \u00f6nderlik eden, destek veren B\u00fcy\u00fck\u015fehir Belediye Ba\u015fkan\u0131m\u0131z U\u011fur \u0130brahim Altay&#8217;a, antren\u00f6rlerimiz, \u00f6\u011fretmenlerimiz, e\u011fitmenlerimiz ve elbette ki en b\u00fcy\u00fck deste\u011fi veren ailelerimize \u015f\u00fckranlar\u0131m\u0131 sunuyorum&#8221; ifadelerini kulland\u0131.<\/p>\n<p>Konu\u015fmalar\u0131n ard\u0131ndan Sel\u00e7uklu Fen Lisesi Kapal\u0131 Spor Salonu ve Suni \u00c7im Saha&#8217;n\u0131n a\u00e7\u0131l\u0131\u015f\u0131 protokol \u00fcyeleri taraf\u0131ndan ger\u00e7ekle\u015ftirildi. &#8211; KONYA<\/p>\n","protected":false},"excerpt":{"rendered":"<p>Konya&#8217;n\u0131n merkez Sel\u00e7uklu \u0130l\u00e7e Belediyesi taraf\u0131ndan yap\u0131m\u0131 tamamlanarak hizmete kazand\u0131r\u0131lan Sel\u00e7uklu Fen Lisesi Kapal\u0131 Spor Salonu ve Suni \u00c7im Saha&#8217;n\u0131n resmi a\u00e7\u0131l\u0131\u015f\u0131 ger\u00e7ekle\u015ftirildi.<\/p>\n","protected":false},"author":1,"featured_media":49743,"comment_status":"open","ping_status":"open","sticky":false,"template":"","format":"standard","meta":{"footnotes":""},"categories":[14],"tags":[382,233,426,1077,440],"class_list":["post-49742","post","type-post","status-publish","format-standard","has-post-thumbnail","hentry","category-spor","tag-alan","tag-egitim","tag-konya","tag-selcuklu","tag-spor"],"_links":{"self":[{"href":"https:\/\/bihavadis.com\/index.php\/wp-json\/wp\/v2\/posts\/49742","targetHints":{"allow":["GET"]}}],"collection":[{"href":"https:\/\/bihavadis.com\/index.php\/wp-json\/wp\/v2\/posts"}],"about":[{"href":"https:\/\/bihavadis.com\/index.php\/wp-json\/wp\/v2\/types\/post"}],"author":[{"embeddable":true,"href":"https:\/\/bihavadis.com\/index.php\/wp-json\/wp\/v2\/users\/1"}],"replies":[{"embeddable":true,"href":"https:\/\/bihavadis.com\/index.php\/wp-json\/wp\/v2\/comments?post=49742"}],"version-history":[{"count":1,"href":"https:\/\/bihavadis.com\/index.php\/wp-json\/wp\/v2\/posts\/49742\/revisions"}],"predecessor-version":[{"id":49744,"href":"https:\/\/bihavadis.com\/index.php\/wp-json\/wp\/v2\/posts\/49742\/revisions\/49744"}],"wp:featuredmedia":[{"embeddable":true,"href":"https:\/\/bihavadis.com\/index.php\/wp-json\/wp\/v2\/media\/49743"}],"wp:attachment":[{"href":"https:\/\/bihavadis.com\/index.php\/wp-json\/wp\/v2\/media?parent=49742"}],"wp:term":[{"taxonomy":"category","embeddable":true,"href":"https:\/\/bihavadis.com\/index.php\/wp-json\/wp\/v2\/categories?post=49742"},{"taxonomy":"post_tag","embeddable":true,"href":"https:\/\/bihavadis.com\/index.php\/wp-json\/wp\/v2\/tags?post=49742"}],"curies":[{"name":"wp","href":"https:\/\/api.w.org\/{rel}","templated":true}]}}