{"id":49771,"date":"2026-02-26T20:42:07","date_gmt":"2026-02-26T20:42:07","guid":{"rendered":"https:\/\/bihavadis.com\/?p=49771"},"modified":"2026-02-26T20:42:07","modified_gmt":"2026-02-26T20:42:07","slug":"thorsten-finkten-ilk-sozler-ben-sihirbaz-degilim","status":"publish","type":"post","link":"https:\/\/bihavadis.com\/index.php\/2026\/02\/26\/thorsten-finkten-ilk-sozler-ben-sihirbaz-degilim\/","title":{"rendered":"Thorsten Fink&#8217;ten ilk s\u00f6zler: Ben sihirbaz de\u011filim"},"content":{"rendered":"<p>Samsunspor&#8217;un yeni teknik direkt\u00f6r\u00fc Thorsten Fink&#8217;in Samsun&#8217;a geli\u015finden itibaren ge\u00e7en 24 saati bir videoya s\u0131\u011fd\u0131rd\u0131.<\/p>\n<p>Fink&#8217;in havaliman\u0131na ini\u015finden itibaren ba\u015flayan videoda Alman teknik adam\u0131n ilk s\u00f6zleri,<em><b> &#8220;Merhaba Samsun. \u00c7ok iyi bir kul\u00fcbe geldi\u011fimi biliyorum&#8221; <\/b><\/em>oldu.<\/p>\n<p><img decoding=\"async\" src=\"https:\/\/bihavadis.com\/wp-content\/uploads\/2026\/02\/thorsten-finkten-ilk-sozler-ben-sihirbaz-degilim-0-MpOL5gHw.jpg\"\/><\/p>\n<p><strong>&#8220;BURADA OLDU\u011eUM \u0130\u00c7\u0130N \u00c7OK MUTLUYUM&#8221;<\/strong><\/p>\n<p>Kul\u00fcp i\u00e7in her \u015feyini verebilece\u011fine s\u00f6z veren Thorsten Fink, <em><b>&#8220;Burada oldu\u011fum i\u00e7in \u00e7ok mutluyum. En iyisini vermek istiyoruz. Burada b\u00fcy\u00fck bir aile var ve gelecekte bunun bir par\u00e7as\u0131 olmak istiyorum. S\u00f6z verebilece\u011fim \u015fey her zaman kupalar ya da \u015fampiyonluklar de\u011fil ama kul\u00fcp i\u00e7in her \u015feyimizi verece\u011fimize s\u00f6z verebilirim. \u00c7al\u0131\u015fmaya a\u00e7\u0131\u011f\u0131z, \u00e7al\u0131\u015fmay\u0131 seviyoruz ve burada oldu\u011fumuz i\u00e7in mutluyuz&#8221; <\/b><\/em>dedi.<\/p>\n<p><strong>&#8220;\u00c7OK D\u00dcZENL\u0130 B\u0130R KUL\u00dcP&#8221;<\/strong><\/p>\n<p>Havaliman\u0131ndan yola \u00e7\u0131k\u0131\u015f\u0131n\u0131n ard\u0131ndan ara\u00e7ta Samsunspor 19 May\u0131s Stadyumu&#8217;nu g\u00f6ren Thorsten Fink, Kuzeyin Kral\u0131&#8217;n\u0131n anlam\u0131n\u0131 sordu.<\/p>\n<p>Yan\u0131ndakiler ise King of The North olarak Fink&#8217;e a\u00e7\u0131klad\u0131.<\/p>\n<p>Daha sonra Nuri Asan Tesisleri&#8217;ne gelindi.<\/p>\n<p>Fuat \u00c7apa onu tesisin giri\u015finde kar\u015f\u0131lad\u0131. Tesislerden etkilendi\u011fini dile getiren Fink, <em><b>&#8220;58 ya\u015f\u0131nday\u0131m, 2 \u00e7ocu\u011fum var, 32 y\u0131ldan beri evliyim. 19 ve 20 ya\u015flar\u0131nda iki o\u011flum var. Money isminde bir k\u00f6pe\u011fim var. Hem oyuncu hem de teknik direkt\u00f6r olarak deneyimliyim. Burada oldu\u011fum i\u00e7in mutluyum. Tesislerden \u00e7ok etkilendim. Herkesin kendi odas\u0131 var. Her kul\u00fcpte bu b\u00f6yle de\u011fil. \u00c7ok d\u00fczenli bir kul\u00fcp&#8221; <\/b><\/em>dedi.<\/p>\n<p><img decoding=\"async\" src=\"https:\/\/bihavadis.com\/wp-content\/uploads\/2026\/02\/thorsten-finkten-ilk-sozler-ben-sihirbaz-degilim-1-X5l33d2h.jpg\"\/><\/p>\n<p><strong>&#8220;BEN B\u0130R S\u0130H\u0130RBAZ VEYA BA\u015eKA B\u0130R \u015eEY DE\u011e\u0130L\u0130M&#8221;<\/strong><\/p>\n<p>Burada yapt\u0131\u011f\u0131 r\u00f6portajda kendinden ve tarz\u0131ndan s\u00f6z ederek bir sihirbaz olmad\u0131\u011f\u0131n\u0131 s\u00f6yleyen Thorsten Fink, <em><b>&#8220;Futbolcularla her konu\u015fmamda tutkudan, vizyondan, birlikten ve g\u00fcvenden bahsediyorum. Bunlar benim \u00f6nem verdi\u011fim de\u011ferler. Sayg\u0131 benim i\u00e7in \u00e7ok \u00f6nemli. Ben sadece bir tak\u0131m oyuncusuyum. Tek ba\u015f\u0131ma hi\u00e7bir \u015fey yapamam. Sportif direkt\u00f6rle, yak\u0131n\u0131mdakilerle aram iyi. En fazla deneyimlerimi ve tavsiyelerimi payla\u015fabilirim. Zor durumda da kalabilirim, orada da olabiliriz ama tak\u0131m olmadan ben bir hi\u00e7im. Tek ba\u015f\u0131ma o kadar iyi de\u011filim ve bu normal. Tak\u0131m ve taraftarlar varsa ben de iyiyim. O zaman i\u015fim kolayla\u015f\u0131r. Ben bir sihirbaz veya ba\u015fka bir \u015fey de\u011filim. Ben hem olumlu hem de olumsuz deneyimleri olan bir teknik direkt\u00f6r\u00fcm. Bir\u00e7ok \u015feyi annemden ve babamdan \u00f6\u011frendim. Bir \u015feyleri ailede \u00f6\u011frenmek her zaman iyidir&#8221; <\/b><\/em>diye konu\u015ftu.<\/p>\n<p><strong>&#8220;HEP \u0130LET\u0130\u015e\u0130M HAL\u0130NDEYD\u0130K&#8221;<\/strong><\/p>\n<p>Samsunspor&#8217;la temaslar\u0131n\u0131n ge\u00e7mi\u015ften geldi\u011fini ve tak\u0131m\u0131 uzun zamand\u0131r takip etti\u011fini belirten Fink, <em><b>&#8220;Elbette \u015fu an iyi hissediyorum. \u00c7\u00fcnk\u00fc ge\u00e7mi\u015fte de hep ileti\u015fim halindeydik. Bel\u00e7ika&#8217;da birka\u00e7 defa Fuat \u00c7apa ile g\u00f6r\u00fc\u015fm\u00fc\u015ft\u00fck. Birbirimizi uzun zamandan beri takip ederiz. Sadece i\u015f de\u011fil. Futboldan ve di\u011fer i\u015flerden de s\u0131kl\u0131kla konu\u015fuyorduk. Kul\u00fcb\u00fc uzun zamand\u0131r takip ediyorum. Kul\u00fcp hakk\u0131nda biraz bir \u015feyler biliyorum. Bence bu \u00e7ok \u00f6nemli. Buras\u0131 k\u0131sa vadeli istedi\u011fi an s\u00fcrekli hoca g\u00f6nderen bir yer de\u011fil&#8221; <\/b><\/em>\u015feklinde konu\u015ftu.<\/p>\n<p><img decoding=\"async\" src=\"https:\/\/bihavadis.com\/wp-content\/uploads\/2026\/02\/thorsten-finkten-ilk-sozler-ben-sihirbaz-degilim-2-dS2lTw1X.jpg\"\/><\/p>\n<p><strong>&#8220;\u00c7OK ETK\u0130LEND\u0130M&#8221;<\/strong><\/p>\n<p>Fink saha ve tesisler hakk\u0131nda \u015fu s\u00f6zleri s\u00f6yledi:<\/p>\n<p>Sahay\u0131 ve tesisleri g\u00f6rd\u00fcm. \u00c7ok etkilendi\u011fimi s\u00f6yleyebilirim. Bence harika bir stat. Tabii d\u0131\u015far\u0131dan g\u00f6rmek yerine i\u00e7ini g\u00f6rmeyi tercih ederim. D\u0131\u015far\u0131dan b\u00fcy\u00fck g\u00fczel ve yeni gibi g\u00f6r\u00fcn\u00fcyor. Stadyum benim yeni evim ve oray\u0131 pozitif enerjiyle doldurmak istiyorum.<\/p>\n<p><strong>&#8220;ONLARA KEY\u0130F VERECE\u011e\u0130Z&#8221;<\/strong><\/p>\n<p>Thomas Reis&#8217;tan da s\u00f6z eden ve ba\u015far\u0131 istedi\u011fini dile getiren Fink, <em><b>&#8220;Taraftarlar\u0131m\u0131za mesaj\u0131m size ba\u015far\u0131l\u0131 olaca\u011f\u0131m\u0131n s\u00f6z\u00fcn\u00fc veremem. Bir kul\u00fcp veya tak\u0131m i\u00e7in ba\u015far\u0131 nedir ki? Elbette her zaman ilk be\u015fte yer almak istiyoruz. Bir aile gibi birbirimize s\u0131k\u0131 s\u0131k\u0131 ba\u011fl\u0131 kal\u0131rsak Biliyorum bunu Thomas&#8217;la ba\u015fard\u0131n\u0131z. Eminim ki i\u015fini \u00e7ok iyi yapm\u0131\u015ft\u0131r. \u0130nsanlar onu \u00e7ok sevdi. Thomas&#8217;la birbirimize benzedi\u011fimizi s\u00f6yleyebilirim. Hissetti\u011fim \u015fey benzerlik. Fakat yolculuk devam etmeli. Bunlar futbolun i\u00e7inde var. Ben de ge\u00e7mi\u015fte ayn\u0131 \u015feyi ya\u015fad\u0131m. Size s\u00f6yleyebilece\u011fim tek \u015fey \u00e7ok \u00e7al\u0131\u015faca\u011f\u0131z ve kul\u00fcp i\u00e7in buradaki insanlar taraftarlar i\u00e7in her zaman en iyisini verece\u011fiz. Onlara keyif verece\u011fiz ve bunu yapt\u0131\u011f\u0131m\u0131zda ba\u015far\u0131 da gelecektir&#8221;<\/b><\/em> ifadelerini kulland\u0131.<\/p>\n","protected":false},"excerpt":{"rendered":"<p>Samsunspor Teknik Direkt\u00f6r\u00fc Thorsten Fink, g\u00f6reve ba\u015flamas\u0131n\u0131n ard\u0131ndan yapt\u0131\u011f\u0131 ilk a\u00e7\u0131klamada, &#8220;Tak\u0131m ve taraftarlar varsa ben de iyiyim. O zaman i\u015fim kolayla\u015f\u0131r. Ben bir sihirbaz veya ba\u015fka bir \u015fey de\u011filim&#8221; dedi.<\/p>\n","protected":false},"author":1,"featured_media":49772,"comment_status":"open","ping_status":"open","sticky":false,"template":"","format":"standard","meta":{"footnotes":""},"categories":[14],"tags":[6432,1449,691,1041,367],"class_list":["post-49771","post","type-post","status-publish","format-standard","has-post-thumbnail","hentry","category-spor","tag-fink","tag-kulup","tag-soz","tag-tek","tag-zaman"],"_links":{"self":[{"href":"https:\/\/bihavadis.com\/index.php\/wp-json\/wp\/v2\/posts\/49771","targetHints":{"allow":["GET"]}}],"collection":[{"href":"https:\/\/bihavadis.com\/index.php\/wp-json\/wp\/v2\/posts"}],"about":[{"href":"https:\/\/bihavadis.com\/index.php\/wp-json\/wp\/v2\/types\/post"}],"author":[{"embeddable":true,"href":"https:\/\/bihavadis.com\/index.php\/wp-json\/wp\/v2\/users\/1"}],"replies":[{"embeddable":true,"href":"https:\/\/bihavadis.com\/index.php\/wp-json\/wp\/v2\/comments?post=49771"}],"version-history":[{"count":1,"href":"https:\/\/bihavadis.com\/index.php\/wp-json\/wp\/v2\/posts\/49771\/revisions"}],"predecessor-version":[{"id":49776,"href":"https:\/\/bihavadis.com\/index.php\/wp-json\/wp\/v2\/posts\/49771\/revisions\/49776"}],"wp:featuredmedia":[{"embeddable":true,"href":"https:\/\/bihavadis.com\/index.php\/wp-json\/wp\/v2\/media\/49772"}],"wp:attachment":[{"href":"https:\/\/bihavadis.com\/index.php\/wp-json\/wp\/v2\/media?parent=49771"}],"wp:term":[{"taxonomy":"category","embeddable":true,"href":"https:\/\/bihavadis.com\/index.php\/wp-json\/wp\/v2\/categories?post=49771"},{"taxonomy":"post_tag","embeddable":true,"href":"https:\/\/bihavadis.com\/index.php\/wp-json\/wp\/v2\/tags?post=49771"}],"curies":[{"name":"wp","href":"https:\/\/api.w.org\/{rel}","templated":true}]}}