{"id":49833,"date":"2026-02-26T21:24:05","date_gmt":"2026-02-26T21:24:05","guid":{"rendered":"https:\/\/bihavadis.com\/?p=49833"},"modified":"2026-02-26T21:24:05","modified_gmt":"2026-02-26T21:24:05","slug":"dunya-icin-lazim-projesinde-25-tonu-askin-e-atik-toplandi","status":"publish","type":"post","link":"https:\/\/bihavadis.com\/index.php\/2026\/02\/26\/dunya-icin-lazim-projesinde-25-tonu-askin-e-atik-toplandi\/","title":{"rendered":"&#8220;D\u00fcnya \u0130\u00e7in Laz\u0131m&#8221; Projesinde 25 Tonu A\u015fk\u0131n E-At\u0131k Topland\u0131"},"content":{"rendered":"<p>Daha s\u00fcrd\u00fcr\u00fclebilir bir d\u00fcnya hedefiyle \u00e7al\u0131\u015fmalar\u0131n\u0131 s\u00fcrd\u00fcren\u00a0<strong>Vodafone,<\/strong>\u00a0hayata ge\u00e7irdi\u011fi\u00a0<strong>\u201cD\u00fcnya \u0130\u00e7in Laz\u0131m\u201d<\/strong>\u00a0projesiyle, do\u011fay\u0131 korumak \u00fczere kullan\u0131m \u00f6mr\u00fcn\u00fc tamamlam\u0131\u015f elektronik cihazlar\u0131 geri d\u00f6n\u00fc\u015ft\u00fcrmeye ve WWF-T\u00fcrkiye ve Habitat Derne\u011fi i\u015f birli\u011fiyle do\u011fay\u0131 koruma e\u011fitimleri vermeye devam ediyor. Proje kapsam\u0131nda toplanmas\u0131 hedeflenen 15 ton e-at\u0131k miktar\u0131na hedeflenen tarihten \u00f6nce ula\u015f\u0131larak \u015fimdiye kadar toplam\u00a0<strong>25 tonu a\u015fk\u0131n<\/strong>\u00a0e-at\u0131k topland\u0131. Projeye destek veren g\u00f6n\u00fcll\u00fc say\u0131s\u0131\u00a0<strong>400\u2019\u00fc<\/strong>\u00a0ge\u00e7erken, do\u011fay\u0131 koruma e\u011fitimleriyle ula\u015f\u0131lan ki\u015fi say\u0131s\u0131 da\u00a0<strong>57 bini<\/strong>\u00a0a\u015ft\u0131. Projede May\u0131s ay\u0131na kadar\u00a0<strong>70 bin<\/strong>\u00a0ki\u015fiye do\u011fay\u0131 koruma e\u011fitimi verilmesi ve\u00a0<strong>500\u00a0<\/strong>g\u00f6n\u00fcll\u00fcye ula\u015f\u0131lmas\u0131 hedefleniyor.\u00a0<\/p>\n<p><strong>Vodafone T\u00fcrkiye \u0130cra Kurulu Ba\u015fkan Yard\u0131mc\u0131s\u0131 Hasan S\u00fcel<\/strong>, \u015funlar\u0131 s\u00f6yledi:\u00a0<\/p>\n<p>\u201cVodafone olarak, Ama\u00e7 Odakl\u0131 yakla\u015f\u0131m\u0131m\u0131z kapsam\u0131nda global odak alanlar\u0131m\u0131z olan \u2018Topluma De\u011fer Katmak\u2019, \u2018Gezegenimizi Korumak\u2019 ve \u2018G\u00fcven \u0130n\u015fa Etmek\u2019 anlay\u0131\u015f\u0131m\u0131z do\u011frultusunda \u00e7al\u0131\u015fmaya devam ediyoruz. WWF-T\u00fcrkiye ve Habitat Derne\u011fi i\u015fbirli\u011fiyle hayata ge\u00e7irdi\u011fimiz \u2018D\u00fcnya \u0130\u00e7in Laz\u0131m\u2019 projesinde amac\u0131m\u0131z, e-at\u0131klar\u0131 d\u00f6n\u00fc\u015ft\u00fcrerek do\u011fam\u0131za s\u0131f\u0131r at\u0131k katk\u0131s\u0131nda bulunmak ve e-at\u0131k d\u00f6n\u00fc\u015f\u00fcmleri sayesinde do\u011fa bilinci geli\u015fen bir toplulu\u011fun olu\u015fmas\u0131n\u0131 sa\u011flamak. Projemizin g\u00f6rd\u00fc\u011f\u00fc ilgiden son derece memnunuz. Bu yo\u011fun ilgi sayesinde, toplamay\u0131 hedefledi\u011fimiz e-at\u0131k miktar\u0131na hedef tarihimizden \u00f6nce ula\u015ft\u0131k ve bug\u00fcn itibar\u0131yla toplam 25 tonu a\u015fk\u0131n e-at\u0131\u011f\u0131 geri d\u00f6n\u00fc\u015f\u00fcme kazand\u0131rd\u0131k. Daha s\u00fcrd\u00fcr\u00fclebilir bir d\u00fcnya i\u00e7in projemize destek olan herkese \u00e7ok te\u015fekk\u00fcr ediyoruz. Devam eden projemizle e-at\u0131klar\u0131n geri d\u00f6n\u00fc\u015f\u00fcm\u00fcne katk\u0131 sa\u011flamay\u0131 s\u00fcrd\u00fcr\u00fcyoruz. Bu vesileyle, projemizin devam etti\u011fini hat\u0131rlatmak ve m\u00fc\u015fterimiz olsun olmas\u0131n herkesi bir g\u00fcn laz\u0131m olur diye \u00e7ekmecelerde duran e-at\u0131klar\u0131 geri d\u00f6n\u00fc\u015ft\u00fcr\u00fclmesi i\u00e7in ma\u011fazalar\u0131m\u0131za getirmeye davet etmek istiyorum.\u201d<\/p>\n<p><strong>\u0130lkokul ve ortaokul gruplar\u0131 i\u00e7in do\u011fay\u0131 koruma e\u011fitimleri\u00a0<\/strong><\/p>\n<p>\u201cD\u00fcnya \u0130\u00e7in Laz\u0131m\u201d projesinde, T\u00fcrkiye genelinde 7-14 ya\u015f aras\u0131ndaki \u00e7ocuklara, e-at\u0131k ve s\u00fcrd\u00fcr\u00fclebilirlik bilinci kazand\u0131rmak amac\u0131yla e\u011fitimler veriliyor. Bu kapsamda, ilkokul ve ortaokul gruplar\u0131 i\u00e7in y\u00fcz y\u00fcze ve \u00e7evrim i\u00e7i olacak \u015fekilde Do\u011fa Koruma, E-At\u0131k, \u0130klim De\u011fi\u015fimi, \u0130leri D\u00f6n\u00fc\u015f\u00fcm ve S\u00fcrd\u00fcr\u00fclebilirlik ba\u015fl\u0131klar\u0131nda e\u011fitimler d\u00fczenleniyor.\u00a0<\/p>\n<p><strong>Ebeveyn ve e\u011fitmenler i\u00e7in seminerler\u00a0<\/strong><\/p>\n<p>Projede do\u011fay\u0131 koruma e\u011fitimlerinin verilebilmesi i\u00e7in d\u00fczenlenen e\u011fitmen e\u011fitimlerinde ise E\u011fitmenlik Becerileri, Etkili Sunum ve Oturum Tasar\u0131m\u0131, \u00c7ocuklarla Hak Temelli \u00c7al\u0131\u015fma, \u0130\u00e7erik Aktar\u0131m\u0131 ve \u0130\u00e7erik Deneyimleme, Teknoloji Becerileri ve E-\u00d6\u011frenme Ara\u00e7lar\u0131, Yerel S\u00fcre\u00e7ler gibi konular ele al\u0131n\u0131yor. Bunun yan\u0131 s\u0131ra ebeveyn ve e\u011fitmenler i\u00e7in organize edilen web seminerleri ile s\u00fcrd\u00fcr\u00fclebilir ya\u015fam al\u0131\u015fkanl\u0131klar\u0131n\u0131n hem evde hem okulda desteklenmesi ama\u00e7lan\u0131yor. Bug\u00fcne kadar ebeveyn ve e\u011fitmenler i\u00e7in \u201cDijital Ara\u00e7larla S\u00fcrd\u00fcr\u00fclebilirlik Fark\u0131ndal\u0131\u011f\u0131: Ebeveyn ve \u00d6\u011fretmenler \u0130\u00e7in Rehber\u201d, \u201cDo\u011fa E\u011fitimi Erken Ya\u015fta Ba\u015flar: Do\u011fru Y\u00f6ntemler, Kal\u0131c\u0131 Etki\u201d, \u201cEvde Ba\u015flayan D\u00f6n\u00fc\u015f\u00fcm: Ailece S\u00fcrd\u00fcr\u00fclebilir Ya\u015fam K\u00fclt\u00fcr\u00fc\u201d ve \u201c\u00c7ocuklar \u0130\u00e7in Do\u011fa ve Teknolojiyi Bulu\u015fturmak: Yeni Nesil \u00d6\u011frenme Yakla\u015f\u0131mlar\u0131\u201d konulu 4 web semineri d\u00fczenlendi.\u00a0<\/p>\n<p><strong>Talep \u00fczerine ek at\u00f6lye yap\u0131ld\u0131<\/strong><\/p>\n<p>Webinarlara ek olarak, proje g\u00f6n\u00fcll\u00fclerinden gelen talep \u00fczerine, \u201cYapay Zek\u00e2 Ara\u00e7lar\u0131 \u2013 E\u011fitmen Geli\u015fimi Odakl\u0131 Oturum\u201d at\u00f6lyesi de ger\u00e7ekle\u015ftirildi. At\u00f6lyeyle, e\u011fitmenlerin yapay zek\u00e2 okuryazarl\u0131\u011f\u0131n\u0131n art\u0131r\u0131lmas\u0131, g\u00fcnl\u00fck e\u011fitmenlik pratiklerinde kullanabilecekleri yapay zek\u00e2 ara\u00e7lar\u0131n\u0131n tan\u0131t\u0131lmas\u0131, e\u011fitim i\u00e7eriklerini daha verimli ve yenilik\u00e7i hale getirmelerine destek olunmas\u0131 ama\u00e7land\u0131.<\/p>\n<p>\u00a0<\/p>\n<p>Kaynak: (BYZHA) Beyaz Haber Ajans\u0131<\/p>\n","protected":false},"excerpt":{"rendered":"<p>Daha s\u00fcrd\u00fcr\u00fclebilir bir d\u00fcnya hedefiyle \u00e7al\u0131\u015fmalar\u0131n\u0131 s\u00fcrd\u00fcren\u00a0Vodafone,\u00a0hayata ge\u00e7irdi\u011fi\u00a0\u201cD\u00fcnya \u0130\u00e7in Laz\u0131m\u201d\u00a0projesiyle, do\u011fay\u0131 korumak \u00fczere kullan\u0131m \u00f6mr\u00fcn\u00fc tamamlam\u0131\u015f elektronik cihazlar\u0131 geri d\u00f6n\u00fc\u015ft\u00fcrmeye ve WWF-T\u00fcrkiye ve Habitat Derne\u011fi i\u015f birli\u011fiyle do\u011fay\u0131 koruma e\u011fitimleri vermeye devam ediyor<\/p>\n","protected":false},"author":1,"featured_media":49834,"comment_status":"open","ping_status":"open","sticky":false,"template":"","format":"standard","meta":{"footnotes":""},"categories":[4],"tags":[6437,6438,661,237,970],"class_list":["post-49833","post","type-post","status-publish","format-standard","has-post-thumbnail","hentry","category-gundem","tag-e-atik","tag-egitmen","tag-hedef","tag-proje","tag-surdurulebilir"],"_links":{"self":[{"href":"https:\/\/bihavadis.com\/index.php\/wp-json\/wp\/v2\/posts\/49833","targetHints":{"allow":["GET"]}}],"collection":[{"href":"https:\/\/bihavadis.com\/index.php\/wp-json\/wp\/v2\/posts"}],"about":[{"href":"https:\/\/bihavadis.com\/index.php\/wp-json\/wp\/v2\/types\/post"}],"author":[{"embeddable":true,"href":"https:\/\/bihavadis.com\/index.php\/wp-json\/wp\/v2\/users\/1"}],"replies":[{"embeddable":true,"href":"https:\/\/bihavadis.com\/index.php\/wp-json\/wp\/v2\/comments?post=49833"}],"version-history":[{"count":1,"href":"https:\/\/bihavadis.com\/index.php\/wp-json\/wp\/v2\/posts\/49833\/revisions"}],"predecessor-version":[{"id":49835,"href":"https:\/\/bihavadis.com\/index.php\/wp-json\/wp\/v2\/posts\/49833\/revisions\/49835"}],"wp:featuredmedia":[{"embeddable":true,"href":"https:\/\/bihavadis.com\/index.php\/wp-json\/wp\/v2\/media\/49834"}],"wp:attachment":[{"href":"https:\/\/bihavadis.com\/index.php\/wp-json\/wp\/v2\/media?parent=49833"}],"wp:term":[{"taxonomy":"category","embeddable":true,"href":"https:\/\/bihavadis.com\/index.php\/wp-json\/wp\/v2\/categories?post=49833"},{"taxonomy":"post_tag","embeddable":true,"href":"https:\/\/bihavadis.com\/index.php\/wp-json\/wp\/v2\/tags?post=49833"}],"curies":[{"name":"wp","href":"https:\/\/api.w.org\/{rel}","templated":true}]}}