{"id":49853,"date":"2026-02-26T21:42:06","date_gmt":"2026-02-26T21:42:06","guid":{"rendered":"https:\/\/bihavadis.com\/?p=49853"},"modified":"2026-02-26T21:42:06","modified_gmt":"2026-02-26T21:42:06","slug":"samsunspor-konferans-ligi-play-off-turunu-gecmek-istiyoruz","status":"publish","type":"post","link":"https:\/\/bihavadis.com\/index.php\/2026\/02\/26\/samsunspor-konferans-ligi-play-off-turunu-gecmek-istiyoruz\/","title":{"rendered":"Samsunspor: Konferans Ligi Play-Off turunu ge\u00e7mek istiyoruz"},"content":{"rendered":"<p>Samsunspor, UEFA Avrupa Konferans Ligi Play-Off turu ilk ma\u00e7\u0131nda 19 \u015eubat Per\u015fembe g\u00fcn\u00fc Kuzey Makedonya\u2019da, National Arena Todor Proeski\u2019de KF Shkendija ile kar\u015f\u0131la\u015facak.<\/p>\n<p>Kar\u015f\u0131la\u015fma \u00f6ncesi Samsunspor Bas\u0131n S\u00f6zc\u00fcs\u00fc Suat \u00c7ak\u0131r, Shkendija kar\u015f\u0131s\u0131ndaki hedefleri hakk\u0131nda Demir\u00f6ren Haber Ajans\u0131\u2019na (DHA) \u00f6zel a\u00e7\u0131klamalarda bulundu.<\/p>\n<p><strong>&#8220;CAM\u0130AMIZA YAKI\u015eIR B\u0130R M\u00dcCADELE ORTAYA KOYARAK TURU GE\u00c7EN TARAF OLMAK \u0130ST\u0130YORUZ&#8221;<\/strong><\/p>\n<p>K\u0131rm\u0131z\u0131-beyazl\u0131 tak\u0131m\u0131n taraftar deste\u011fiyle daha bir\u00e7ok ba\u015far\u0131 elde edeceklerine inand\u0131klar\u0131n\u0131 belirten Suat \u00c7ak\u0131r, <em><b>&#8220;Mutlaka Konferans Ligi Play-Off turunu ge\u00e7mek istiyoruz. Bu turu ge\u00e7ebilece\u011fimize de son derece inan\u0131yoruz. Hem oyuncular\u0131m\u0131za hem teknik ekibimize g\u00fcvenimiz tam. Yeni hocam\u0131z Thorsten Fink d\u00fcn tak\u0131m\u0131m\u0131zla ilk idman\u0131na \u00e7\u0131kt\u0131. Bug\u00fcn de Konferans Ligi m\u00fccadelesi \u00f6ncesinde Samsun\u2019daki son antrenman\u0131m\u0131z\u0131 ger\u00e7ekle\u015ftirdik. Tak\u0131m\u0131m\u0131z\u0131n motivasyonu ve \u00e7al\u0131\u015fma iste\u011fi olduk\u00e7a y\u00fcksek. Hocam\u0131zla birlikte yeni bir sayfa a\u00e7aca\u011f\u0131m\u0131za, camiam\u0131z i\u00e7in g\u00fczel bir s\u00fcrecin ba\u015flayaca\u011f\u0131na inan\u0131yoruz. Taraftarlar\u0131m\u0131z\u0131n g\u00fcc\u00fcn\u00fc her zaman yan\u0131m\u0131zda hissediyoruz. Makedonya\u2019da trib\u00fcnde olacak, ekranlar\u0131 ba\u015f\u0131nda bizi destekleyecek t\u00fcm taraftarlar\u0131m\u0131z\u0131n deste\u011fi bizim i\u00e7in \u00e7ok k\u0131ymetli. Onlar\u0131n inanc\u0131 ve enerjisiyle her zorlu\u011fun \u00fcstesinden gelebilece\u011fimize eminiz. B\u00fcy\u00fck Samsunspor taraftar\u0131 her yerde b\u00fcy\u00fckl\u00fc\u011f\u00fcn\u00fc g\u00f6stermektedir. Yar\u0131n Kuzey Makedonya\u2019ya u\u00e7aca\u011f\u0131z. Bu ma\u00e7tan galibiyetimizi al\u0131p, Cuma g\u00fcn\u00fc de \u00fclkemize d\u00f6nmeyi hedefliyoruz. Camiam\u0131za yak\u0131\u015f\u0131r bir m\u00fccadele ortaya koyarak turu ge\u00e7en taraf olmak istiyoruz&#8221;<\/b><\/em> ifadelerini kulland\u0131.<\/p>\n<p><img decoding=\"async\" src=\"https:\/\/bihavadis.com\/wp-content\/uploads\/2026\/02\/samsunspor-konferans-ligi-play-off-turunu-gecmek-istiyoruz-0-iucMj6B7.jpg\"\/><\/p>\n","protected":false},"excerpt":{"rendered":"<p>Samsunspor Bas\u0131n S\u00f6zc\u00fcs\u00fc Suat \u00c7ak\u0131r, &#8220;Mutlaka Konferans Ligi Play-Off turunu ge\u00e7mek istiyoruz. Bu turu ge\u00e7ebilece\u011fimize de son derece inan\u0131yoruz. Hem oyuncular\u0131m\u0131za hem teknik ekibimize g\u00fcvenimiz tam&#8221; dedi.<\/p>\n","protected":false},"author":1,"featured_media":49854,"comment_status":"open","ping_status":"open","sticky":false,"template":"","format":"standard","meta":{"footnotes":""},"categories":[14],"tags":[1939,3032],"class_list":["post-49853","post","type-post","status-publish","format-standard","has-post-thumbnail","hentry","category-spor","tag-taraf","tag-turu"],"_links":{"self":[{"href":"https:\/\/bihavadis.com\/index.php\/wp-json\/wp\/v2\/posts\/49853","targetHints":{"allow":["GET"]}}],"collection":[{"href":"https:\/\/bihavadis.com\/index.php\/wp-json\/wp\/v2\/posts"}],"about":[{"href":"https:\/\/bihavadis.com\/index.php\/wp-json\/wp\/v2\/types\/post"}],"author":[{"embeddable":true,"href":"https:\/\/bihavadis.com\/index.php\/wp-json\/wp\/v2\/users\/1"}],"replies":[{"embeddable":true,"href":"https:\/\/bihavadis.com\/index.php\/wp-json\/wp\/v2\/comments?post=49853"}],"version-history":[{"count":1,"href":"https:\/\/bihavadis.com\/index.php\/wp-json\/wp\/v2\/posts\/49853\/revisions"}],"predecessor-version":[{"id":49856,"href":"https:\/\/bihavadis.com\/index.php\/wp-json\/wp\/v2\/posts\/49853\/revisions\/49856"}],"wp:featuredmedia":[{"embeddable":true,"href":"https:\/\/bihavadis.com\/index.php\/wp-json\/wp\/v2\/media\/49854"}],"wp:attachment":[{"href":"https:\/\/bihavadis.com\/index.php\/wp-json\/wp\/v2\/media?parent=49853"}],"wp:term":[{"taxonomy":"category","embeddable":true,"href":"https:\/\/bihavadis.com\/index.php\/wp-json\/wp\/v2\/categories?post=49853"},{"taxonomy":"post_tag","embeddable":true,"href":"https:\/\/bihavadis.com\/index.php\/wp-json\/wp\/v2\/tags?post=49853"}],"curies":[{"name":"wp","href":"https:\/\/api.w.org\/{rel}","templated":true}]}}