{"id":49860,"date":"2026-02-26T21:48:05","date_gmt":"2026-02-26T21:48:05","guid":{"rendered":"https:\/\/bihavadis.com\/?p=49860"},"modified":"2026-02-26T21:48:05","modified_gmt":"2026-02-26T21:48:05","slug":"karsiyaka-belediyesinden-saglikta-guclu-destek","status":"publish","type":"post","link":"https:\/\/bihavadis.com\/index.php\/2026\/02\/26\/karsiyaka-belediyesinden-saglikta-guclu-destek\/","title":{"rendered":"Kar\u015f\u0131yaka Belediyesi&#8217;nden sa\u011fl\u0131kta g\u00fc\u00e7l\u00fc destek"},"content":{"rendered":"<p><b>Sosyal belediyecilik anlay\u0131\u015f\u0131n\u0131 merkeze alan Kar\u015f\u0131yaka Belediyesi, Evde Sa\u011fl\u0131k Destek Merkezi (ESDEM) ile yaln\u0131z ya\u015fayan, hasta, engelli ve bak\u0131ma ihtiya\u00e7 duyan vatanda\u015flar\u0131n ya\u015fam\u0131na dokunmaya devam ediyor. Evlere ta\u015f\u0131nan sa\u011fl\u0131k ve psikososyal destek hizmetlerinden her y\u0131l y\u00fczlerce ki\u015fi yararlan\u0131yor. Belediye Ba\u015fkan\u0131 Y\u0131ld\u0131z \u00dcnsal \u201cYa\u015fam kalitesini \u00f6nceleyen sosyal destek hizmetlerimizle, kimsenin kendini yaln\u0131z hissetmedi\u011fi bir kent i\u00e7in \u00e7al\u0131\u015f\u0131yoruz\u201d dedi.<\/b><\/p>\n<p>Kar\u015f\u0131yaka Belediyesi Evde Sa\u011fl\u0131k Destek Merkezi (ESDEM), uzman kadrosuyla ihtiya\u00e7 sahibi vatanda\u015flar\u0131n evlerine \u015fifa ta\u015f\u0131yor. 4 sa\u011fl\u0131k personeli, 2 psikolog, 2 sekreter, 1 \u015fof\u00f6r ve 1 yard\u0131mc\u0131 hasta bak\u0131m eleman\u0131ndan olu\u015fan ekip, ba\u015fvuruda bulunan vatanda\u015flar\u0131n evlerine giderek ihtiya\u00e7lar\u0131 do\u011frultusunda gerekli destekleri sunuyor. Bu kapsamda, kronik hastal\u0131\u011f\u0131 bulunan ki\u015filere e\u011fitim ve dan\u0131\u015fmanl\u0131k hizmeti veriliyor. G\u00f6r\u00fc\u015fmeler s\u0131ras\u0131nda Alzheimer hastal\u0131\u011f\u0131 tespit edilen bireyler ilgili sa\u011fl\u0131k kurulu\u015flar\u0131na y\u00f6nlendirilirken, \u0130zmir\u2019de sa\u011fl\u0131k alan\u0131nda hizmet veren \u00f6nemli ileti\u015fim numaralar\u0131 da vatanda\u015flarla payla\u015f\u0131l\u0131yor. Merkezde g\u00f6rev yapan psikologlar, hem telefonla hem de y\u00fcz y\u00fcze g\u00f6r\u00fc\u015fmelerle destek sa\u011flamay\u0131 s\u00fcrd\u00fcr\u00fcyor. \u00d6zellikle yaln\u0131z ya\u015fayan vatanda\u015flar i\u00e7in bu hizmet \u00f6nemli bir sosyal dayan\u0131\u015fma \u00f6rne\u011fi olu\u015fturuyor.<\/p>\n<p><b>TEM\u0130ZL\u0130K H\u0130ZMET\u0130 YEN\u0130DEN BA\u015eLIYOR<\/b><\/p>\n<p>\u00d6te yandan ESDEM kapsam\u0131nda sunulan evde temizlik hizmetleri Mart ay\u0131 itibar\u0131yla yeniden ba\u015flayacak. B\u00f6ylece ihtiya\u00e7 sahibi vatanda\u015flar\u0131n ya\u015fam alanlar\u0131n\u0131n daha sa\u011fl\u0131kl\u0131 ve g\u00fcvenli hale getirilmesi hedefleniyor. Evde Sa\u011fl\u0131k Destek Merkezi hizmetlerinden yararlanmak isteyen vatanda\u015flar\u00a0366 21 89\u00a0ve\u00a0369 27 30\u00a0numaral\u0131 telefonlardan, Kar\u015f\u0131yaka Belediyesi Halkla \u0130li\u015fkiler Birimi\u2019nden veya mahalle muhtarlar\u0131 arac\u0131l\u0131\u011f\u0131yla ba\u015fvuru yapabiliyor.<\/p>\n<p><b>\u201cK\u0130MSEY\u0130 YALNIZ BIRAKMIYORUZ\u201d<\/b><\/p>\n<p>Kar\u015f\u0131yaka Belediye Ba\u015fkan\u0131 Y\u0131ld\u0131z \u00dcnsal \u201cEvde sa\u011fl\u0131k ve psikososyal destek hizmetlerimizle kap\u0131lar\u0131 \u00e7al\u0131yor; yaln\u0131z ya\u015fayan, bak\u0131ma muhta\u00e7 ve kronik hastal\u0131\u011f\u0131 olan vatanda\u015flar\u0131m\u0131z\u0131n yan\u0131nda oluyoruz. Amac\u0131m\u0131z sadece bak\u0131m deste\u011fi sa\u011flamak de\u011fil, g\u00fcven veren, umut a\u015f\u0131layan ve ya\u015fam kalitesini art\u0131ran bir anlay\u0131\u015f\u0131 her evde hissettirmektir. ESDEM ile Kar\u015f\u0131yaka\u2019da toplum sa\u011fl\u0131\u011f\u0131na katk\u0131 sunuyor, sosyal belediyecili\u011fin ger\u00e7ek anlam\u0131n\u0131 hayata ge\u00e7iriyoruz. Kimsenin kendini yaln\u0131z hissetmedi\u011fi, dayan\u0131\u015fman\u0131n daha da b\u00fcy\u00fcd\u00fc\u011f\u00fc bir kent i\u00e7in kararl\u0131l\u0131kla \u00e7al\u0131\u015fmaya devam edece\u011fiz\u201d diye konu\u015ftu.\u00a0<\/p>\n<p>\u00a0<\/p>\n<p>Kaynak: (BYZHA) Beyaz Haber Ajans\u0131<\/p>\n","protected":false},"excerpt":{"rendered":"<p>Sosyal belediyecilik anlay\u0131\u015f\u0131n\u0131 merkeze alan Kar\u015f\u0131yaka Belediyesi, Evde Sa\u011fl\u0131k Destek Merkezi (ESDEM) ile yaln\u0131z ya\u015fayan, hasta, engelli ve bak\u0131ma ihtiya\u00e7 duyan vatanda\u015flar\u0131n ya\u015fam\u0131na dokunmaya devam ediyor.<\/p>\n","protected":false},"author":1,"featured_media":49861,"comment_status":"open","ping_status":"open","sticky":false,"template":"","format":"standard","meta":{"footnotes":""},"categories":[11],"tags":[372,498,315,157,1135],"class_list":["post-49860","post","type-post","status-publish","format-standard","has-post-thumbnail","hentry","category-saglik","tag-belediye","tag-destek","tag-hizmet","tag-saglik","tag-vatandaslar"],"_links":{"self":[{"href":"https:\/\/bihavadis.com\/index.php\/wp-json\/wp\/v2\/posts\/49860","targetHints":{"allow":["GET"]}}],"collection":[{"href":"https:\/\/bihavadis.com\/index.php\/wp-json\/wp\/v2\/posts"}],"about":[{"href":"https:\/\/bihavadis.com\/index.php\/wp-json\/wp\/v2\/types\/post"}],"author":[{"embeddable":true,"href":"https:\/\/bihavadis.com\/index.php\/wp-json\/wp\/v2\/users\/1"}],"replies":[{"embeddable":true,"href":"https:\/\/bihavadis.com\/index.php\/wp-json\/wp\/v2\/comments?post=49860"}],"version-history":[{"count":1,"href":"https:\/\/bihavadis.com\/index.php\/wp-json\/wp\/v2\/posts\/49860\/revisions"}],"predecessor-version":[{"id":49862,"href":"https:\/\/bihavadis.com\/index.php\/wp-json\/wp\/v2\/posts\/49860\/revisions\/49862"}],"wp:featuredmedia":[{"embeddable":true,"href":"https:\/\/bihavadis.com\/index.php\/wp-json\/wp\/v2\/media\/49861"}],"wp:attachment":[{"href":"https:\/\/bihavadis.com\/index.php\/wp-json\/wp\/v2\/media?parent=49860"}],"wp:term":[{"taxonomy":"category","embeddable":true,"href":"https:\/\/bihavadis.com\/index.php\/wp-json\/wp\/v2\/categories?post=49860"},{"taxonomy":"post_tag","embeddable":true,"href":"https:\/\/bihavadis.com\/index.php\/wp-json\/wp\/v2\/tags?post=49860"}],"curies":[{"name":"wp","href":"https:\/\/api.w.org\/{rel}","templated":true}]}}