{"id":49923,"date":"2026-02-26T22:36:07","date_gmt":"2026-02-26T22:36:07","guid":{"rendered":"https:\/\/bihavadis.com\/?p=49923"},"modified":"2026-02-26T22:36:07","modified_gmt":"2026-02-26T22:36:07","slug":"mesud-pezeskiyan-muzakereler-hamaneyin-onayiyla-yurutuluyor","status":"publish","type":"post","link":"https:\/\/bihavadis.com\/index.php\/2026\/02\/26\/mesud-pezeskiyan-muzakereler-hamaneyin-onayiyla-yurutuluyor\/","title":{"rendered":"Mesud Peze\u015fkiyan: M\u00fczakereler Hamaney\u2019in onay\u0131yla y\u00fcr\u00fct\u00fcl\u00fcyor"},"content":{"rendered":"<p>Tahran merkezli Entekhab haber sitesine g\u00f6re din adamlar\u0131yla bir araya geldi\u011fi toplant\u0131da konu\u015fan Peze\u015fkiyan,<b><em> \u201cM\u00fczakereler Devrim Lideri\u2019nin onay\u0131yla y\u00fcr\u00fct\u00fclmektedir. Amac\u0131m\u0131z konu\u015fmak i\u00e7in konu\u015fmak de\u011fil, meseleleri \u00e7\u00f6z\u00fcme kavu\u015fturmakt\u0131r. Sonuca ula\u015fma noktas\u0131nda ciddiyiz ve m\u00fczakere s\u00fcrecinin somut sonu\u00e7lara varmas\u0131n\u0131 \u00fcmit ediyoruz.\u201d<\/em><\/b> ifadelerini kulland\u0131.<\/p>\n<p><strong>&#8220;KOM\u015eULARIMIZLA \u0130\u015eB\u0130RL\u0130\u011e\u0130 SORUNUN \u00c7\u00d6Z\u00dcM\u00dcN\u00dc KOLAYLA\u015eTIRDI&#8221;<\/strong><\/p>\n<p>Peze\u015fkiyan, kom\u015fu ve \u0130slam \u00fclkeleriyle iyi ili\u015fkiler geli\u015ftirdiklerini belirterek, bu diplomatik yakla\u015f\u0131m\u0131n b\u00f6lgesel sorunlar\u0131n \u00e7\u00f6z\u00fcm\u00fcne katk\u0131 sundu\u011funu dile getirdi.<\/p>\n<p>\u0130srail\u2019in \u0130ran\u2019a y\u00f6nelik sald\u0131r\u0131lar\u0131na kar\u015f\u0131 bir\u00e7ok \u00fclkenin k\u0131nama mesaj\u0131 yay\u0131mlad\u0131\u011f\u0131n\u0131 hat\u0131rlatan Peze\u015fkiyan, kom\u015fu \u00fclkelerin gerilimi azaltma y\u00f6n\u00fcndeki \u00e7abalar\u0131n\u0131n i\u015fbirli\u011finin somut yans\u0131mas\u0131 oldu\u011funu s\u00f6yledi.<\/p>\n<p><img decoding=\"async\" src=\"https:\/\/bihavadis.com\/wp-content\/uploads\/2026\/02\/mesud-pezeskiyan-muzakereler-hamaneyin-onayiyla-yurutuluyor-0-HCFJ51Bc.jpg\"\/><\/p>\n<p><strong>M\u00dcZAKERE S\u00dcREC\u0130NDE SON DURUM<\/strong><\/p>\n<p>\u0130srail ve ABD\u2019nin Haziran 2025\u2019te \u0130ran\u2019a d\u00fczenledi\u011fi sald\u0131r\u0131lar ve 12 g\u00fcn s\u00fcren \u00e7at\u0131\u015fmalar nedeniyle kesintiye u\u011frayan diplomatik s\u00fcre\u00e7, yeniden ba\u015flat\u0131ld\u0131.<\/p>\n<p>Taraflar ilk tur g\u00f6r\u00fc\u015fmeleri Umman\u2019\u0131n ba\u015fkenti Maskat\u2019ta ger\u00e7ekle\u015ftirdi. Ard\u0131ndan m\u00fczakereler Avrupa\u2019ya ta\u015f\u0131nd\u0131 ve \u0130svi\u00e7re\u2019nin Cenevre kentinde ikinci tur tamamland\u0131.<\/p>\n<p>\u0130ran D\u0131\u015fi\u015fleri Bakan\u0131 Abbas Erak\u00e7i, Cenevre\u2019deki temaslar\u0131n ard\u0131ndan yapt\u0131\u011f\u0131 a\u00e7\u0131klamada, <b><em>\u201cBundan sonra izleyece\u011fimiz yol ve muhtemel bir anla\u015fman\u0131n metnine girece\u011fimiz bir dizi ilke \u00fczerinde genel bir anla\u015fmaya vard\u0131k. \u0130ki taraf\u0131n olas\u0131 bir anla\u015fman\u0131n metinleri \u00fczerinde \u00e7al\u0131\u015fmas\u0131, metinleri kar\u015f\u0131l\u0131kl\u0131 olarak payla\u015fmas\u0131 ve \u00fc\u00e7\u00fcnc\u00fc tur g\u00f6r\u00fc\u015fmeler i\u00e7in ba\u015fka bir tarih belirlemesi konusunda mutab\u0131k kal\u0131nd\u0131.\u201d <\/em><\/b>dedi.<\/p>\n<p><img decoding=\"async\" src=\"https:\/\/bihavadis.com\/wp-content\/uploads\/2026\/02\/mesud-pezeskiyan-muzakereler-hamaneyin-onayiyla-yurutuluyor-1-22sOHwIW.jpg\"\/><\/p>\n","protected":false},"excerpt":{"rendered":"<p>Mesud Peze\u015fkiyan, ABD ile y\u00fcr\u00fct\u00fclen m\u00fczakere s\u00fcrecine ili\u015fkin dikkat \u00e7eken a\u00e7\u0131klamalarda bulundu. Peze\u015fkiyan, g\u00f6r\u00fc\u015fmelerin Ali Hamaney\u2019in onay\u0131yla s\u00fcrd\u00fcr\u00fcld\u00fc\u011f\u00fcn\u00fc belirterek, s\u00fcrecin siyasi iradenin en \u00fcst d\u00fczeyinde desteklendi\u011fini vurgulad\u0131.<\/p>\n","protected":false},"author":1,"featured_media":49924,"comment_status":"open","ping_status":"open","sticky":false,"template":"","format":"standard","meta":{"footnotes":""},"categories":[6],"tags":[],"class_list":["post-49923","post","type-post","status-publish","format-standard","has-post-thumbnail","hentry","category-dunya"],"_links":{"self":[{"href":"https:\/\/bihavadis.com\/index.php\/wp-json\/wp\/v2\/posts\/49923","targetHints":{"allow":["GET"]}}],"collection":[{"href":"https:\/\/bihavadis.com\/index.php\/wp-json\/wp\/v2\/posts"}],"about":[{"href":"https:\/\/bihavadis.com\/index.php\/wp-json\/wp\/v2\/types\/post"}],"author":[{"embeddable":true,"href":"https:\/\/bihavadis.com\/index.php\/wp-json\/wp\/v2\/users\/1"}],"replies":[{"embeddable":true,"href":"https:\/\/bihavadis.com\/index.php\/wp-json\/wp\/v2\/comments?post=49923"}],"version-history":[{"count":1,"href":"https:\/\/bihavadis.com\/index.php\/wp-json\/wp\/v2\/posts\/49923\/revisions"}],"predecessor-version":[{"id":49927,"href":"https:\/\/bihavadis.com\/index.php\/wp-json\/wp\/v2\/posts\/49923\/revisions\/49927"}],"wp:featuredmedia":[{"embeddable":true,"href":"https:\/\/bihavadis.com\/index.php\/wp-json\/wp\/v2\/media\/49924"}],"wp:attachment":[{"href":"https:\/\/bihavadis.com\/index.php\/wp-json\/wp\/v2\/media?parent=49923"}],"wp:term":[{"taxonomy":"category","embeddable":true,"href":"https:\/\/bihavadis.com\/index.php\/wp-json\/wp\/v2\/categories?post=49923"},{"taxonomy":"post_tag","embeddable":true,"href":"https:\/\/bihavadis.com\/index.php\/wp-json\/wp\/v2\/tags?post=49923"}],"curies":[{"name":"wp","href":"https:\/\/api.w.org\/{rel}","templated":true}]}}