{"id":49934,"date":"2026-02-26T22:45:08","date_gmt":"2026-02-26T22:45:08","guid":{"rendered":"https:\/\/bihavadis.com\/?p=49934"},"modified":"2026-02-26T22:45:08","modified_gmt":"2026-02-26T22:45:08","slug":"abiy-ahmedten-turkiye-ile-guclu-isbirligi-mesaji","status":"publish","type":"post","link":"https:\/\/bihavadis.com\/index.php\/2026\/02\/26\/abiy-ahmedten-turkiye-ile-guclu-isbirligi-mesaji\/","title":{"rendered":"Abiy Ahmed&#8217;ten T\u00fcrkiye ile g\u00fc\u00e7l\u00fc i\u015fbirli\u011fi mesaj\u0131"},"content":{"rendered":"<p>Etiyopya Ba\u015fbakan\u0131 Abiy Ahmed, sosyal medya platformu X \u00fczerinden yapt\u0131\u011f\u0131 payla\u015f\u0131mda, Cumhurba\u015fkan\u0131 Recep Tayyip Erdo\u011fan\u2019\u0131n Etiyopya\u2019n\u0131n ba\u015fkenti Addis Ababa\u2019ya ger\u00e7ekle\u015ftirdi\u011fi resmi ziyarete ili\u015fkin de\u011ferlendirmelerde bulundu.<\/p>\n<p>G\u00f6r\u00fc\u015fmelerin kapsaml\u0131 ve verimli ge\u00e7ti\u011fini belirten Ahmed<b><em>, \u201cG\u00f6r\u00fc\u015fmelerimiz, Etiyopya-T\u00fcrkiye ili\u015fkilerinin temelini olu\u015fturan kal\u0131c\u0131 dostlu\u011fu ve g\u00fc\u00e7l\u00fc i\u015f birli\u011fini peki\u015ftirdi.\u201d<\/em><\/b> ifadelerini kulland\u0131.<\/p>\n<p><strong>\u0130L\u0130\u015eK\u0130LER\u0130N G\u00dc\u00c7LEND\u0130R\u0130LMES\u0130 \u0130\u00c7\u0130N KARARLILIK MESAJI<\/strong><\/p>\n<p>\u0130ki \u00fclke aras\u0131nda stratejik i\u015f birli\u011fi alanlar\u0131nda g\u00f6r\u00fc\u015f al\u0131\u015fveri\u015finde bulunduklar\u0131n\u0131 kaydeden Ahmed, kar\u015f\u0131l\u0131kl\u0131 \u00e7\u0131karlara hizmet eden ortakl\u0131klar\u0131n ilerletilmesi konusunda taraflar\u0131n kararl\u0131l\u0131\u011f\u0131n\u0131 yeniden teyit etti\u011fini aktard\u0131.<\/p>\n<p>Ahmed ayr\u0131ca, Etiyopya ile T\u00fcrkiye aras\u0131ndaki ili\u015fkilerin gelecekte daha da g\u00fc\u00e7lenece\u011fine inand\u0131\u011f\u0131n\u0131 dile getirdi.<\/p>\n<p>Cumhurba\u015fkan\u0131 Erdo\u011fan da resmi ziyaret kapsam\u0131nda beraberindeki heyetle Addis Ababa\u2019da temaslarda bulundu. Ziyaret \u00e7er\u00e7evesinde iki \u00fclke aras\u0131ndaki siyasi ve ekonomik ili\u015fkilerin geli\u015ftirilmesine y\u00f6nelik g\u00f6r\u00fc\u015fmeler ger\u00e7ekle\u015ftirildi.<\/p>\n<p><img decoding=\"async\" src=\"https:\/\/bihavadis.com\/wp-content\/uploads\/2026\/02\/abiy-ahmedten-turkiye-ile-guclu-isbirligi-mesaji-0-7btqCrLz.jpg\"\/><\/p>\n","protected":false},"excerpt":{"rendered":"<p>Etiyopya Ba\u015fbakan\u0131 Abiy Ahmed, Cumhurba\u015fkan\u0131 Recep Tayyip Erdo\u011fan ile ger\u00e7ekle\u015ftirdi\u011fi g\u00f6r\u00fc\u015fmelerin iki \u00fclke ili\u015fkileri a\u00e7\u0131s\u0131ndan ta\u015f\u0131d\u0131\u011f\u0131 \u00f6neme dikkat \u00e7ekerek, kal\u0131c\u0131 dostluk ve g\u00fc\u00e7l\u00fc i\u015f birli\u011finin s\u00fcrd\u00fcr\u00fclmesinde kararl\u0131 olduklar\u0131n\u0131 vurgulad\u0131.<\/p>\n","protected":false},"author":1,"featured_media":49935,"comment_status":"open","ping_status":"open","sticky":false,"template":"","format":"standard","meta":{"footnotes":""},"categories":[6],"tags":[],"class_list":["post-49934","post","type-post","status-publish","format-standard","has-post-thumbnail","hentry","category-dunya"],"_links":{"self":[{"href":"https:\/\/bihavadis.com\/index.php\/wp-json\/wp\/v2\/posts\/49934","targetHints":{"allow":["GET"]}}],"collection":[{"href":"https:\/\/bihavadis.com\/index.php\/wp-json\/wp\/v2\/posts"}],"about":[{"href":"https:\/\/bihavadis.com\/index.php\/wp-json\/wp\/v2\/types\/post"}],"author":[{"embeddable":true,"href":"https:\/\/bihavadis.com\/index.php\/wp-json\/wp\/v2\/users\/1"}],"replies":[{"embeddable":true,"href":"https:\/\/bihavadis.com\/index.php\/wp-json\/wp\/v2\/comments?post=49934"}],"version-history":[{"count":1,"href":"https:\/\/bihavadis.com\/index.php\/wp-json\/wp\/v2\/posts\/49934\/revisions"}],"predecessor-version":[{"id":49937,"href":"https:\/\/bihavadis.com\/index.php\/wp-json\/wp\/v2\/posts\/49934\/revisions\/49937"}],"wp:featuredmedia":[{"embeddable":true,"href":"https:\/\/bihavadis.com\/index.php\/wp-json\/wp\/v2\/media\/49935"}],"wp:attachment":[{"href":"https:\/\/bihavadis.com\/index.php\/wp-json\/wp\/v2\/media?parent=49934"}],"wp:term":[{"taxonomy":"category","embeddable":true,"href":"https:\/\/bihavadis.com\/index.php\/wp-json\/wp\/v2\/categories?post=49934"},{"taxonomy":"post_tag","embeddable":true,"href":"https:\/\/bihavadis.com\/index.php\/wp-json\/wp\/v2\/tags?post=49934"}],"curies":[{"name":"wp","href":"https:\/\/api.w.org\/{rel}","templated":true}]}}