{"id":49970,"date":"2026-02-26T23:15:09","date_gmt":"2026-02-26T23:15:09","guid":{"rendered":"https:\/\/bihavadis.com\/?p=49970"},"modified":"2026-02-26T23:15:09","modified_gmt":"2026-02-26T23:15:09","slug":"cin-ay-yeni-yilini-kutladi","status":"publish","type":"post","link":"https:\/\/bihavadis.com\/index.php\/2026\/02\/26\/cin-ay-yeni-yilini-kutladi\/","title":{"rendered":"\u00c7in, Ay Yeni Y\u0131l\u0131&#8217;n\u0131 kutlad\u0131"},"content":{"rendered":"<p>\u00c7in, <em><b>&#8220;Bahar Bayram\u0131&#8221;<\/b><\/em> olarak adland\u0131r\u0131lan geleneksel Ay Yeni Y\u0131l\u0131&#8217;n\u0131 kutlamalarla kar\u015f\u0131lad\u0131.<\/p>\n<p>\u00dclke, 12 Hayvanl\u0131 Ay Takvimi&#8217;ne g\u00f6re 17 \u015eubat&#8217;ta <em><b>&#8220;Y\u0131lan Y\u0131l\u0131&#8221;<\/b><\/em>n\u0131 geride b\u0131rakarak<em><b> &#8220;Ate\u015f At\u0131 Y\u0131l\u0131&#8221;<\/b><\/em>na girdi<\/p>\n<p>\u00c7in k\u00fclt\u00fcr\u00fcnde hareketi ve ilerlemeyi sembolize eden, canl\u0131l\u0131k, at\u0131lganl\u0131k ve ba\u011f\u0131ms\u0131zl\u0131k getirece\u011fi kabul edilen Ate\u015f At\u0131 Y\u0131l\u0131&#8217;n\u0131n geli\u015fi, t\u00fcm \u00c7in&#8217;de ve \u00fclke d\u0131\u015f\u0131nda ya\u015fayan \u00c7inlilerce kutland\u0131.<\/p>\n<p><strong>CADDE VE SOKAKLAR AT F\u0130G\u00dcRLER\u0130YLE S\u00dcSLEND\u0130<\/strong><\/p>\n<p>Yeni y\u0131l\u0131 kar\u015f\u0131lamak i\u00e7in caddeler ve sokaklar k\u0131rm\u0131z\u0131 renkli \u00c7in fenerleriyle donat\u0131l\u0131rken al\u0131\u015fveri\u015f merkezlerinin, d\u00fckkan ve apartmanlar\u0131n giri\u015fleri at fig\u00fcrleri ve yeni y\u0131l dileklerini ifade eden \u00c7ince karakterlerin yaz\u0131l\u0131 oldu\u011fu \u015feritlerle s\u00fcslendi.<\/p>\n<p><img decoding=\"async\" src=\"https:\/\/bihavadis.com\/wp-content\/uploads\/2026\/02\/cin-ay-yeni-yilini-kutladi-0-dLwAd7T9.jpg\"\/><\/p>\n<p><strong>BAYRAM YEME\u011e\u0130, TAPINAK PANAYIRINA A\u0130LELERLE VAK\u0130T GE\u00c7\u0130R\u0130LD\u0130<\/strong><\/p>\n<p>\u00c7inliler, Bahar Bayram\u0131 arifesinde geleneksel ak\u015fam yeme\u011finde aile b\u00fcy\u00fckleriyle bir araya geldi.<\/p>\n<p>\u00c7in devlet televizyonu CCTV, her y\u0131l\u0131 oldu\u011fu gibi Ay Yeni Y\u0131l\u0131 i\u00e7in \u00f6zel haz\u0131rlanan gala program\u0131n\u0131 canl\u0131 yay\u0131mlad\u0131. Programda halk danslar\u0131, geleneksel d\u00f6v\u00fc\u015f sanatlar\u0131 ve modern m\u00fczik ile dans g\u00f6sterileri izleyicilere sunuldu. Baz\u0131 g\u00f6sterilerde insans\u0131 robotlar da sahne ald\u0131.<\/p>\n<p>Vatanda\u015flar, yeni y\u0131l\u0131n ilk g\u00fcn\u00fcnde ise \u015fehirlerde kurulan geleneksel tap\u0131nak panay\u0131rlar\u0131n\u0131 ziyaret etti. Ba\u015fkent Pekin&#8217;de Ditan Park\u0131&#8217;nda kurulan y\u0131lba\u015f\u0131 panay\u0131r\u0131na y\u00fczlerce ki\u015fi ak\u0131n ederken a\u00e7\u0131k havada aileleriyle vakit ge\u00e7irdi.<\/p>\n<p><img decoding=\"async\" src=\"https:\/\/bihavadis.com\/wp-content\/uploads\/2026\/02\/cin-ay-yeni-yilini-kutladi-1-LC9DTlNH.jpg\"\/><\/p>\n<p><strong>T\u00dcRK\u0130YE&#8217;N\u0130N PEK\u0130N B\u00dcY\u00dcKEL\u00c7\u0130S\u0130NDEN YEN\u0130 YIL MESAJI <\/strong><\/p>\n<p>T\u00fcrkiye&#8217;nin Pekin B\u00fcy\u00fckel\u00e7isi Sel\u00e7uk \u00dcnal, \u00c7in devlet televizyonu CCTV&#8217;de yay\u0131mlanan yeni y\u0131l mesaj\u0131nda, at fig\u00fcr\u00fcn\u00fcn T\u00fcrk k\u00fclt\u00fcr\u00fcnde de \u00f6nemli bir yere sahip oldu\u011funu, ba\u011f\u0131ms\u0131zl\u0131k ruhunu simgeledi\u011fini vurgulad\u0131.<\/p>\n<p>2026&#8217;n\u0131n T\u00fcrkiye ile \u00c7in aras\u0131nda diplomatik ili\u015fkilerin kurulmas\u0131n\u0131n 55. y\u0131l\u0131 oldu\u011funu hat\u0131rlatan \u00dcnal, yeni y\u0131lda iki \u00fclke aras\u0131ndaki ili\u015fkileri pek \u00e7ok alanda daha fazla geli\u015ftirmeyi umduklar\u0131n\u0131 ifade etti.<\/p>\n<p>\u00dcnal, T\u00fcrkiye&#8217;nin bu y\u0131l\u0131n ba\u015f\u0131nda \u00c7in vatanda\u015flar\u0131 i\u00e7in vizesiz seyahat uygulamas\u0131 ba\u015flatt\u0131\u011f\u0131na dikkati \u00e7ekerek daha fazla \u00c7inli ziyaret\u00e7iyi T\u00fcrkiye&#8217;de g\u00f6rmeyi dilediklerini kaydetti.<\/p>\n<p><img decoding=\"async\" src=\"https:\/\/bihavadis.com\/wp-content\/uploads\/2026\/02\/cin-ay-yeni-yilini-kutladi-2-5RsAq3hM.jpg\"\/><\/p>\n<p><strong>ATE\u015e ATI YILI <\/strong><\/p>\n<p>Do\u011fu Asya&#8217;da \u00c7in astrolojisine g\u00f6re Ate\u015f At\u0131 Y\u0131l\u0131, 12 y\u0131ll\u0131k \u00e7evrimlerde yedinci y\u0131la denk geliyor.<\/p>\n<p>At, \u00c7in k\u00fclt\u00fcr\u00fcnde hareketi ve dirimselli\u011fi sembolize ediyor. At Y\u0131l\u0131&#8217;n\u0131n istikrars\u0131zl\u0131k ve \u00f6ng\u00f6r\u00fclmezli\u011fin tehlikelerinin yan\u0131 s\u0131ra canl\u0131l\u0131k ve ilerlemenin f\u0131rsatlar\u0131n\u0131 getirece\u011fine inan\u0131l\u0131yor.<\/p>\n<p>At Y\u0131l\u0131&#8217;nda do\u011fan \u00e7ocuklar\u0131n enerjik, kendine g\u00fcvenli, yarat\u0131c\u0131 ve macerac\u0131 ki\u015fili\u011fe sahip olaca\u011f\u0131 d\u00fc\u015f\u00fcn\u00fcl\u00fcyor.<\/p>\n<p><img decoding=\"async\" src=\"https:\/\/bihavadis.com\/wp-content\/uploads\/2026\/02\/cin-ay-yeni-yilini-kutladi-3-TVGj6RmZ.jpg\"\/><\/p>\n<p><strong>D\u00dcNYANIN EN B\u00dcY\u00dcK K\u0130TLESEL G\u00d6\u00c7\u00dc: &#8220;\u00c7UNY\u00dcN&#8221; <\/strong><\/p>\n<p>\u00c7in gelene\u011finde insanlar\u0131n yeni y\u0131l \u00f6ncesi s\u0131lay\u0131rahime d\u00f6nmesi, y\u0131lba\u015f\u0131n\u0131 ailelerinin yan\u0131nda ge\u00e7irmesi \u00f6nemli g\u00f6r\u00fcl\u00fcyor. Ay Yeni Y\u0131l\u0131&#8217;n\u0131 i\u00e7ine alan <em><b>&#8220;Bahar Bayram\u0131&#8221; <\/b><\/em>d\u00f6neminde milyonlarca \u00c7inli, ailelerini ziyaret etmek \u00fczere memleketlerine yolculuk ediyor.<\/p>\n<p>Ula\u015ft\u0131rma Bakanl\u0131\u011f\u0131, bu y\u0131l 2 \u015eubat-13 Mart tarihlerini kapsayan 40 g\u00fcnl\u00fck Bahar Bayram\u0131 tatili d\u00f6neminde \u00fclke i\u00e7inde yakla\u015f\u0131k 9,5 milyar seyahat yap\u0131lmas\u0131 beklendi\u011fi a\u00e7\u0131klam\u0131\u015ft\u0131.<\/p>\n<p><em><b>&#8220;\u00c7uny\u00fcn&#8221;<\/b><\/em> ad\u0131 verilen Bahar Bayram\u0131 yolculuklar\u0131, <em><b>&#8220;d\u00fcnyan\u0131n en b\u00fcy\u00fck kitlesel g\u00f6\u00e7\u00fc&#8221;<\/b><\/em> olarak adland\u0131r\u0131l\u0131yor.<\/p>\n<p><img decoding=\"async\" src=\"https:\/\/bihavadis.com\/wp-content\/uploads\/2026\/02\/cin-ay-yeni-yilini-kutladi-4-W5VM8nQ5.jpg\"\/><\/p>\n","protected":false},"excerpt":{"rendered":"<p>\u00c7in, 12 Hayvanl\u0131 Ay Takvimi&#8217;ne g\u00f6re 17 \u015eubat&#8217;ta &#8220;Y\u0131lan Y\u0131l\u0131&#8221;n\u0131 geride b\u0131rakarak &#8220;Ate\u015f At\u0131 Y\u0131l\u0131&#8221;na girdi.<\/p>\n","protected":false},"author":1,"featured_media":49971,"comment_status":"open","ping_status":"open","sticky":false,"template":"","format":"standard","meta":{"footnotes":""},"categories":[6],"tags":[250,6450,400,517,859],"class_list":["post-49970","post","type-post","status-publish","format-standard","has-post-thumbnail","hentry","category-dunya","tag-aile","tag-ati","tag-cin","tag-turk","tag-yili"],"_links":{"self":[{"href":"https:\/\/bihavadis.com\/index.php\/wp-json\/wp\/v2\/posts\/49970","targetHints":{"allow":["GET"]}}],"collection":[{"href":"https:\/\/bihavadis.com\/index.php\/wp-json\/wp\/v2\/posts"}],"about":[{"href":"https:\/\/bihavadis.com\/index.php\/wp-json\/wp\/v2\/types\/post"}],"author":[{"embeddable":true,"href":"https:\/\/bihavadis.com\/index.php\/wp-json\/wp\/v2\/users\/1"}],"replies":[{"embeddable":true,"href":"https:\/\/bihavadis.com\/index.php\/wp-json\/wp\/v2\/comments?post=49970"}],"version-history":[{"count":1,"href":"https:\/\/bihavadis.com\/index.php\/wp-json\/wp\/v2\/posts\/49970\/revisions"}],"predecessor-version":[{"id":49977,"href":"https:\/\/bihavadis.com\/index.php\/wp-json\/wp\/v2\/posts\/49970\/revisions\/49977"}],"wp:featuredmedia":[{"embeddable":true,"href":"https:\/\/bihavadis.com\/index.php\/wp-json\/wp\/v2\/media\/49971"}],"wp:attachment":[{"href":"https:\/\/bihavadis.com\/index.php\/wp-json\/wp\/v2\/media?parent=49970"}],"wp:term":[{"taxonomy":"category","embeddable":true,"href":"https:\/\/bihavadis.com\/index.php\/wp-json\/wp\/v2\/categories?post=49970"},{"taxonomy":"post_tag","embeddable":true,"href":"https:\/\/bihavadis.com\/index.php\/wp-json\/wp\/v2\/tags?post=49970"}],"curies":[{"name":"wp","href":"https:\/\/api.w.org\/{rel}","templated":true}]}}