{"id":50011,"date":"2026-02-26T23:48:09","date_gmt":"2026-02-26T23:48:09","guid":{"rendered":"https:\/\/bihavadis.com\/?p=50011"},"modified":"2026-02-26T23:48:09","modified_gmt":"2026-02-26T23:48:09","slug":"izmirde-yollar-gole-dondu-esnaf-isyan-etti-venedik-izmirin-yaninda-caresiz-kalir","status":"publish","type":"post","link":"https:\/\/bihavadis.com\/index.php\/2026\/02\/26\/izmirde-yollar-gole-dondu-esnaf-isyan-etti-venedik-izmirin-yaninda-caresiz-kalir\/","title":{"rendered":"\u0130zmir&#8217;de yollar g\u00f6le d\u00f6nd\u00fc esnaf isyan etti: Venedik, \u0130zmir&#8217;in yan\u0131nda \u00e7aresiz kal\u0131r"},"content":{"rendered":"<p>\u0130zmir\u2019de aral\u0131klarla etkisini s\u00fcrd\u00fcren sa\u011fanak ya\u011f\u0131\u015f, Konak il\u00e7esi Alsancak semtinde hayat\u0131 olumsuz etkiledi. Altyap\u0131 \u00e7al\u0131\u015fmalar\u0131n\u0131n devam etti\u011fi Kordon ve \u0130kinci Kordon b\u00f6lgesinde yollar g\u00f6le d\u00f6nd\u00fc.<\/p>\n<p>Sa\u011fanak ya\u011f\u0131\u015f\u0131n ard\u0131ndan \u00f6zellikle Alsancak semtinde su bask\u0131nlar\u0131 meydana geldi.<\/p>\n<p>Alsancak Vapur \u0130skelesi ve G\u00fcndo\u011fdu Meydan\u0131 \u00e7evresinde biriken sular, hem trafi\u011fi aksatt\u0131 hem de vatanda\u015flar\u0131n tepkisini toplad\u0131.<\/p>\n<p>B\u00f6lgede olu\u015fan su birikintilerinden yay\u0131lan la\u011f\u0131m kokusu ise dayan\u0131lmaz bir hal ald\u0131.<\/p>\n<p><strong>&#8220;YOLLAR VENED\u0130K&#8217;E D\u00d6ND\u00dc&#8221;<\/strong><\/p>\n<p>B\u00f6lge esnaflar\u0131ndan Bilal Y\u0131ld\u0131r\u0131m, \u00e7al\u0131\u015fmalar\u0131n uzun s\u00fcredir tamamlanamad\u0131\u011f\u0131n\u0131 belirterek, <b><em>&#8220;9-10 aydan beri yollar\u0131m\u0131z bu \u015fekilde. Bir t\u00fcrl\u00fc bitiremediler, h\u00e2l\u00e2 da bitecek gibi de\u011fil. Yaz boyunca k\u0131s\u0131tl\u0131 ekipmanla buray\u0131 bitirmeye \u00e7al\u0131\u015ft\u0131lar. \u00c7ok fazla ya\u011fmur ya\u011fmamas\u0131na ra\u011fmen Alsancak \u015fu an sular alt\u0131nda. En ufak ya\u011fmurda her taraf g\u00f6le d\u00f6n\u00fcyor. Yol \u00e7al\u0131\u015fmas\u0131 nedeniyle kald\u0131r\u0131mlar da kalmad\u0131, insanlar ge\u00e7emiyor. Her an su bask\u0131n\u0131 tehlikesiyle kar\u015f\u0131 kar\u015f\u0131yay\u0131z. Venedik, \u0130zmir&#8217;in yan\u0131nda \u00e7aresiz kal\u0131r&#8221;<\/em><\/b> dedi.<\/p>\n<p><img decoding=\"async\" src=\"https:\/\/bihavadis.com\/wp-content\/uploads\/2026\/02\/izmirde-yollar-gole-dondu-esnaf-isyan-etti-venedik-izmirin-yaninda-caresiz-kalir-0-ZD2yAASE.jpg\"\/><\/p>\n<p><strong>&#8220;ESNAF C\u0130DD\u0130 MA\u011eDUR\u0130YET YA\u015eIYOR&#8221;<\/strong><\/p>\n<p>Bir di\u011fer esnaf Cenk Deren ise s\u00fcrecin ekonomik ve hijyenik boyutuna dikkat \u00e7ekerek,\u00a0<em><b>&#8220;Bu \u00e7al\u0131\u015fma yakla\u015f\u0131k bir senedir devam ediyor. Bu durum esnaf\u0131n ciddi anlamda ma\u011fdur olmas\u0131 anlam\u0131na geliyor. Buradaki i\u015fletmelerin bir\u00e7o\u011fu g\u0131da sekt\u00f6r\u00fcnde hizmet veriyor. Belediye bu hijyenik ortam\u0131 sa\u011flamad\u0131ktan sonra esnaftan nas\u0131l hijyen beklenebilir? Esnaf bu ma\u011fduriyetin alt\u0131ndan nas\u0131l kalkacak? \u0130nsanlar\u0131 bu kadar \u00e7aresiz b\u0131rakman\u0131n bir anlam\u0131 yok.&#8221; <\/b><\/em>dedi.<\/p>\n<p>\u00d6te yandan \u0130zmir B\u00fcy\u00fck\u015fehir Belediyesi ekiplerinin, b\u00f6lgedeki su birikintilerinin tahliyesi i\u00e7in \u00e7al\u0131\u015fmalar\u0131n\u0131 s\u00fcrd\u00fcrd\u00fc\u011f\u00fc bildirildi.<\/p>\n<p><img decoding=\"async\" src=\"https:\/\/bihavadis.com\/wp-content\/uploads\/2026\/02\/izmirde-yollar-gole-dondu-esnaf-isyan-etti-venedik-izmirin-yaninda-caresiz-kalir-1-eehFRcrY.jpg\"\/><\/p>\n<p><img decoding=\"async\" src=\"https:\/\/bihavadis.com\/wp-content\/uploads\/2026\/02\/izmirde-yollar-gole-dondu-esnaf-isyan-etti-venedik-izmirin-yaninda-caresiz-kalir-2-gA5APTF8.jpg\"\/><\/p>\n","protected":false},"excerpt":{"rendered":"<p>Konak il\u00e7esinde etkili olan ya\u011f\u0131\u015f, altyap\u0131 \u00e7al\u0131\u015fmalar\u0131n\u0131n s\u00fcrd\u00fc\u011f\u00fc Kordon ve \u0130kinci Kordon b\u00f6lgesinde hayat\u0131 olumsuz etkiledi. Yollar\u0131n suyla doldu\u011fu b\u00f6lgede ara\u00e7lar ve yayalar su birikintileri nedeniyle zor anlar ya\u015fad\u0131.<\/p>\n","protected":false},"author":1,"featured_media":50012,"comment_status":"open","ping_status":"open","sticky":false,"template":"","format":"standard","meta":{"footnotes":""},"categories":[9,13],"tags":[378,533],"class_list":["post-50011","post","type-post","status-publish","format-standard","has-post-thumbnail","hentry","category-genel","category-son-dakika","tag-calisma","tag-esnaf"],"_links":{"self":[{"href":"https:\/\/bihavadis.com\/index.php\/wp-json\/wp\/v2\/posts\/50011","targetHints":{"allow":["GET"]}}],"collection":[{"href":"https:\/\/bihavadis.com\/index.php\/wp-json\/wp\/v2\/posts"}],"about":[{"href":"https:\/\/bihavadis.com\/index.php\/wp-json\/wp\/v2\/types\/post"}],"author":[{"embeddable":true,"href":"https:\/\/bihavadis.com\/index.php\/wp-json\/wp\/v2\/users\/1"}],"replies":[{"embeddable":true,"href":"https:\/\/bihavadis.com\/index.php\/wp-json\/wp\/v2\/comments?post=50011"}],"version-history":[{"count":1,"href":"https:\/\/bihavadis.com\/index.php\/wp-json\/wp\/v2\/posts\/50011\/revisions"}],"predecessor-version":[{"id":50016,"href":"https:\/\/bihavadis.com\/index.php\/wp-json\/wp\/v2\/posts\/50011\/revisions\/50016"}],"wp:featuredmedia":[{"embeddable":true,"href":"https:\/\/bihavadis.com\/index.php\/wp-json\/wp\/v2\/media\/50012"}],"wp:attachment":[{"href":"https:\/\/bihavadis.com\/index.php\/wp-json\/wp\/v2\/media?parent=50011"}],"wp:term":[{"taxonomy":"category","embeddable":true,"href":"https:\/\/bihavadis.com\/index.php\/wp-json\/wp\/v2\/categories?post=50011"},{"taxonomy":"post_tag","embeddable":true,"href":"https:\/\/bihavadis.com\/index.php\/wp-json\/wp\/v2\/tags?post=50011"}],"curies":[{"name":"wp","href":"https:\/\/api.w.org\/{rel}","templated":true}]}}