{"id":50017,"date":"2026-02-26T23:51:38","date_gmt":"2026-02-26T23:51:38","guid":{"rendered":"https:\/\/bihavadis.com\/?p=50017"},"modified":"2026-02-26T23:51:38","modified_gmt":"2026-02-26T23:51:38","slug":"konyaspor-ilhan-palutla-anlasti","status":"publish","type":"post","link":"https:\/\/bihavadis.com\/index.php\/2026\/02\/26\/konyaspor-ilhan-palutla-anlasti\/","title":{"rendered":"Konyaspor \u0130lhan Palut&#8217;la Anla\u015ft\u0131"},"content":{"rendered":"<p>\n<p>TEKN\u0130K direkt\u00f6r \u00c7a\u011fda\u015f Atan ile yollar\u0131n\u0131 ay\u0131ran Konyaspor, eski teknik direkt\u00f6r\u00fc \u0130lhan Palut&#8217;la prensip anla\u015fmas\u0131na vard\u0131.<\/p>\n<p>Konyaspor&#8217;da Aral\u0131k ay\u0131nda Recep U\u00e7ar&#8217;dan bo\u015falan teknik direkt\u00f6rl\u00fck g\u00f6revine getirilen \u00c7a\u011fda\u015f Atan ile yollar\u0131n ayr\u0131lmas\u0131na karar verildi. Ye\u015fil-beyazl\u0131 ekiple 12 ma\u00e7a \u00e7\u0131kan \u00c7a\u011fda\u015f Atan; 3 galibiyet, 5 beraberlik ve 4 ma\u011flubiyet ya\u015fad\u0131. \u00c7a\u011fda\u015f Atan s\u00f6z konusu 3 galibiyeti de T\u00fcrkiye Kupas\u0131&#8217;nda elde etti. Atan ve \u00f6\u011frencileri, S\u00fcper Lig&#8217;de oynad\u0131\u011f\u0131 9 ma\u00e7ta ise 5 beraberlik, 4 ma\u011flubiyet ya\u015fad\u0131.<\/p>\n<p>\u0130LHAN PALUT \u0130LE PRENS\u0130PTE ANLA\u015eILDI <\/p>\n<p>Konyaspor&#8217;da \u00c7a\u011fda\u015f Atan d\u00f6nemi sona ererken, 2021-2023 y\u0131llar\u0131 aras\u0131nda tak\u0131m\u0131 \u00e7al\u0131\u015ft\u0131ran \u0130lhan Palut d\u00f6nemi ba\u015fl\u0131yor. Ye\u015fil- beyazl\u0131 y\u00f6netim, eski teknik direkt\u00f6r\u00fc \u0130lhan Palut ile prensip anla\u015fmas\u0131na vard\u0131. Konyaspor 2&#8217;nci Ba\u015fkan\u0131 Ali Kaya, &#8220;Teknik Direkt\u00f6r\u00fcm\u00fcz \u00c7a\u011fda\u015f Atan ile g\u00f6r\u00fc\u015f\u00fcp yollar\u0131m\u0131z\u0131 ay\u0131rma karar\u0131 ald\u0131k. Yerine ise \u0130lhan Palut hocam\u0131zla g\u00f6r\u00fc\u015ft\u00fck ve prensipte anla\u015ft\u0131k&#8221; dedi. <\/p>\n<p>Ye\u015fil-beyazl\u0131 y\u00f6netimin prensipte anla\u015ft\u0131\u011f\u0131 teknik direkt\u00f6r \u0130lhan Palut&#8217;un yar\u0131n Konya&#8217;da olmas\u0131 bekleniyor. Konyaspor, T\u00fcrkiye Kupas\u0131&#8217;nda yar\u0131n saat 15.30&#8217;da sahas\u0131nda Alia\u011fa FK&#8217;y\u0131 konuk edecek. <\/p>\n","protected":false},"excerpt":{"rendered":"<p>Konyaspor, teknik direkt\u00f6r \u00c7a\u011fda\u015f Atan ile yollar\u0131n\u0131 ay\u0131rarak \u0130lhan Palut&#8217;la prensipte anla\u015ft\u0131.<\/p>\n","protected":false},"author":1,"featured_media":50018,"comment_status":"open","ping_status":"open","sticky":false,"template":"","format":"standard","meta":{"footnotes":""},"categories":[14],"tags":[3737,3736,2669,6454,3994],"class_list":["post-50017","post","type-post","status-publish","format-standard","has-post-thumbnail","hentry","category-spor","tag-cagdas-atan","tag-ilhan-palut","tag-konyaspor","tag-prensip","tag-teknik-direktor"],"_links":{"self":[{"href":"https:\/\/bihavadis.com\/index.php\/wp-json\/wp\/v2\/posts\/50017","targetHints":{"allow":["GET"]}}],"collection":[{"href":"https:\/\/bihavadis.com\/index.php\/wp-json\/wp\/v2\/posts"}],"about":[{"href":"https:\/\/bihavadis.com\/index.php\/wp-json\/wp\/v2\/types\/post"}],"author":[{"embeddable":true,"href":"https:\/\/bihavadis.com\/index.php\/wp-json\/wp\/v2\/users\/1"}],"replies":[{"embeddable":true,"href":"https:\/\/bihavadis.com\/index.php\/wp-json\/wp\/v2\/comments?post=50017"}],"version-history":[{"count":1,"href":"https:\/\/bihavadis.com\/index.php\/wp-json\/wp\/v2\/posts\/50017\/revisions"}],"predecessor-version":[{"id":50019,"href":"https:\/\/bihavadis.com\/index.php\/wp-json\/wp\/v2\/posts\/50017\/revisions\/50019"}],"wp:featuredmedia":[{"embeddable":true,"href":"https:\/\/bihavadis.com\/index.php\/wp-json\/wp\/v2\/media\/50018"}],"wp:attachment":[{"href":"https:\/\/bihavadis.com\/index.php\/wp-json\/wp\/v2\/media?parent=50017"}],"wp:term":[{"taxonomy":"category","embeddable":true,"href":"https:\/\/bihavadis.com\/index.php\/wp-json\/wp\/v2\/categories?post=50017"},{"taxonomy":"post_tag","embeddable":true,"href":"https:\/\/bihavadis.com\/index.php\/wp-json\/wp\/v2\/tags?post=50017"}],"curies":[{"name":"wp","href":"https:\/\/api.w.org\/{rel}","templated":true}]}}