{"id":50092,"date":"2026-02-27T00:48:04","date_gmt":"2026-02-27T00:48:04","guid":{"rendered":"https:\/\/bihavadis.com\/?p=50092"},"modified":"2026-02-27T00:48:04","modified_gmt":"2026-02-27T00:48:04","slug":"niluferde-kar-mesaisi","status":"publish","type":"post","link":"https:\/\/bihavadis.com\/index.php\/2026\/02\/27\/niluferde-kar-mesaisi\/","title":{"rendered":"Nil\u00fcfer&#8217;de kar mesaisi"},"content":{"rendered":"<p><b>Nil\u00fcfer Belediyesi ekipler, so\u011fuk hava ve kar ya\u011f\u0131\u015f\u0131 nedeniyle ula\u015f\u0131m\u0131n aksamamas\u0131 ve g\u00fcnl\u00fck hayat\u0131n olumsuz etkilenmemesi i\u00e7in il\u00e7enin y\u00fcksek kesimlerinde kar k\u00fcreme ve tuzlama \u00e7al\u0131\u015fmalar\u0131 ger\u00e7ekle\u015ftirdi.<\/b><\/p>\n<p>Nil\u00fcfer Belediyesi, 26 \u015eubat Per\u015fembe g\u00fcn\u00fc hava s\u0131cakl\u0131klar\u0131n\u0131n d\u00fc\u015fmesiyle birlikte etkisinin g\u00f6steren kar ya\u011f\u0131\u015f\u0131na kar\u015f\u0131 harekete ge\u00e7ti. \u0130l\u00e7enin \u00f6zellikle y\u00fcksek kesimlerinde g\u00fcnl\u00fck hayat\u0131n olumsuz etkilenmemesi amac\u0131yla sahaya inen ekipler, ula\u015f\u0131mda ya\u015fanabilecek aksakl\u0131klar\u0131n \u00f6n\u00fcne ge\u00e7mek i\u00e7in \u00e7al\u0131\u015fma ger\u00e7ekle\u015ftirdi.<\/p>\n<p>Kar ya\u011f\u0131\u015f\u0131n\u0131n ula\u015f\u0131m\u0131 zorla\u015ft\u0131rd\u0131\u011f\u0131 k\u0131rsal b\u00f6lgelerde i\u015f makineleriyle yol a\u00e7ma \u00e7al\u0131\u015fmalar\u0131 y\u00fcr\u00fct\u00fcld\u00fc. Bu kapsamda ekipler; Un\u00e7ukuru, \u00dc\u00e7p\u0131nar, Koruba\u015f\u0131 ve Maksemp\u0131nar gibi y\u00fcksek b\u00f6lgelerde bulunan mahallelerde kar nedeniyle kapanan g\u00fczergahlar\u0131 h\u0131zla temizledi. Olas\u0131 buzlanma riskine kar\u015f\u0131 tuzlama i\u015flemi de uyguland\u0131.<\/p>\n<p>Ger\u00e7ekle\u015ftirilen \u00e7al\u0131\u015fmalar ile b\u00f6lge sakinlerinin ma\u011fduriyet ya\u015famas\u0131 engellenirken, trafik ak\u0131\u015f\u0131n\u0131n g\u00fcvenli bir \u015fekilde devam etmesi sa\u011fland\u0131.<\/p>\n<p>\u00a0<\/p>\n<p>Kaynak: (BYZHA) Beyaz Haber Ajans\u0131<\/p>\n","protected":false},"excerpt":{"rendered":"<p>Nil\u00fcfer Belediyesi ekipler, so\u011fuk hava ve kar ya\u011f\u0131\u015f\u0131 nedeniyle ula\u015f\u0131m\u0131n aksamamas\u0131 ve g\u00fcnl\u00fck hayat\u0131n olumsuz etkilenmemesi i\u00e7in il\u00e7enin y\u00fcksek kesimlerinde kar k\u00fcreme ve tuzlama \u00e7al\u0131\u015fmalar\u0131 ger\u00e7ekle\u015ftirdi.<\/p>\n","protected":false},"author":1,"featured_media":50093,"comment_status":"open","ping_status":"open","sticky":false,"template":"","format":"standard","meta":{"footnotes":""},"categories":[4],"tags":[297],"class_list":["post-50092","post","type-post","status-publish","format-standard","has-post-thumbnail","hentry","category-gundem","tag-kar"],"_links":{"self":[{"href":"https:\/\/bihavadis.com\/index.php\/wp-json\/wp\/v2\/posts\/50092","targetHints":{"allow":["GET"]}}],"collection":[{"href":"https:\/\/bihavadis.com\/index.php\/wp-json\/wp\/v2\/posts"}],"about":[{"href":"https:\/\/bihavadis.com\/index.php\/wp-json\/wp\/v2\/types\/post"}],"author":[{"embeddable":true,"href":"https:\/\/bihavadis.com\/index.php\/wp-json\/wp\/v2\/users\/1"}],"replies":[{"embeddable":true,"href":"https:\/\/bihavadis.com\/index.php\/wp-json\/wp\/v2\/comments?post=50092"}],"version-history":[{"count":1,"href":"https:\/\/bihavadis.com\/index.php\/wp-json\/wp\/v2\/posts\/50092\/revisions"}],"predecessor-version":[{"id":50094,"href":"https:\/\/bihavadis.com\/index.php\/wp-json\/wp\/v2\/posts\/50092\/revisions\/50094"}],"wp:featuredmedia":[{"embeddable":true,"href":"https:\/\/bihavadis.com\/index.php\/wp-json\/wp\/v2\/media\/50093"}],"wp:attachment":[{"href":"https:\/\/bihavadis.com\/index.php\/wp-json\/wp\/v2\/media?parent=50092"}],"wp:term":[{"taxonomy":"category","embeddable":true,"href":"https:\/\/bihavadis.com\/index.php\/wp-json\/wp\/v2\/categories?post=50092"},{"taxonomy":"post_tag","embeddable":true,"href":"https:\/\/bihavadis.com\/index.php\/wp-json\/wp\/v2\/tags?post=50092"}],"curies":[{"name":"wp","href":"https:\/\/api.w.org\/{rel}","templated":true}]}}