{"id":50099,"date":"2026-02-27T00:54:07","date_gmt":"2026-02-27T00:54:07","guid":{"rendered":"https:\/\/bihavadis.com\/?p=50099"},"modified":"2026-02-27T00:54:07","modified_gmt":"2026-02-27T00:54:07","slug":"aliyev-ve-pasinyana-2026-zayed-insan-kardesligi-odulu-verildi","status":"publish","type":"post","link":"https:\/\/bihavadis.com\/index.php\/2026\/02\/27\/aliyev-ve-pasinyana-2026-zayed-insan-kardesligi-odulu-verildi\/","title":{"rendered":"Aliyev ve Pa\u015finyan&#8217;a &#8220;2026 Zayed \u0130nsan Karde\u015fli\u011fi \u00d6d\u00fcl\u00fc&#8221; verildi"},"content":{"rendered":"<p>ABU Azerbaycan Cumhurba\u015fkan\u0131 \u0130lham Aliyev ile Ermenistan Ba\u015fbakan\u0131 Nikol Pa\u015finyan, Azerbaycan ile Ermenistan aras\u0131nda sa\u011flanan bar\u0131\u015f s\u00fcrecine katk\u0131lar\u0131 dolay\u0131s\u0131yla &#8220;2026 Zayed \u0130nsan Karde\u015fli\u011fi \u00d6d\u00fcl\u00fc&#8221;ne lay\u0131k g\u00f6r\u00fcld\u00fc.<\/p>\n<p>Birle\u015fik Arap Emirlikleri&#8217;nin (BAE) ba\u015fkenti Abu Dabi&#8217;de d\u00fczenlenen \u00f6d\u00fcl t\u00f6renine, BAE Devlet Ba\u015fkan\u0131 Muhammed bin Zayid Al Nahyan da kat\u0131ld\u0131.<\/p>\n<p>T\u00f6rende, Aliyev ve Pa\u015finyan&#8217;a Azerbaycan ile Ermenistan aras\u0131nda sa\u011flanan bar\u0131\u015f s\u00fcrecine katk\u0131lar\u0131 dolay\u0131s\u0131yla 2026 Zayed \u0130nsan Karde\u015fli\u011fi \u00d6d\u00fcl\u00fc takdim edildi.<\/p>\n<p>Etkinlikte, Cumhurba\u015fkan\u0131 Recep Tayyip Erdo\u011fan ile e\u015fi Emine Erdo\u011fan&#8217;\u0131n video mesajlar\u0131 da g\u00f6sterildi.<\/p>\n<p>Aliyev, t\u00f6rende yapt\u0131\u011f\u0131 konu\u015fmada, Zayed \u0130nsan Karde\u015fli\u011fi \u00d6d\u00fcl\u00fc&#8217;n\u00fc almaktan b\u00fcy\u00fck onur duydu\u011funu s\u00f6yleyerek te\u015fekk\u00fcr etti.<\/p>\n<p>Azerbaycan ve Ermenistan aras\u0131ndaki bar\u0131\u015f\u0131n sadece iki \u00fclke i\u00e7in de\u011fil, daha geni\u015f b\u00f6lge i\u00e7in de \u00f6nemli oldu\u011funu vurgulayan Aliyev, &#8220;30 y\u0131ldan fazla bir s\u00fcre sava\u015f halindeydik. \u015eimdi alt\u0131 ayd\u0131r bar\u0131\u015f i\u00e7inde ya\u015f\u0131yoruz. Bar\u0131\u015f i\u00e7inde ya\u015famay\u0131 \u00f6\u011freniyoruz. Bar\u0131\u015f i\u00e7inde ya\u015famay\u0131 \u00f6\u011frenmek, \u00f6zel bir duygu. Ba\u011f\u0131ms\u0131zl\u0131\u011f\u0131m\u0131z\u0131 kazand\u0131\u011f\u0131m\u0131zdan beri hi\u00e7 bar\u0131\u015f i\u00e7inde ya\u015famad\u0131k. ve bunu h\u0131zla \u00f6\u011freniyoruz.&#8221; dedi.<\/p>\n<p>Aliyev, bir zamanlar sava\u015f halinde olan \u00fclkeler olarak bug\u00fcn i\u015fbirli\u011fine ba\u015flad\u0131klar\u0131n\u0131 ve ticari ili\u015fkileri geli\u015ftirdiklerini s\u00f6yleyerek, &#8220;Azerbaycan ve Ermenistan \u00f6rne\u011fi sava\u015f halinde bulunan \u00fclkeler taraf\u0131ndan \u00f6\u011frenilmeli ve yol haritas\u0131 olarak kabul edilmelidir. Bizim \u00f6rne\u011fimiz, uzun s\u00fcren \u00e7at\u0131\u015fmalara ra\u011fmen bar\u0131\u015f\u0131n m\u00fcmk\u00fcn oldu\u011funu g\u00f6steriyor.&#8221; \u015feklinde konu\u015ftu.<\/p>\n<p>Pa\u015finyan&#8217;dan &#8220;Her \u015fey ge\u00e7mi\u015fte kald\u0131&#8221; vurgusu<\/p>\n<p>Pa\u015finyan da Azerbaycan ile Ermenistan aras\u0131nda son aylarda ya\u015fananlar\u0131 &#8220;inan\u0131lmaz&#8221; olarak nitelendirdi ve \u00e7at\u0131\u015fmalar\u0131n art\u0131k ge\u00e7mi\u015fte kald\u0131\u011f\u0131n\u0131 s\u00f6yledi.<\/p>\n<p>Azerbaycan ve Ermenistan&#8217;\u0131n bar\u0131\u015f\u0131 sa\u011flayarak iki halk\u0131n insanlar\u0131n\u0131n s\u0131k\u0131nt\u0131lar\u0131na da son verdiklerini ifade eden Pa\u015finyan, &#8220;Bu \u00f6d\u00fcl bug\u00fcn liderlere veriliyor fakat asl\u0131nda halklar\u0131m\u0131za verilen \u00f6d\u00fcld\u00fcr. Bu \u00f6d\u00fcl her bir Azerbaycanl\u0131n\u0131n ve Ermenistanl\u0131n\u0131nd\u0131r. Her \u015fey ge\u00e7mi\u015fte kald\u0131. Halklar\u0131m\u0131z\u0131n bar\u0131\u015f ve huzuru ad\u0131na att\u0131\u011f\u0131m\u0131z ad\u0131mlar\u0131 art\u0131r\u0131yoruz. Bar\u0131\u015f herkese gereklidir.&#8221; ifadelerini kulland\u0131.<\/p>\n<p>Zayed \u0130nsan Karde\u015fli\u011fi \u00d6d\u00fcl\u00fc<\/p>\n<p>Zayed \u0130nsan Karde\u015fli\u011fi \u00d6d\u00fcl\u00fc, 2019&#8217;da Abu Dabi&#8217;de imzalanan \u0130nsan Karde\u015fli\u011fi Belgesi&#8217;nden ilham al\u0131narak olu\u015fturuldu. \u00d6d\u00fcl, ad\u0131n\u0131 BAE&#8217;nin kurucu lideri \u015eeyh Zayed bin Sultan Al Nahyan&#8217;dan al\u0131yor.<\/p>\n<p>Her y\u0131l, bar\u0131\u015f, ho\u015fg\u00f6r\u00fc, birlikte ya\u015fama k\u00fclt\u00fcr\u00fc ve insani dayan\u0131\u015fmaya k\u00fcresel \u00f6l\u00e7ekte katk\u0131 sunan ki\u015fi, kurum veya liderlere verilen \u00f6d\u00fcl, dinler, k\u00fclt\u00fcrler ve milletler aras\u0131nda kar\u015f\u0131l\u0131kl\u0131 anlay\u0131\u015f\u0131n g\u00fc\u00e7lendirilmesini ama\u00e7l\u0131yor.<\/p>\n","protected":false},"excerpt":{"rendered":"<p>ABU Azerbaycan Cumhurba\u015fkan\u0131 \u0130lham Aliyev ile Ermenistan Ba\u015fbakan\u0131 Nikol Pa\u015finyan, Azerbaycan ile Ermenistan aras\u0131nda sa\u011flanan bar\u0131\u015f s\u00fcrecine katk\u0131lar\u0131 dolay\u0131s\u0131yla &#8220;2026 Zayed \u0130nsan Karde\u015fli\u011fi \u00d6d\u00fcl\u00fc&#8221;ne lay\u0131k g\u00f6r\u00fcld\u00fc.<\/p>\n","protected":false},"author":1,"featured_media":50100,"comment_status":"open","ping_status":"open","sticky":false,"template":"","format":"standard","meta":{"footnotes":""},"categories":[9,4,13],"tags":[1749,1888,1885,952,3720],"class_list":["post-50099","post","type-post","status-publish","format-standard","has-post-thumbnail","hentry","category-genel","category-gundem","category-son-dakika","tag-azerbaycan","tag-baris","tag-ermenistan","tag-odul","tag-pasinyan"],"_links":{"self":[{"href":"https:\/\/bihavadis.com\/index.php\/wp-json\/wp\/v2\/posts\/50099","targetHints":{"allow":["GET"]}}],"collection":[{"href":"https:\/\/bihavadis.com\/index.php\/wp-json\/wp\/v2\/posts"}],"about":[{"href":"https:\/\/bihavadis.com\/index.php\/wp-json\/wp\/v2\/types\/post"}],"author":[{"embeddable":true,"href":"https:\/\/bihavadis.com\/index.php\/wp-json\/wp\/v2\/users\/1"}],"replies":[{"embeddable":true,"href":"https:\/\/bihavadis.com\/index.php\/wp-json\/wp\/v2\/comments?post=50099"}],"version-history":[{"count":1,"href":"https:\/\/bihavadis.com\/index.php\/wp-json\/wp\/v2\/posts\/50099\/revisions"}],"predecessor-version":[{"id":50101,"href":"https:\/\/bihavadis.com\/index.php\/wp-json\/wp\/v2\/posts\/50099\/revisions\/50101"}],"wp:featuredmedia":[{"embeddable":true,"href":"https:\/\/bihavadis.com\/index.php\/wp-json\/wp\/v2\/media\/50100"}],"wp:attachment":[{"href":"https:\/\/bihavadis.com\/index.php\/wp-json\/wp\/v2\/media?parent=50099"}],"wp:term":[{"taxonomy":"category","embeddable":true,"href":"https:\/\/bihavadis.com\/index.php\/wp-json\/wp\/v2\/categories?post=50099"},{"taxonomy":"post_tag","embeddable":true,"href":"https:\/\/bihavadis.com\/index.php\/wp-json\/wp\/v2\/tags?post=50099"}],"curies":[{"name":"wp","href":"https:\/\/api.w.org\/{rel}","templated":true}]}}