{"id":50116,"date":"2026-02-27T01:09:08","date_gmt":"2026-02-27T01:09:08","guid":{"rendered":"https:\/\/bihavadis.com\/?p=50116"},"modified":"2026-02-27T01:09:08","modified_gmt":"2026-02-27T01:09:08","slug":"bbpden-kadin-hastaneleri-aciklamasi","status":"publish","type":"post","link":"https:\/\/bihavadis.com\/index.php\/2026\/02\/27\/bbpden-kadin-hastaneleri-aciklamasi\/","title":{"rendered":"BBP&#8217;den Kad\u0131n Hastaneleri A\u00e7\u0131klamas\u0131"},"content":{"rendered":"<p>\n<p>B\u00dcY\u00dcK Birlik Partisi (BBP) Se\u00e7im \u0130\u015flerinden Sorumlu Genel Ba\u015fkan Yard\u0131mc\u0131s\u0131 B\u00fclent \u0130spir, Genel Ba\u015fkan Mustafa Destici&#8217;nin &#8216;kad\u0131n hastaneleri ve kad\u0131n \u00fcniversiteleri&#8217; \u00f6nerisine ili\u015fkin a\u00e7\u0131klama yapt\u0131. \u0130spir, &#8220;Baz\u0131 medya organlar\u0131 ve siyasi \u00e7evreler sistematik bir karalama kampanyas\u0131 y\u00fcr\u00fctmektedir. S\u00f6z konusu \u00f6neri kad\u0131nlar\u0131n toplumsal hayatta daha g\u00fcvenli, e\u015fit ve korunakl\u0131 ko\u015fullarda yer almas\u0131n\u0131 ama\u00e7layan samimi ve milli bir yakla\u015f\u0131md\u0131r&#8221; dedi.<\/p>\n<p>BBP&#8217;li B\u00fclent \u0130spir, Genel Ba\u015fkan Mustafa Destici&#8217;nin &#8216;kad\u0131n hastaneleri ve kad\u0131n \u00fcniversiteleri&#8217; \u00f6nerisine ili\u015fkin a\u00e7\u0131klamada bulundu. \u0130spir, tart\u0131\u015fmalar\u0131n bilin\u00e7li bir \u00e7arp\u0131tma ve alg\u0131 operasyonuna d\u00f6n\u00fc\u015ft\u00fcr\u00fcld\u00fc\u011f\u00fcn\u00fc s\u00f6yledi. \u0130spir, &#8220;CHP&#8217;li baz\u0131 siyaset\u00e7iler, projeyi kas\u0131tl\u0131 \u015fekilde \u00e7arp\u0131tmaktad\u0131r. Kad\u0131nlar\u0131m\u0131z\u0131n g\u00fcvenli\u011fi i\u00e7in ortaya konulan bir \u00f6neriyi &#8216;Talibanvari&#8217; bir ayr\u0131mc\u0131l\u0131k olarak sunmak a\u00e7\u0131k bir art niyettir, al\u00e7akl\u0131kt\u0131r. Amac\u0131m\u0131z kad\u0131nlar\u0131 sosyal hayattan koparmak de\u011fil, aksine tacizden, \u015fiddetten ve bask\u0131dan korunacaklar\u0131 alanlar olu\u015fturmakt\u0131r&#8221; diye konu\u015ftu.<\/p>\n<p>CHP Aile ve Sosyal Hizmetler Politika Kurulu Ba\u015fkan\u0131 Aylin Nazl\u0131aka&#8217;n\u0131n a\u00e7\u0131klamalar\u0131na da de\u011finen \u0130spir, bu s\u00f6zlerin iftira ve \u00e7arp\u0131tmadan ibaret oldu\u011funu savundu. \u0130spir, projeye kar\u015f\u0131 \u00e7\u0131kanlar\u0131n referandum \u00e7a\u011fr\u0131s\u0131ndan ka\u00e7mamas\u0131 gerekti\u011fini belirterek, &#8220;Milletin sesinden korkmuyorsan\u0131z, buyurun sand\u0131\u011fa gidelim. Tart\u0131\u015fma yaln\u0131zca projeyle s\u0131n\u0131rl\u0131 de\u011fildir. Genel Ba\u015fkan\u0131m\u0131z Mustafa Destici de do\u011frudan hedef al\u0131nmaktad\u0131r. Baz\u0131 haberlerde Genel Ba\u015fkan\u0131m\u0131z Destici&#8217;nin kulland\u0131\u011f\u0131 arac\u0131n markas\u0131 \u00f6zellikle \u00f6ne \u00e7\u0131kar\u0131lmaktad\u0131r. Bu a\u00e7\u0131k bir alg\u0131 operasyonudur. S\u00f6z konusu ara\u00e7, tamamen \u015fahsi m\u00fclkiyetidir. Ara\u00e7 partiye ait de\u011fildir ve BBP hi\u00e7bir \u015fekilde devlet imkanlar\u0131ndan faydalanmamaktad\u0131r&#8221; dedi.<\/p>\n<p>\u0130spir, B\u00fcy\u00fck Birlik Partisi&#8217;nin 33 y\u0131ld\u0131r g\u00f6n\u00fcll\u00fcl\u00fck esas\u0131na dayal\u0131 bir siyaset anlay\u0131\u015f\u0131yla ayakta durdu\u011funu belirterek, parti faaliyetlerinin y\u00f6neticilerin ba\u011f\u0131\u015flar\u0131 ve ki\u015fisel harcamalar\u0131yla s\u00fcrd\u00fcr\u00fcld\u00fc\u011f\u00fcn\u00fc ifade etti. \u0130spir, &#8220;Biz, Aziz \u0130hsan Akta\u015f benzeri su\u00e7 yap\u0131lar\u0131n\u0131n ald\u0131\u011f\u0131 l\u00fcks makam arabalar\u0131na binmiyoruz. Milletin paras\u0131n\u0131 \u015fatafata, israfa ve yolsuzlu\u011fa harcam\u0131yoruz. Baz\u0131 siyasi akt\u00f6rler, kad\u0131n haklar\u0131 s\u00f6ylemi \u00fczerinden kendi ayr\u0131cal\u0131kl\u0131 ya\u015famlar\u0131n\u0131 perdelemeye \u00e7al\u0131\u015fmaktad\u0131r. Toplumdan kopuk bir siyaset anlay\u0131\u015f\u0131 millet nezdinde kar\u015f\u0131l\u0131k bulamayacakt\u0131r. Bak\u0131c\u0131s\u0131, \u015fof\u00f6r\u00fc olanlar &#8216;tuzu kuru&#8217; diye milletin sesini bast\u0131ramaz&#8221; ifadelerini kulland\u0131. <\/p>\n<p>\u0130spir, Genel Ba\u015fkan Destici&#8217;nin her f\u0131rsatta dile getirdi\u011fi milli de\u011ferler, Anadolu k\u00fclt\u00fcr\u00fc, inan\u00e7lar ve \u0130slam ahlak\u0131n\u0131n toplumun korunmas\u0131 a\u00e7\u0131s\u0131ndan hayati \u00f6neme sahip oldu\u011funu s\u00f6yledi. Bu de\u011ferlerin aile yap\u0131s\u0131n\u0131 ve toplumsal dokuyu ayakta tuttu\u011funu ifade etti. &#8216;Kad\u0131n hastaneleri ve \u00fcniversiteleri&#8217; \u00f6nerisinin, d\u00fcnyada ya\u015fanan sava\u015flar, \u015fiddet ve cinsel istismar vakalar\u0131 kar\u015f\u0131s\u0131nda koruyucu bir model sundu\u011funu dile getiren \u0130spir, bu yakla\u015f\u0131m\u0131n kad\u0131nlar\u0131 ve k\u0131z \u00e7ocuklar\u0131n\u0131 yozla\u015fm\u0131\u015f d\u0131\u015f etkilerden korumay\u0131 ama\u00e7lad\u0131\u011f\u0131n\u0131 ifade etti. \u0130spir, projeye kar\u015f\u0131 \u00e7\u0131kan kesimlerin toplumun gelece\u011fini tehlikeye att\u0131\u011f\u0131n\u0131 savunarak, &#8220;Bu iftiralarla sonu\u00e7 alamayacaklar. B\u00fcy\u00fck Birlik Partisi, vatan\u0131n, milletin, kad\u0131nlar\u0131m\u0131z\u0131n, gen\u00e7lerimizin ve \u00e7ocuklar\u0131m\u0131z\u0131n yan\u0131nda durmaya devam edecektir&#8221; dedi.<\/p>\n","protected":false},"excerpt":{"rendered":"<p>BBP Genel Ba\u015fkan Yard\u0131mc\u0131s\u0131 \u0130spir, kad\u0131n hastaneleri \u00f6nerisini savundu, kar\u015f\u0131t g\u00f6r\u00fc\u015fleri ele\u015ftirdi.<\/p>\n","protected":false},"author":1,"featured_media":50117,"comment_status":"open","ping_status":"open","sticky":false,"template":"","format":"standard","meta":{"footnotes":""},"categories":[12],"tags":[3289,6459,380,2113,563],"class_list":["post-50116","post","type-post","status-publish","format-standard","has-post-thumbnail","hentry","category-siyaset","tag-genel-baskan","tag-ispir","tag-kadin","tag-millet","tag-parti"],"_links":{"self":[{"href":"https:\/\/bihavadis.com\/index.php\/wp-json\/wp\/v2\/posts\/50116","targetHints":{"allow":["GET"]}}],"collection":[{"href":"https:\/\/bihavadis.com\/index.php\/wp-json\/wp\/v2\/posts"}],"about":[{"href":"https:\/\/bihavadis.com\/index.php\/wp-json\/wp\/v2\/types\/post"}],"author":[{"embeddable":true,"href":"https:\/\/bihavadis.com\/index.php\/wp-json\/wp\/v2\/users\/1"}],"replies":[{"embeddable":true,"href":"https:\/\/bihavadis.com\/index.php\/wp-json\/wp\/v2\/comments?post=50116"}],"version-history":[{"count":1,"href":"https:\/\/bihavadis.com\/index.php\/wp-json\/wp\/v2\/posts\/50116\/revisions"}],"predecessor-version":[{"id":50118,"href":"https:\/\/bihavadis.com\/index.php\/wp-json\/wp\/v2\/posts\/50116\/revisions\/50118"}],"wp:featuredmedia":[{"embeddable":true,"href":"https:\/\/bihavadis.com\/index.php\/wp-json\/wp\/v2\/media\/50117"}],"wp:attachment":[{"href":"https:\/\/bihavadis.com\/index.php\/wp-json\/wp\/v2\/media?parent=50116"}],"wp:term":[{"taxonomy":"category","embeddable":true,"href":"https:\/\/bihavadis.com\/index.php\/wp-json\/wp\/v2\/categories?post=50116"},{"taxonomy":"post_tag","embeddable":true,"href":"https:\/\/bihavadis.com\/index.php\/wp-json\/wp\/v2\/tags?post=50116"}],"curies":[{"name":"wp","href":"https:\/\/api.w.org\/{rel}","templated":true}]}}