{"id":50178,"date":"2026-02-27T02:03:08","date_gmt":"2026-02-27T02:03:08","guid":{"rendered":"https:\/\/bihavadis.com\/?p=50178"},"modified":"2026-02-27T02:03:08","modified_gmt":"2026-02-27T02:03:08","slug":"nato-steadfast-dart-2026-tatbikati-ilklere-sahne-oluyor","status":"publish","type":"post","link":"https:\/\/bihavadis.com\/index.php\/2026\/02\/27\/nato-steadfast-dart-2026-tatbikati-ilklere-sahne-oluyor\/","title":{"rendered":"NATO Steadfast Dart 2026 tatbikat\u0131 ilklere sahne oluyor"},"content":{"rendered":"<p>Deniz Kuvvetleri Komutan\u0131 Oramiral Erc\u00fcment Tatl\u0131o\u011flu, NATO&#8217;nun en b\u00fcy\u00fck ve kapsaml\u0131 tatbikat\u0131 Steadfast Dart 2026 s\u0131ras\u0131nda TCG Anadolu gemisinde gazetecilere de\u011ferlendirmede bulundu.<\/p>\n<p>Tatl\u0131o\u011flu, <em><b>&#8220;Bu tatbikata NATO&#8217;dan 11 \u00fclke kat\u0131lmakta. Biz de Anadolu T\u00fcrk Deniz Kuvveti olarak \u00e7ok maksatl\u0131 amfibi gemimiz TCG Anadolu, denizde ikmal muharebe destek gemisi TCG Derya, ilk milli ve yerli f\u0131rkateynimiz TCG \u0130stanbul ve yar\u0131 \u00f6m\u00fcr modernizasyonunu milli imkanlarla yapm\u0131\u015f oldu\u011fumuz TCG Oru\u00e7reis f\u0131rkateynimizle kat\u0131l\u0131yoruz.&#8221; <\/b><\/em>dedi.<\/p>\n<p>Oramiral Tatl\u0131o\u011flu, ayr\u0131ca amfibi deniz piyade taburu hem denizde hem karada gidebilen z\u0131rhl\u0131 amfibi h\u00fccum ara\u00e7lar\u0131, su alt\u0131 taarruz ve su alt\u0131 savunma komandolar\u0131, helikopterler, insans\u0131z deniz ara\u00e7lar\u0131 ve \u00fc\u00e7 adet Bayraktar TB3 S\u0130HA ile de kat\u0131l\u0131m sa\u011fland\u0131\u011f\u0131n\u0131 aktard\u0131.<\/p>\n<p>Tatbikatta iki \u00f6nemli husus bulundu\u011funa dikkati \u00e7eken Tatl\u0131o\u011flu,<em><b> &#8220;Birincisi T\u00fcrk Deniz Kuvvetlerinin g\u00fc\u00e7 aktar\u0131m kabiliyetinin g\u00f6sterilmesi.&#8221;<\/b><\/em> ifadesini kulland\u0131.<\/p>\n<p>Tatl\u0131o\u011flu, TCG Anadolu gemisiyle 8 bin kilometreden fazla mesafeye deniz piyadeleri ve amfibi g\u00fcc\u00fcn\u00fcn nakledildi\u011fini belirtti.<\/p>\n<p><strong>TB3&#8217;LER \u0130LK KEZ NATO TATB\u0130KATINDA KULLANILIYOR<\/strong><\/p>\n<p>Tatl\u0131o\u011flu, <em><b>&#8220;\u0130kinci \u00f6nemli konu da TB3&#8217;leri ilk defa bir NATO tatbikat\u0131nda kullan\u0131yoruz. Ayr\u0131ca TB3&#8217;leri ilk kez bir amfibi harekatta kullan\u0131yoruz. Bu NATO i\u00e7in de yeni bir doktrin. NATO i\u00e7inde \u0130HA&#8217;lar\u0131 kullanarak yapt\u0131\u011f\u0131m\u0131z ilk amfibi harekat.&#8221; <\/b><\/em>diye konu\u015ftu.<\/p>\n<p>Oramiral, \u015f\u00f6yle devam etti:<\/p>\n<p>Sadece Balt\u0131k Denizi&#8217;nde de\u011fil, d\u00fcnyan\u0131n her yerinde deniz kuvveti olarak var\u0131z. Anadolu T\u00fcrk Deniz Kuvveti Balt\u0131k Denizi&#8217;nde, Somali T\u00fcrk Deniz G\u00f6rev Kuvveti Hint Okyanusu&#8217;nda tatbikatlar icra ediyor. Gemilerimiz Basra K\u00f6rfezi&#8217;nde, L\u00fcbnan&#8217;\u0131n bat\u0131s\u0131nda, Libya&#8217;n\u0131n kuzeyinde g\u00f6rev icra ediyor. Ayr\u0131ca Adriatik Denizi&#8217;nde \u0130talyanlarla bug\u00fcn itibariyle e\u011fitimler icra ediyoruz.<\/p>\n<p>\u00dc\u00e7 taraf\u0131 denizlerle \u00e7evrili bir \u00fclke olarak T\u00fcrkiye&#8217;nin jeostratejik konumunun g\u00fc\u00e7l\u00fc bir deniz kuvvetlerine sahip olunmas\u0131n\u0131 gerektirdi\u011fini vurgulayan Tatl\u0131o\u011flu,<b><em> &#8220;Biz de \u00e7ok g\u00fc\u00e7l\u00fc bir deniz kuvvetleriyiz.&#8221;<\/em><\/b> mesaj\u0131n\u0131 verdi.<\/p>\n<p><img decoding=\"async\" src=\"https:\/\/bihavadis.com\/wp-content\/uploads\/2026\/02\/nato-steadfast-dart-2026-tatbikati-ilklere-sahne-oluyor-0-PftbhtsO.jpg\"\/><\/p>\n<p><img decoding=\"async\" src=\"https:\/\/bihavadis.com\/wp-content\/uploads\/2026\/02\/nato-steadfast-dart-2026-tatbikati-ilklere-sahne-oluyor-1-TAIwCAIB.jpg\"\/><\/p>\n<p><img decoding=\"async\" src=\"https:\/\/bihavadis.com\/wp-content\/uploads\/2026\/02\/nato-steadfast-dart-2026-tatbikati-ilklere-sahne-oluyor-2-fdvDNQin.jpg\"\/><\/p>\n","protected":false},"excerpt":{"rendered":"<p>T\u00fcrk Deniz Kuvvetleri Komutan\u0131 Erc\u00fcment Tatl\u0131o\u011flu, NATO\u2019nun bu y\u0131l d\u00fczenledi\u011fi en b\u00fcy\u00fck tatbikat olan Steadfast Dart 2026 kapsam\u0131nda, Bayraktar TB3 silahl\u0131 insans\u0131z hava ara\u00e7lar\u0131n\u0131n bir NATO tatbikat\u0131nda ilk kez kullan\u0131ld\u0131\u011f\u0131n\u0131 duyurdu.<\/p>\n","protected":false},"author":1,"featured_media":50179,"comment_status":"open","ping_status":"open","sticky":false,"template":"","format":"standard","meta":{"footnotes":""},"categories":[9,13],"tags":[6467,850,4435,6466,1925],"class_list":["post-50178","post","type-post","status-publish","format-standard","has-post-thumbnail","hentry","category-genel","category-son-dakika","tag-amfibi","tag-deniz","tag-nato","tag-tatlioglu","tag-tcg"],"_links":{"self":[{"href":"https:\/\/bihavadis.com\/index.php\/wp-json\/wp\/v2\/posts\/50178","targetHints":{"allow":["GET"]}}],"collection":[{"href":"https:\/\/bihavadis.com\/index.php\/wp-json\/wp\/v2\/posts"}],"about":[{"href":"https:\/\/bihavadis.com\/index.php\/wp-json\/wp\/v2\/types\/post"}],"author":[{"embeddable":true,"href":"https:\/\/bihavadis.com\/index.php\/wp-json\/wp\/v2\/users\/1"}],"replies":[{"embeddable":true,"href":"https:\/\/bihavadis.com\/index.php\/wp-json\/wp\/v2\/comments?post=50178"}],"version-history":[{"count":1,"href":"https:\/\/bihavadis.com\/index.php\/wp-json\/wp\/v2\/posts\/50178\/revisions"}],"predecessor-version":[{"id":50183,"href":"https:\/\/bihavadis.com\/index.php\/wp-json\/wp\/v2\/posts\/50178\/revisions\/50183"}],"wp:featuredmedia":[{"embeddable":true,"href":"https:\/\/bihavadis.com\/index.php\/wp-json\/wp\/v2\/media\/50179"}],"wp:attachment":[{"href":"https:\/\/bihavadis.com\/index.php\/wp-json\/wp\/v2\/media?parent=50178"}],"wp:term":[{"taxonomy":"category","embeddable":true,"href":"https:\/\/bihavadis.com\/index.php\/wp-json\/wp\/v2\/categories?post=50178"},{"taxonomy":"post_tag","embeddable":true,"href":"https:\/\/bihavadis.com\/index.php\/wp-json\/wp\/v2\/tags?post=50178"}],"curies":[{"name":"wp","href":"https:\/\/api.w.org\/{rel}","templated":true}]}}