{"id":50255,"date":"2026-02-27T03:00:06","date_gmt":"2026-02-27T03:00:06","guid":{"rendered":"https:\/\/bihavadis.com\/?p=50255"},"modified":"2026-02-27T03:00:06","modified_gmt":"2026-02-27T03:00:06","slug":"selcukluda-cevre-dostu-muhtarlar-yarismasi-basladi","status":"publish","type":"post","link":"https:\/\/bihavadis.com\/index.php\/2026\/02\/27\/selcukluda-cevre-dostu-muhtarlar-yarismasi-basladi\/","title":{"rendered":"Sel\u00e7uklu&#8217;da &#8220;\u00c7evre Dostu Muhtarlar Yar\u0131\u015fmas\u0131&#8221; Ba\u015flad\u0131"},"content":{"rendered":"<p>Sel\u00e7uklu Belediyesi, gelecek nesillere temiz ve daha ya\u015fan\u0131labilir bir d\u00fcnya b\u0131rakma hedefi do\u011frultusunda \u00e7evre ve s\u0131f\u0131r at\u0131k \u00e7al\u0131\u015fmalar\u0131n\u0131 aral\u0131ks\u0131z s\u00fcrd\u00fcr\u00fcyor. Bu do\u011frultuda \u00e7evre bilincini art\u0131rmak, geri d\u00f6n\u00fc\u015f\u00fcm al\u0131\u015fkanl\u0131\u011f\u0131n\u0131 yayg\u0131nla\u015ft\u0131rmak ve toplumsal fark\u0131ndal\u0131k olu\u015fturmak amac\u0131yla \u00e7e\u015fitli e\u011fitim programlar\u0131 ve \u00f6d\u00fcll\u00fc yar\u0131\u015fmalar da d\u00fczenleniyor. \u0130klim De\u011fi\u015fikli\u011fi ve S\u0131f\u0131r At\u0131k M\u00fcd\u00fcrl\u00fc\u011f\u00fc koordinasyonunda y\u00fcr\u00fct\u00fclen \u00e7al\u0131\u015fmalar kapsam\u0131nda bu kez mahalle muhtarlar\u0131na y\u00f6nelik e\u011fitim program\u0131 d\u00fczenlendi. E\u011fitime \u00c7evre \u015eehircilik ve \u0130klim De\u011fi\u015fikli\u011fi \u0130l M\u00fcd\u00fcrl\u00fc\u011f\u00fc uzmanlar\u0131 da kat\u0131ld\u0131.\u00a0<\/p>\n<p>Muhtarlar iklim de\u011fi\u015fikli\u011fi, s\u0131f\u0131r at\u0131k y\u00f6netimi ve elektronik at\u0131klar\u0131n \u00e7evreye zararlar\u0131na y\u00f6nelik konular\u0131nda bilgilendirildi. Ayr\u0131ca burada yap\u0131lan bilgilendirmenin ard\u0131ndan \u201c\u00c7evre Dostu Muhtarlar Yar\u0131\u015f\u0131yor\u201d adl\u0131 elektronik at\u0131k toplama yar\u0131\u015fmas\u0131n\u0131n da start\u0131 verildi. 15 May\u0131s tarihinde sona erecek olan yar\u0131\u015fma \u00e7er\u00e7evesinde mahallelerinde \u00f6rnek \u00e7al\u0131\u015fmalar hayata ge\u00e7iren ve televizyon, bilgisayar, k\u00fc\u00e7\u00fck ev aletleri, \u015farj cihazlar\u0131 ile kablo gibi elektronik at\u0131klar\u0131n toplanmas\u0131nda en y\u00fcksek katk\u0131y\u0131 sa\u011flayan muhtar \u00f6d\u00fcl almaya hak kazanacak.<\/p>\n<p>At\u0131k y\u00f6netimi konusunda g\u00f6sterdi\u011fi ba\u015far\u0131l\u0131 \u00e7al\u0131\u015fmalar do\u011frultusunda \u00f6d\u00fcl alacak olan muhtara 5 Haziran D\u00fcnya \u00c7evre G\u00fcn\u00fc\u2019nde d\u00fczenlenecek program ile \u00f6d\u00fclleri verilecek. Birinci olan muhtar, \u00f6d\u00fcl\u00fcn yan\u0131 s\u0131ra \u201c\u00c7evreci Muhtar Sertifikas\u0131\u201d ile onurland\u0131r\u0131lacak.<\/p>\n<p><b>Ba\u015fkan Pekyat\u0131rmac\u0131, \u201cS\u0131f\u0131r At\u0131k sadece bir proje de\u011fil, gelece\u011fimize kar\u015f\u0131 bir sorumlulu\u011fumuzdur\u201d<\/b><\/p>\n<p>\u00c7evre dostu projelere ve e\u011fitim \u00e7al\u0131\u015fmalar\u0131n\u0131 s\u00fcrd\u00fcrd\u00fcklerini belirten, Sel\u00e7uklu Belediye Ba\u015fkan\u0131 Ahmet Pekyat\u0131rmac\u0131, \u201cDaha temiz ve ya\u015fan\u0131labilir bir \u00e7evre i\u00e7in vatanda\u015flar\u0131m\u0131z\u0131n bu alanda bilgilendirilmesi ve yapacaklar\u0131 katk\u0131lar b\u00fcy\u00fck \u00f6nem ta\u015f\u0131yor. S\u0131f\u0131r At\u0131k sadece bir \u00e7evre projesi de\u011fil, gelecek nesillere kar\u015f\u0131 sorumlulu\u011fumuzun bir gere\u011fidir. Mahallelerimizde bu bilincin yayg\u0131nla\u015fmas\u0131 noktas\u0131nda muhtarlar\u0131m\u0131z b\u00fcy\u00fck rol oynuyor. Onlar\u0131n deste\u011fini \u00e7ok \u00f6nemsiyoruz. Bizler de \u00fczerimize d\u00fc\u015fen g\u00f6revi yerine getiriyoruz. Bu alanda e\u011fitim programlar\u0131m\u0131z ve yar\u0131\u015fmalar\u0131m\u0131zla fark\u0131ndal\u0131\u011f\u0131 art\u0131r\u0131yor ve de vatanda\u015flar\u0131m\u0131z\u0131 bu s\u00fcrece kat\u0131lmalar\u0131n\u0131 te\u015fvik ediyoruz. D\u00fczenledi\u011fimiz bu yar\u0131\u015fma ile hem elektronik at\u0131klar\u0131n do\u011faya zarar vermesini \u00f6nlemeyi hem de mahallelerimize s\u0131f\u0131r at\u0131k bilincini yaymay\u0131 hedefliyoruz. T\u00fcm mahalle sakinlerini evlerindeki at\u0131l durumdaki elektronik e\u015fyalar\u0131 muhtarl\u0131klar\u0131na getirerek bu iyilik hareketine destek olmaya davet ediyorum\u201d ifadelerini kulland\u0131.<\/p>\n<p>\u00a0<\/p>\n<p>Kaynak: (BYZHA) Beyaz Haber Ajans\u0131<\/p>\n","protected":false},"excerpt":{"rendered":"<p>Sel\u00e7uklu Belediyesi, gelecek nesillere temiz ve daha ya\u015fan\u0131labilir bir d\u00fcnya b\u0131rakma hedefi do\u011frultusunda \u00e7evre ve s\u0131f\u0131r at\u0131k \u00e7al\u0131\u015fmalar\u0131n\u0131 aral\u0131ks\u0131z s\u00fcrd\u00fcr\u00fcyor.<\/p>\n","protected":false},"author":1,"featured_media":50256,"comment_status":"open","ping_status":"open","sticky":false,"template":"","format":"standard","meta":{"footnotes":""},"categories":[4],"tags":[998,3638,952,1243,472],"class_list":["post-50255","post","type-post","status-publish","format-standard","has-post-thumbnail","hentry","category-gundem","tag-cevre","tag-muhtar","tag-odul","tag-sifir-atik","tag-yarisma"],"_links":{"self":[{"href":"https:\/\/bihavadis.com\/index.php\/wp-json\/wp\/v2\/posts\/50255","targetHints":{"allow":["GET"]}}],"collection":[{"href":"https:\/\/bihavadis.com\/index.php\/wp-json\/wp\/v2\/posts"}],"about":[{"href":"https:\/\/bihavadis.com\/index.php\/wp-json\/wp\/v2\/types\/post"}],"author":[{"embeddable":true,"href":"https:\/\/bihavadis.com\/index.php\/wp-json\/wp\/v2\/users\/1"}],"replies":[{"embeddable":true,"href":"https:\/\/bihavadis.com\/index.php\/wp-json\/wp\/v2\/comments?post=50255"}],"version-history":[{"count":1,"href":"https:\/\/bihavadis.com\/index.php\/wp-json\/wp\/v2\/posts\/50255\/revisions"}],"predecessor-version":[{"id":50257,"href":"https:\/\/bihavadis.com\/index.php\/wp-json\/wp\/v2\/posts\/50255\/revisions\/50257"}],"wp:featuredmedia":[{"embeddable":true,"href":"https:\/\/bihavadis.com\/index.php\/wp-json\/wp\/v2\/media\/50256"}],"wp:attachment":[{"href":"https:\/\/bihavadis.com\/index.php\/wp-json\/wp\/v2\/media?parent=50255"}],"wp:term":[{"taxonomy":"category","embeddable":true,"href":"https:\/\/bihavadis.com\/index.php\/wp-json\/wp\/v2\/categories?post=50255"},{"taxonomy":"post_tag","embeddable":true,"href":"https:\/\/bihavadis.com\/index.php\/wp-json\/wp\/v2\/tags?post=50255"}],"curies":[{"name":"wp","href":"https:\/\/api.w.org\/{rel}","templated":true}]}}