{"id":50321,"date":"2026-02-27T03:57:05","date_gmt":"2026-02-27T03:57:05","guid":{"rendered":"https:\/\/bihavadis.com\/?p=50321"},"modified":"2026-02-27T03:57:05","modified_gmt":"2026-02-27T03:57:05","slug":"hocali-sehitleri-keciorende-duzenlenen-programla-anildi","status":"publish","type":"post","link":"https:\/\/bihavadis.com\/index.php\/2026\/02\/27\/hocali-sehitleri-keciorende-duzenlenen-programla-anildi\/","title":{"rendered":"Hocal\u0131 \u015eehitleri Ke\u00e7i\u00f6ren&#8217;de D\u00fczenlenen Programla An\u0131ld\u0131"},"content":{"rendered":"<p>Ke\u00e7i\u00f6ren Belediyesi ile Azerbaycan Cumhuriyeti Ankara B\u00fcy\u00fckel\u00e7ili\u011fi i\u015f birli\u011fiyle d\u00fczenlenen \u201cHocal\u0131 Soyk\u0131r\u0131m\u0131 \u015eehitlerini Anma T\u00f6reni\u201d, Kalaba Kent Meydan\u0131\u2019nda ger\u00e7ekle\u015ftirildi. T\u00f6rende, Azerbaycan\u2019\u0131n Karaba\u011f b\u00f6lgesinde 26 \u015eubat 1992 tarihinde Ermeni kuvvetlerinin ger\u00e7ekle\u015ftirdi\u011fi sald\u0131r\u0131lar sonucunda i\u015fgal edilen Hocal\u0131 Kasabas\u0131\u2019nda katledilen \u015fehitler, dualarla an\u0131ld\u0131. Her iki \u00fclkenin \u015fehitleri i\u00e7in sayg\u0131 duru\u015funda bulunularak milli mar\u015flar okundu.<\/p>\n<p>Anma program\u0131na; Ke\u00e7i\u00f6ren Belediye Ba\u015fkan Yard\u0131mc\u0131s\u0131 Dr. Atilla Zorlu, Azerbaycan Cumhuriyeti Ankara B\u00fcy\u00fckel\u00e7isi Dr. Re\u015fad Memmedov, T\u00fcrkiye-Azerbaycan Dostluk Grubu Ba\u015fkan\u0131 AK Parti \u0130stanbul Milletvekili \u015eamil Ayr\u0131m, K\u0131rg\u0131zistan Cumhuriyeti Ankara B\u00fcy\u00fckel\u00e7ili\u011fi M\u00fcste\u015far\u0131 Erkinbek Atabekov, Kazakistan Cumhuriyeti Ankara B\u00fcy\u00fckel\u00e7ili\u011fi M\u00fcste\u015far\u0131 Dinara \u0130zanova, T\u00fcrkiye-Azerbaycan Dostluk \u0130\u015fbirli\u011fi ve Dayan\u0131\u015fma Vakf\u0131 (TAD\u0130V) Ba\u015fkan\u0131 Prof. Dr. Ayg\u00fcn Attar, \u0130Y\u0130 Parti Ke\u00e7i\u00f6ren \u0130l\u00e7e Ba\u015fkan\u0131 Haluk Baran, Gazeteci Yazar Serriye M\u00fcsl\u00fcmk\u0131z\u0131, STK temsilcileri, belediye ba\u015fkan yard\u0131mc\u0131lar\u0131, meclis \u00fcyeleri, birim m\u00fcd\u00fcrleri, muhtarlar ile \u00e7ok say\u0131da vatanda\u015f kat\u0131ld\u0131.<\/p>\n<p><b>\u201cAzerbaycan ve T\u00fcrkiye, bir millet, iki devlet olarak kalbimizde\u201d<\/b><\/p>\n<p><b>Ke\u00e7i\u00f6ren Belediye Ba\u015fkan Yard\u0131mc\u0131s\u0131 Dr. Atila Zorlu,<\/b>\u00a0anma program\u0131nda yapt\u0131\u011f\u0131 konu\u015fmada Hocal\u0131 Soyk\u0131r\u0131m\u0131\u2019n\u0131 bilmeyenlerin mutlaka okumas\u0131 gerekti\u011fini vurgulayarak \u015funlar\u0131 s\u00f6yledi: \u201c34 y\u0131l ge\u00e7mi\u015f \u00fczerinden\u2026 Zaman, tarih dedi\u011fimiz \u015fey tam olarak budur asl\u0131nda. \u0130nsan i\u00e7in haf\u0131za ne demekse, milletler i\u00e7in de tarihini bilmek o kadar \u00f6nemlidir. Haf\u0131zan\u0131z\u0131 kaybederseniz, e\u015finizi, dostunuzu, d\u00fc\u015fman\u0131n\u0131z\u0131, evinizin yolunu, do\u011fruyu ve yanl\u0131\u015f\u0131 ay\u0131rt edemezsiniz. \u0130\u015fte milletler de tarihlerini bilmezlerse, garip hayranl\u0131klar, \u015fa\u015fk\u0131nl\u0131klar i\u00e7inde olabilirler. Hocal\u0131 sadece bir katliam de\u011fil, ayn\u0131 zamanda bir soyk\u0131r\u0131md\u0131r. Kas\u0131tl\u0131 olarak bir milleti tamamen ortadan kald\u0131rmaya y\u00f6nelik bir eylemdir. Burada bahsedilen millet, hamile kad\u0131nlar\u0131n do\u011fmam\u0131\u015f \u00e7ocuklar\u0131n\u0131 canl\u0131 canl\u0131 karn\u0131ndan \u00e7\u0131karacak kadar vah\u015fet dolu bir eylemin hedefi olmu\u015ftur. Otuz d\u00f6rt y\u0131l dedi\u011fimiz \u015fey nedir? Bu, ger\u00e7ekten \u00e7ok taze bir soyk\u0131r\u0131md\u0131r. Her zaman inand\u0131\u011f\u0131m\u0131z gibi, Azerbaycan ve T\u00fcrkiye, bir millet, iki devlet olarak kalbimizde. Her zaman var olsun Azerbaycan!&#8221;<\/p>\n<p><b>\u201cKe\u00e7i\u00f6ren Belediyesi, Azerbaycan&#8217;\u0131 hi\u00e7bir zaman unutmad\u0131\u201d<\/b><\/p>\n<p><b>Azerbaycan Cumhuriyeti Ankara B\u00fcy\u00fckel\u00e7isi Dr. Re\u015fad Memmedov,\u00a0<\/b>bu ac\u0131lar\u0131n unutulmamas\u0131 gerekti\u011fini belirterek \u015funlar\u0131 ifade etti: \u201cSadece milli mensubiyetleri nedeniyle, T\u00fcrk olduklar\u0131 i\u00e7in hayatlar\u0131n\u0131 kaybetmi\u015f insanlar\u0131 anmak amac\u0131yla buraday\u0131z. T\u00fcrk milleti olarak bizler, hi\u00e7bir sava\u015fta \u00e7ocuklar\u0131, ya\u015fl\u0131lar\u0131 ya da kad\u0131nlar\u0131 hedef almad\u0131k. Hi\u00e7bir zaman s\u00fcng\u00fclerimizi, silahlar\u0131m\u0131z\u0131 onlara y\u00f6neltmedik. Hocal\u0131 Soyk\u0131r\u0131m\u0131 30 y\u0131l\u0131 a\u015fk\u0131n s\u00fcredir d\u00fcnya genelinde kitaplarla, yaz\u0131larla, foto\u011fraf sergileriyle, t\u00f6renlerle ve canl\u0131 tan\u0131klar\u0131n ifadeleriyle anlat\u0131lmas\u0131na ra\u011fmen d\u00fcnya sustu. Ancak biz bunu unutmayaca\u011f\u0131z. Bunu unutmamal\u0131y\u0131z ki, bir daha \u00e7ocuklar\u0131m\u0131za kar\u015f\u0131, insanl\u0131k su\u00e7lar\u0131 i\u015flenmesin ve bu t\u00fcr ac\u0131lara izin verilmesin. Bizler, bu t\u00fcr felaketlerin ba\u015fka milletlerde nas\u0131l do\u011fdu\u011funu \u00f6nceden g\u00f6rmeli, buna kar\u015f\u0131l\u0131k vermeli ve bir daha b\u00f6yle cinayetlerin tekrarlanmamas\u0131 i\u00e7in ad\u0131mlar atmal\u0131y\u0131z. Ke\u00e7i\u00f6ren Belediye Ba\u015fkan\u0131m\u0131za ve program\u0131n d\u00fczenlenmesinde eme\u011fi ge\u00e7en herkese minnettar\u0131m. Ke\u00e7i\u00f6ren Belediyesi, Azerbaycan&#8217;\u0131 hi\u00e7bir zaman unutmad\u0131. Hem sava\u015f zaman\u0131nda, hem sava\u015f sonras\u0131 hem de bug\u00fcnlere kadar Azerbaycan&#8217;\u0131n yan\u0131nda oldular. Te\u015fekk\u00fcr ederim, var olun, eski olmay\u0131n.\u201d<\/p>\n<p><b>\u201cT\u00fcrkiye-Azerbaycan karde\u015fli\u011fi g\u00fc\u00e7l\u00fc\u201d<\/b><\/p>\n<p><b>T\u00fcrk-Azerbaycan Dostluk Grubu Ba\u015fkan\u0131 ve 28. D\u00f6nem AK Parti \u0130stanbul Millet Vekili \u015eamil Ayr\u0131m<\/b>, konu\u015fmas\u0131nda \u015fu mesajlar\u0131 verdi: \u201cKatliamlar\u0131 unutmak m\u00fcmk\u00fcn de\u011fil. \u0130zzet Begovi\u00e7\u2019in dedi\u011fi gibi, \u2018E\u011fer bir soyk\u0131r\u0131m\u0131 anmazsan\u0131z, o soyk\u0131r\u0131mlar tekrar eder.\u2019 Bu y\u00fczden biz bunu \u00e7ok \u00f6nemsiyoruz. Bug\u00fcn burada toplanmam\u0131z\u0131n en b\u00fcy\u00fck nedenlerinden biri, Hocal\u0131\u2019ya adalet istemek. O g\u00fcn, o katliam\u0131 ger\u00e7ekle\u015ftiren insanlar bug\u00fcn h\u00e2l\u00e2 serbest\u00e7e dola\u015f\u0131yorlar. Biz, y\u00fcce T\u00fcrk milletinin mensuplar\u0131 olarak bunlar\u0131n pe\u015fini b\u0131rakmayaca\u011f\u0131z. En sonunda hak ettikleri cezay\u0131 alacaklar. Bug\u00fcn art\u0131k gelece\u011fe bakaca\u011f\u0131z. Rabbime binlerce \u015f\u00fck\u00fcr ediyorum ki T\u00fcrkiye g\u00fc\u00e7l\u00fc, Azerbaycan g\u00fc\u00e7l\u00fc, T\u00fcrkiye-Azerbaycan karde\u015fli\u011fi g\u00fc\u00e7l\u00fc. Allah, bu birlikteli\u011fimizi bozmas\u0131n, bozdurmas\u0131n ve bu karde\u015flik sonsuza dek devam etsin. Ve bu karde\u015flik devam etti\u011fi s\u00fcrece, Hocal\u0131&#8217;ya adalet diye hayk\u0131raca\u011f\u0131z. Bug\u00fcn Ankara\u2019n\u0131n merkezi Ke\u00e7i\u00f6ren\u2019den hayk\u0131r\u0131yoruz, yar\u0131n her yerden hayk\u0131raca\u011f\u0131z.\u201d<\/p>\n<p><b>\u201cAllah bir daha bizlere b\u00f6yle ac\u0131lar ya\u015fatmas\u0131n\u201d<\/b><\/p>\n<p>Anma program\u0131nda konu\u015fan\u00a0<b>T\u00fcrkiye-Azerbaycan Dostluk \u0130\u015fbirli\u011fi ve Dayan\u0131\u015fma Vakf\u0131 (TAD\u0130V) Ba\u015fkan\u0131 Prof. Dr. Ayg\u00fcn Attar<\/b>\u00a0ise, \u201cHem T\u00fcrkiye Cumhuriyeti&#8217;nin bir vatanda\u015f\u0131, hem de T\u00fcrkiye-Azerbaycan Dostluk \u0130\u015fbirli\u011fi ve Dayan\u0131\u015fma Vakf\u0131 Ba\u015fkan\u0131 olarak, d\u00fczenlenen bu anma program\u0131 i\u00e7in Ke\u00e7i\u00f6ren Belediye Ba\u015fkan\u0131m\u0131za ve de\u011ferli ekibine te\u015fekk\u00fcr ediyorum. Buradaki Hocal\u0131 \u015eehitleri Abidesi, ge\u00e7mi\u015ften bug\u00fcne kadar hepimizin ortak d\u00fc\u015f\u00fcncelerinin simgesidir. Allah bir daha bizlere b\u00f6yle ac\u0131lar ya\u015fatmas\u0131n.\u201d dedi.<\/p>\n<p><b>\u201cT\u00fcrkiye bizimle karde\u015ftir\u201d<\/b><\/p>\n<p>Gazeteci Yazar Serriye M\u00fcsl\u00fcmk\u0131z\u0131 da konu\u015fmas\u0131nda ya\u015fanan soyk\u0131r\u0131mda annesini kaybetti\u011fini belirterek \u015funlar\u0131 s\u00f6yledi: \u201cBen Hocal\u0131 Soyk\u0131r\u0131m\u0131\u2019n\u0131 ya\u015fad\u0131m. Hocal\u0131 Soyk\u0131r\u0131m\u0131 s\u0131ras\u0131nda hem kendi halk\u0131m\u0131 kaybettim, hem de akrabalar\u0131m\u0131 kaybettim. 1992 y\u0131l\u0131, 26 \u015eubat gecesi, Ermeni birlikleri, kadim bir yerle\u015fim yeri olan Hocal\u0131 kasabas\u0131n\u0131 istila ettiler. \u0130nsanlar\u0131 katlettiler, \u00e7ocuklar\u0131, kad\u0131nlar\u0131, ya\u015fl\u0131lar\u0131 \u00f6ld\u00fcrd\u00fcler. Resmi rakamlara g\u00f6re 613 ki\u015fi hayat\u0131n\u0131 kaybetti. Ama ger\u00e7ekte, 613 ki\u015finin ard\u0131nda \u00e7ok b\u00fcy\u00fck bir ac\u0131 vard\u0131. Onlar\u0131n aras\u0131nda 106 kad\u0131n vard\u0131. O kad\u0131nlardan biri de benim annemdi. Onlar, benim neslimden olan insanlard\u0131. D\u00fc\u015fman bizi katletti ama d\u00fc\u015fman bizim umudumuzu \u00f6ld\u00fcremedi. \u015eehitlerimize Allah\u2019tan rahmet diliyorum. Bug\u00fcn ben Hocal\u0131\u2019dan, kalbimdeki ac\u0131y\u0131 ve hat\u0131ralar\u0131 sizlere getiriyorum. Selamlar olsun size, ey T\u00fcrk karde\u015flerim. T\u00fcrkiye bizimle karde\u015ftir; aram\u0131zdaki ba\u011f o kadar g\u00fc\u00e7l\u00fcd\u00fcr ki, biz birbirimize \u00e7ok yak\u0131n\u0131z.\u201d<\/p>\n<p>Konu\u015fmalar\u0131n ard\u0131ndan Kur\u2019an-\u0131 Kerim tilaveti okunarak Hocal\u0131 \u015eehitleri An\u0131t\u0131\u2019na \u00e7elenk b\u0131rak\u0131ld\u0131.<\/p>\n<p>\u00a0<\/p>\n<p>\u00a0<\/p>\n<p>Kaynak: (BYZHA) Beyaz Haber Ajans\u0131<\/p>\n","protected":false},"excerpt":{"rendered":"<p>Ke\u00e7i\u00f6ren Belediyesi ile Azerbaycan Cumhuriyeti Ankara B\u00fcy\u00fckel\u00e7ili\u011fi i\u015f birli\u011fiyle d\u00fczenlenen \u201cHocal\u0131 Soyk\u0131r\u0131m\u0131 \u015eehitlerini Anma T\u00f6reni\u201d, Kalaba Kent Meydan\u0131\u2019nda ger\u00e7ekle\u015ftirildi.<\/p>\n","protected":false},"author":1,"featured_media":50322,"comment_status":"open","ping_status":"open","sticky":false,"template":"","format":"standard","meta":{"footnotes":""},"categories":[4],"tags":[1749,516,6477,2113,517],"class_list":["post-50321","post","type-post","status-publish","format-standard","has-post-thumbnail","hentry","category-gundem","tag-azerbaycan","tag-baskan","tag-hocali","tag-millet","tag-turk"],"_links":{"self":[{"href":"https:\/\/bihavadis.com\/index.php\/wp-json\/wp\/v2\/posts\/50321","targetHints":{"allow":["GET"]}}],"collection":[{"href":"https:\/\/bihavadis.com\/index.php\/wp-json\/wp\/v2\/posts"}],"about":[{"href":"https:\/\/bihavadis.com\/index.php\/wp-json\/wp\/v2\/types\/post"}],"author":[{"embeddable":true,"href":"https:\/\/bihavadis.com\/index.php\/wp-json\/wp\/v2\/users\/1"}],"replies":[{"embeddable":true,"href":"https:\/\/bihavadis.com\/index.php\/wp-json\/wp\/v2\/comments?post=50321"}],"version-history":[{"count":1,"href":"https:\/\/bihavadis.com\/index.php\/wp-json\/wp\/v2\/posts\/50321\/revisions"}],"predecessor-version":[{"id":50323,"href":"https:\/\/bihavadis.com\/index.php\/wp-json\/wp\/v2\/posts\/50321\/revisions\/50323"}],"wp:featuredmedia":[{"embeddable":true,"href":"https:\/\/bihavadis.com\/index.php\/wp-json\/wp\/v2\/media\/50322"}],"wp:attachment":[{"href":"https:\/\/bihavadis.com\/index.php\/wp-json\/wp\/v2\/media?parent=50321"}],"wp:term":[{"taxonomy":"category","embeddable":true,"href":"https:\/\/bihavadis.com\/index.php\/wp-json\/wp\/v2\/categories?post=50321"},{"taxonomy":"post_tag","embeddable":true,"href":"https:\/\/bihavadis.com\/index.php\/wp-json\/wp\/v2\/tags?post=50321"}],"curies":[{"name":"wp","href":"https:\/\/api.w.org\/{rel}","templated":true}]}}