{"id":50360,"date":"2026-02-27T04:24:07","date_gmt":"2026-02-27T04:24:07","guid":{"rendered":"https:\/\/bihavadis.com\/?p=50360"},"modified":"2026-02-27T04:24:07","modified_gmt":"2026-02-27T04:24:07","slug":"sosyal-adalet-ve-firsat-esitligiyle-cocuklarin-yanindayiz","status":"publish","type":"post","link":"https:\/\/bihavadis.com\/index.php\/2026\/02\/27\/sosyal-adalet-ve-firsat-esitligiyle-cocuklarin-yanindayiz\/","title":{"rendered":"&#8220;Sosyal adalet ve f\u0131rsat e\u015fitli\u011fiyle \u00e7ocuklar\u0131n yan\u0131nday\u0131z&#8221;"},"content":{"rendered":"<p>\u0130zmir B\u00fcy\u00fck\u015fehir Belediyesi\u2019nden yap\u0131lan a\u00e7\u0131klamada; Milli E\u011fitim Bakanl\u0131\u011f\u0131\u2019n\u0131n belediyelere ait okul \u00f6ncesi e\u011fitim kurumlar\u0131n\u0131n kapat\u0131lmas\u0131 y\u00f6n\u00fcndeki genelgesiyle, \u0130zmir B\u00fcy\u00fck\u015fehir Belediyesi\u2019nin sosyal destek niteli\u011findeki \u00e7al\u0131\u015fmalar\u0131n\u0131n ili\u015fkilendirilemeyece\u011fi belirtildi. Belediyenin s\u00f6z konusu faaliyetlerinin herhangi bir \u00f6zel e\u011fitim kurumu ya da \u00f6rg\u00fcn e\u011fitim alternatifi olu\u015fturmad\u0131\u011f\u0131 vurgulanarak, sosyal destek niteli\u011finde, \u00e7ocuklar\u0131n geli\u015fimine katk\u0131 sunan ve ailelerin y\u00fck\u00fcn\u00fc hafifleten tamamlay\u0131c\u0131 programlar uyguland\u0131\u011f\u0131 ifade edildi.<\/p>\n<p>A\u00e7\u0131klama \u015fu g\u00f6r\u00fc\u015flere yer verildi:<\/p>\n<p>\u201c\u0130zmir B\u00fcy\u00fck\u015fehir Belediyesi olarak \u00e7ocuklar\u0131m\u0131z\u0131n geli\u015fimini desteklemeyi temel bir kamusal sorumluluk olarak g\u00f6r\u00fcyoruz. \u00c7ocukluk d\u00f6neminde sunulan deste\u011fin yaln\u0131zca \u00e7ocuklar\u0131m\u0131z\u0131n de\u011fil toplumumuzun da gelece\u011fini do\u011frudan etkiledi\u011finin fark\u0131nday\u0131z.<\/p>\n<p>Belediyemiz b\u00fcnyesinde y\u00fcr\u00fct\u00fclen faaliyetler; \u00f6zellikle dezavantajl\u0131 mahallelerde ya\u015fayan, ekonomik zorluklarla m\u00fccadele eden ailelerin \u00e7ocuklar\u0131na destek olmak amac\u0131yla hayata ge\u00e7irilmi\u015ftir. Bu \u00e7al\u0131\u015fmalar; \u00e7ocuklar\u0131n sosyal, k\u00fclt\u00fcrel, sanatsal ve ki\u015fisel geli\u015fimini destekleyen, f\u0131rsat e\u015fitli\u011fini g\u00fc\u00e7lendirmeyi hedefleyen sosyal belediyecilik uygulamalar\u0131d\u0131r.<\/p>\n<p>\u00d6nemle belirtmek isteriz ki, y\u00fcr\u00fctt\u00fc\u011f\u00fcm\u00fcz faaliyetler herhangi bir \u00f6zel e\u011fitim kurumu ya da \u00f6rg\u00fcn e\u011fitim alternatifi olu\u015fturma amac\u0131 ta\u015f\u0131mamaktad\u0131r. Belediyemizin \u00e7al\u0131\u015fmalar\u0131; sosyal destek niteli\u011finde, \u00e7ocuklar\u0131n geli\u015fimine katk\u0131 sunan ve ailelerin y\u00fck\u00fcn\u00fc hafifleten tamamlay\u0131c\u0131 programlard\u0131r.<\/p>\n<p>\u0130zmir\u2019de dar gelirli ailelerin \u00e7ocuklar\u0131na y\u00f6nelik destek programlar\u0131m\u0131z\u0131 azaltmak de\u011fil, aksine artt\u0131rmak; \u00e7ocuklar\u0131m\u0131z\u0131n g\u00fcvenli, nitelikli ve kapsay\u0131c\u0131 ortamlarda geli\u015fimini desteklemek \u00f6nceli\u011fimizdir.<\/p>\n<p>\u00c7ocuklar\u0131n geli\u015fimi ortak ve kamusal bir sorumluluktur. Bu sorumlulu\u011fu; sosyal adalet, f\u0131rsat e\u015fitli\u011fi ve kamu yarar\u0131 ilkeleri do\u011frultusunda s\u00fcrd\u00fcrme kararl\u0131l\u0131\u011f\u0131m\u0131z tamd\u0131r.\u201d<\/p>\n<p>\u00a0<\/p>\n<p>Kaynak: (BYZHA) Beyaz Haber Ajans\u0131<\/p>\n","protected":false},"excerpt":{"rendered":"<p>\u0130zmir B\u00fcy\u00fck\u015fehir Belediyesi\u2019nden yap\u0131lan a\u00e7\u0131klamada; Milli E\u011fitim Bakanl\u0131\u011f\u0131\u2019n\u0131n belediyelere ait okul \u00f6ncesi e\u011fitim kurumlar\u0131n\u0131n kapat\u0131lmas\u0131 y\u00f6n\u00fcndeki genelgesiyle, \u0130zmir B\u00fcy\u00fck\u015fehir Belediyesi\u2019nin sosyal destek niteli\u011findeki \u00e7al\u0131\u015fmalar\u0131n\u0131n ili\u015fkilendirilemeyece\u011fi belirtildi.<\/p>\n","protected":false},"author":1,"featured_media":50361,"comment_status":"open","ping_status":"open","sticky":false,"template":"","format":"standard","meta":{"footnotes":""},"categories":[4],"tags":[255,498,233,6483,172],"class_list":["post-50360","post","type-post","status-publish","format-standard","has-post-thumbnail","hentry","category-gundem","tag-cocuklarin","tag-destek","tag-egitim","tag-gelisimi","tag-sosyal"],"_links":{"self":[{"href":"https:\/\/bihavadis.com\/index.php\/wp-json\/wp\/v2\/posts\/50360","targetHints":{"allow":["GET"]}}],"collection":[{"href":"https:\/\/bihavadis.com\/index.php\/wp-json\/wp\/v2\/posts"}],"about":[{"href":"https:\/\/bihavadis.com\/index.php\/wp-json\/wp\/v2\/types\/post"}],"author":[{"embeddable":true,"href":"https:\/\/bihavadis.com\/index.php\/wp-json\/wp\/v2\/users\/1"}],"replies":[{"embeddable":true,"href":"https:\/\/bihavadis.com\/index.php\/wp-json\/wp\/v2\/comments?post=50360"}],"version-history":[{"count":1,"href":"https:\/\/bihavadis.com\/index.php\/wp-json\/wp\/v2\/posts\/50360\/revisions"}],"predecessor-version":[{"id":50362,"href":"https:\/\/bihavadis.com\/index.php\/wp-json\/wp\/v2\/posts\/50360\/revisions\/50362"}],"wp:featuredmedia":[{"embeddable":true,"href":"https:\/\/bihavadis.com\/index.php\/wp-json\/wp\/v2\/media\/50361"}],"wp:attachment":[{"href":"https:\/\/bihavadis.com\/index.php\/wp-json\/wp\/v2\/media?parent=50360"}],"wp:term":[{"taxonomy":"category","embeddable":true,"href":"https:\/\/bihavadis.com\/index.php\/wp-json\/wp\/v2\/categories?post=50360"},{"taxonomy":"post_tag","embeddable":true,"href":"https:\/\/bihavadis.com\/index.php\/wp-json\/wp\/v2\/tags?post=50360"}],"curies":[{"name":"wp","href":"https:\/\/api.w.org\/{rel}","templated":true}]}}