{"id":50401,"date":"2026-02-27T04:57:05","date_gmt":"2026-02-27T04:57:05","guid":{"rendered":"https:\/\/bihavadis.com\/?p=50401"},"modified":"2026-02-27T04:57:05","modified_gmt":"2026-02-27T04:57:05","slug":"atilla-tastan-epstein-yorumu-icim-rahat-takilanlar-dusunsun","status":"publish","type":"post","link":"https:\/\/bihavadis.com\/index.php\/2026\/02\/27\/atilla-tastan-epstein-yorumu-icim-rahat-takilanlar-dusunsun\/","title":{"rendered":"Atilla Ta\u015f&#8217;tan Epstein yorumu: \u0130\u00e7im rahat, tak\u0131lanlar d\u00fc\u015f\u00fcns\u00fcn"},"content":{"rendered":"<p>Do\u011fum g\u00fcn\u00fcnde yapt\u0131\u011f\u0131 esprili payla\u015f\u0131m k\u0131sa s\u00fcrede g\u00fcndem olan \u00fcnl\u00fc \u015fark\u0131c\u0131 Atilla Ta\u015f, Jeffrey Epstein tart\u0131\u015fmas\u0131yla da sosyal medyan\u0131n oda\u011f\u0131na oturdu. Ta\u015f, payla\u015f\u0131m\u0131n\u0131n alt\u0131na gelen bir yorum \u00fczerine Epstein&#8217;le ilgili sert ifadeler kulland\u0131.<\/p>\n<p><b>&#8220;EL\u0130N\u0130ZDE NE \u0130\u015e VARSA BIRAKIN&#8221; <\/b><\/p>\n<p>Atilla Ta\u015f, do\u011fum g\u00fcn\u00fc payla\u015f\u0131m\u0131nda,&#8221;Elinizde ne i\u015f varsa b\u0131rak\u0131p \u00e7abuk do\u011fum g\u00fcn\u00fcm\u00fc kutlay\u0131n olm! \u0130lgiye ihtiyac\u0131m var \u015fu an!&#8221; ifadelerini kulland\u0131. Payla\u015f\u0131m k\u0131sa s\u00fcrede binlerce etkile\u015fim ald\u0131.<\/p>\n<p><b>TAK\u0130P\u00c7\u0130S\u0130NDEN EPSTE\u0130N SORUSU <\/b><\/p>\n<p>Payla\u015f\u0131m\u0131n alt\u0131na yorum yapan bir takip\u00e7i, Ta\u015f&#8217;a,&#8221;Sen niye hi\u00e7 Epstein ile ilgili yorum yapm\u0131yorsun day\u0131?&#8221; sorusunu y\u00f6neltti. Ta\u015f bu soruya bomba biri yan\u0131t verdi. <\/p>\n<p><b>&#8220;H\u0130\u00c7 TAKILMADIM, \u0130\u00c7\u0130M RAHAT&#8221;<\/b><\/p>\n<p>Bu soruya yan\u0131t veren Atilla Ta\u015f, \u015fu ifadeleri kulland\u0131: &#8220;Ben hi\u00e7 tak\u0131lmad\u0131m ki onunla! \u0130\u00e7im rahat o y\u00fczden. Tak\u0131lanlar d\u00fc\u015f\u00fcns\u00fcn bro.&#8221;<\/p>\n<p>Ancak ayn\u0131 takip\u00e7i bu kez, &#8220;Ama insan bir k\u0131nar, bir ses \u00e7\u0131kar\u0131r. Normal bir \u015fey gibi susmak da ne bileyim&#8221; diyerek Ta\u015f&#8217;tan yeni bir a\u00e7\u0131klama bekledi\u011fini belirtti.<\/p>\n<p><b>SERT TEPK\u0130: O A\u015eA\u011eILIK&#8230;<\/b><\/p>\n<p>Bunun \u00fczerine Atilla Ta\u015f, tepkisini sertle\u015ftirerek Jeffrey Epstein hakk\u0131nda \u015fu ifadeleri kulland\u0131:<\/p>\n<p> &#8220;Allah belas\u0131n\u0131 versin! O a\u015fa\u011f\u0131l\u0131k p***vengin! Umar\u0131m \u00f6l\u00fcr!&#8221; <\/p>\n<p>Ta\u015f&#8217;\u0131n bu yan\u0131t\u0131 da takip\u00e7ileri aras\u0131nda tart\u0131\u015fma yaratt\u0131. &#8220;\u00d6lmedi mi diyorsun yeni&#8221; diyenden &#8220;Zaten \u00f6ld\u00fc&#8221; diyenine kadar pek \u00e7ok yorum geldi.<\/p>\n<p><b>EPSTE\u0130N 2019&#8217;DA CEZAEV\u0130NDE \u00d6L\u00dc BULUNMU\u015eTU<\/b><\/p>\n<p>Jeffrey Epstein, cinsel istismar su\u00e7lamalar\u0131yla yarg\u0131lanmay\u0131 bekledi\u011fi s\u0131rada 10 A\u011fustos 2019&#8217;da cezaevinde \u00f6l\u00fc bulunmu\u015f, \u00f6l\u00fcm\u00fc resmi kay\u0131tlara intihar olarak ge\u00e7mi\u015fti. Epstein&#8217;in \u00f6l\u00fcm\u00fc ve arkas\u0131ndaki soru i\u015faretleri h\u00e2l\u00e2 kamuoyunda tart\u0131\u015f\u0131lmaya devam ediyor.<\/p>\n","protected":false},"excerpt":{"rendered":"<p>\u00dcnl\u00fc \u015fark\u0131c\u0131 Atilla Ta\u015f, do\u011fum g\u00fcn\u00fc payla\u015f\u0131m\u0131n\u0131n alt\u0131na gelen bir yorum \u00fczerine Jeffrey Epstein ile ilgili sert ifadeler kulland\u0131. Bir takip\u00e7isinin &#8216;Sen niye hi\u00e7 Epstein ile ilgili yorum yapm\u0131yorsun?&#8217; sorusuna Ta\u015f, &#8216;Ben hi\u00e7 tak\u0131lmad\u0131m ki onunla! \u0130\u00e7im rahat o y\u00fczden. Tak\u0131lanlar d\u00fc\u015f\u00fcns\u00fcn bro&#8217; yan\u0131t\u0131n\u0131 verdi. Takip\u00e7isinin &#8216;Ama insan bir k\u0131nar, bir ses \u00e7\u0131kar\u0131r&#8217; demesi \u00fczerine Ta\u015f, &#8216;Allah belas\u0131n\u0131 versin! O a\u015fa\u011f\u0131l\u0131k p***vengin! Umar\u0131m \u00f6l\u00fcr!&#8217; ifadelerini kulland\u0131.<\/p>\n","protected":false},"author":1,"featured_media":50402,"comment_status":"open","ping_status":"open","sticky":false,"template":"","format":"standard","meta":{"footnotes":""},"categories":[1],"tags":[2183,1301,2249,1998,1068],"class_list":["post-50401","post","type-post","status-publish","format-standard","has-post-thumbnail","hentry","category-uncategorized","tag-epstein","tag-olu","tag-paylasim","tag-soru","tag-tas"],"_links":{"self":[{"href":"https:\/\/bihavadis.com\/index.php\/wp-json\/wp\/v2\/posts\/50401","targetHints":{"allow":["GET"]}}],"collection":[{"href":"https:\/\/bihavadis.com\/index.php\/wp-json\/wp\/v2\/posts"}],"about":[{"href":"https:\/\/bihavadis.com\/index.php\/wp-json\/wp\/v2\/types\/post"}],"author":[{"embeddable":true,"href":"https:\/\/bihavadis.com\/index.php\/wp-json\/wp\/v2\/users\/1"}],"replies":[{"embeddable":true,"href":"https:\/\/bihavadis.com\/index.php\/wp-json\/wp\/v2\/comments?post=50401"}],"version-history":[{"count":1,"href":"https:\/\/bihavadis.com\/index.php\/wp-json\/wp\/v2\/posts\/50401\/revisions"}],"predecessor-version":[{"id":50403,"href":"https:\/\/bihavadis.com\/index.php\/wp-json\/wp\/v2\/posts\/50401\/revisions\/50403"}],"wp:featuredmedia":[{"embeddable":true,"href":"https:\/\/bihavadis.com\/index.php\/wp-json\/wp\/v2\/media\/50402"}],"wp:attachment":[{"href":"https:\/\/bihavadis.com\/index.php\/wp-json\/wp\/v2\/media?parent=50401"}],"wp:term":[{"taxonomy":"category","embeddable":true,"href":"https:\/\/bihavadis.com\/index.php\/wp-json\/wp\/v2\/categories?post=50401"},{"taxonomy":"post_tag","embeddable":true,"href":"https:\/\/bihavadis.com\/index.php\/wp-json\/wp\/v2\/tags?post=50401"}],"curies":[{"name":"wp","href":"https:\/\/api.w.org\/{rel}","templated":true}]}}