{"id":50447,"date":"2026-02-27T05:33:04","date_gmt":"2026-02-27T05:33:04","guid":{"rendered":"https:\/\/bihavadis.com\/?p=50447"},"modified":"2026-02-27T05:33:04","modified_gmt":"2026-02-27T05:33:04","slug":"mhp-ve-chp-umut-hakkinda-uzlasti","status":"publish","type":"post","link":"https:\/\/bihavadis.com\/index.php\/2026\/02\/27\/mhp-ve-chp-umut-hakkinda-uzlasti\/","title":{"rendered":"MHP ve CHP Umut Hakk\u0131nda Uzla\u015ft\u0131"},"content":{"rendered":"<p>MHP Genel Ba\u015fkan Yard\u0131mc\u0131s\u0131 ve \u0130stanbul Milletvekili Feti Y\u0131ld\u0131z, Milli Dayan\u0131\u015fma, Karde\u015flik ve Demokrasi Komisyonunun haz\u0131rlad\u0131\u011f\u0131 rapora ili\u015fkin, &#8220;Umut hakk\u0131 konusunda uzla\u015ft\u0131k, bir problem yok. Raporda olacak.&#8221; dedi.<\/p>\n<p>Y\u0131ld\u0131z ve CHP Grup Ba\u015fkanvekili Murat Emir, TBMM Ba\u015fkan\u0131 Numan Kurtulmu\u015f&#8217;un, Milli Dayan\u0131\u015fma, Karde\u015flik ve Demokrasi Komisyonunun haz\u0131rlad\u0131\u011f\u0131 rapora ili\u015fkin, siyasi parti gruplar\u0131n\u0131n temsilcilerini kabul etti\u011fi g\u00f6r\u00fc\u015fmenin ard\u0131ndan bas\u0131n mensuplar\u0131na a\u00e7\u0131klamalarda bulundu ve sorular\u0131 yan\u0131tlad\u0131.<\/p>\n<p>MHP&#8217;li Y\u0131ld\u0131z, bir bas\u0131n mensubunun &#8220;Umut hakk\u0131 konusunda uzla\u015fma oldu mu?&#8221; sorusuna, &#8220;Umut hakk\u0131 konusunda uzla\u015ft\u0131k, bir problem yok. Raporda olacak. A\u0130HM kararlar\u0131 umut hakk\u0131ndan bahsediyor. Bizim bu raporda A\u0130HM ve Anayasa Mahkemesi kararlar\u0131na uyma tavsiye edilecek. Onun i\u00e7in de umut hakk\u0131 da var.&#8221; yan\u0131t\u0131n\u0131 verdi.<\/p>\n<p>Ciddi bir g\u00f6r\u00fc\u015f ayr\u0131l\u0131\u011f\u0131 bulunmad\u0131\u011f\u0131n\u0131 aktaran Y\u0131ld\u0131z, \u00fclkenin ve \u00e7ocuklar\u0131n gelece\u011fi, birlik ve b\u00fct\u00fcnl\u00fck konusunda anla\u015ft\u0131klar\u0131n\u0131 belirtti.<\/p>\n<p>\u00c7er\u00e7eve metinleri Meclise g\u00f6nderdikten sonra b\u00fct\u00fcn siyasi parti gruplar\u0131n\u0131n imzalamas\u0131n\u0131 istediklerini ve konunun &#8220;milli bir mesele&#8221; oldu\u011funu dile getiren Y\u0131ld\u0131z, Ter\u00f6rs\u00fcz T\u00fcrkiye&#8217;den &#8220;Ter\u00f6rs\u00fcz B\u00f6lge&#8221;nin de olu\u015fmaya ba\u015flad\u0131\u011f\u0131na i\u015faret etti.<\/p>\n<p>Y\u0131ld\u0131z, teyit-tespit meselesinden &#8220;\u00f6rg\u00fct\u00fcn da\u011f\u0131lmas\u0131, silahlar\u0131n b\u0131rak\u0131lmas\u0131n\u0131n&#8221; anla\u015f\u0131lmas\u0131 gerekti\u011fini vurgulayarak &#8220;Yoksa &#8216;Z da\u011f\u0131nda bir ter\u00f6rist var, elinde de silah var, o yakalanmadan yasa \u00e7\u0131kmaz&#8217; diye bir d\u00fc\u015f\u00fcnce olabilir mi?&#8221; ifadesini kulland\u0131.<\/p>\n<p>Teyidi devletin resmi kurumlar\u0131n\u0131n yapaca\u011f\u0131na dikkati \u00e7eken Y\u0131ld\u0131z, &#8220;A\u00e7\u0131klanacak \u015fey, \u00f6rg\u00fct\u00fcn tamamen da\u011f\u0131ld\u0131\u011f\u0131, silahlar\u0131n tamamen b\u0131rak\u0131ld\u0131\u011f\u0131&#8230; Bunu g\u00f6r\u00fcnce bitecek.&#8221; dedi.<\/p>\n<p>CHP Grup Ba\u015fkanvekili Emir ise &#8220;Hi\u00e7bir somut konu \u00fczerinde g\u00f6r\u00fc\u015f ifade etmemiz olanakl\u0131 de\u011fil ama bir b\u00fct\u00fcn olarak kamuoyunun bildi\u011fi ve komisyonun g\u00fcndeminde olan hemen hemen her konuda g\u00f6r\u00fc\u015f\u00fcyoruz, konu\u015fuyoruz. Uyum i\u00e7erisindeyiz, yakla\u015f\u0131yoruz birbirimize.&#8221; a\u00e7\u0131klamas\u0131nda bulundu.<\/p>\n","protected":false},"excerpt":{"rendered":"<p>MHP&#8217;li Feti Y\u0131ld\u0131z, umut hakk\u0131n\u0131n raporda yer alaca\u011f\u0131n\u0131 ve g\u00f6r\u00fc\u015f ayr\u0131l\u0131\u011f\u0131 olmad\u0131\u011f\u0131n\u0131 belirtti.<\/p>\n","protected":false},"author":1,"featured_media":0,"comment_status":"open","ping_status":"open","sticky":false,"template":"","format":"standard","meta":{"footnotes":""},"categories":[12],"tags":[3735,1161],"class_list":["post-50447","post","type-post","status-publish","format-standard","hentry","category-siyaset","tag-umut-hakki","tag-yildiz"],"_links":{"self":[{"href":"https:\/\/bihavadis.com\/index.php\/wp-json\/wp\/v2\/posts\/50447","targetHints":{"allow":["GET"]}}],"collection":[{"href":"https:\/\/bihavadis.com\/index.php\/wp-json\/wp\/v2\/posts"}],"about":[{"href":"https:\/\/bihavadis.com\/index.php\/wp-json\/wp\/v2\/types\/post"}],"author":[{"embeddable":true,"href":"https:\/\/bihavadis.com\/index.php\/wp-json\/wp\/v2\/users\/1"}],"replies":[{"embeddable":true,"href":"https:\/\/bihavadis.com\/index.php\/wp-json\/wp\/v2\/comments?post=50447"}],"version-history":[{"count":1,"href":"https:\/\/bihavadis.com\/index.php\/wp-json\/wp\/v2\/posts\/50447\/revisions"}],"predecessor-version":[{"id":50448,"href":"https:\/\/bihavadis.com\/index.php\/wp-json\/wp\/v2\/posts\/50447\/revisions\/50448"}],"wp:attachment":[{"href":"https:\/\/bihavadis.com\/index.php\/wp-json\/wp\/v2\/media?parent=50447"}],"wp:term":[{"taxonomy":"category","embeddable":true,"href":"https:\/\/bihavadis.com\/index.php\/wp-json\/wp\/v2\/categories?post=50447"},{"taxonomy":"post_tag","embeddable":true,"href":"https:\/\/bihavadis.com\/index.php\/wp-json\/wp\/v2\/tags?post=50447"}],"curies":[{"name":"wp","href":"https:\/\/api.w.org\/{rel}","templated":true}]}}