{"id":50501,"date":"2026-02-27T06:15:40","date_gmt":"2026-02-27T06:15:40","guid":{"rendered":"https:\/\/bihavadis.com\/?p=50501"},"modified":"2026-02-27T06:15:40","modified_gmt":"2026-02-27T06:15:40","slug":"uluslararasi-basin-hataydaki-calismalari-inceledi","status":"publish","type":"post","link":"https:\/\/bihavadis.com\/index.php\/2026\/02\/27\/uluslararasi-basin-hataydaki-calismalari-inceledi\/","title":{"rendered":"Uluslararas\u0131 Bas\u0131n, Hatay&#8217;daki \u00c7al\u0131\u015fmalar\u0131 \u0130nceledi"},"content":{"rendered":"<p> Cumhurba\u015fkanl\u0131\u011f\u0131 \u0130leti\u015fim Ba\u015fkanl\u0131\u011f\u0131 Uluslararas\u0131 Medya Koordinat\u00f6rl\u00fc\u011f\u00fcnce d\u00fczenlenen program kapsam\u0131nda 11 \u00fclkeden 32 bas\u0131n mensubu, 6 \u015eubat 2023&#8217;teki depremlerden sonra Hatay&#8217;da yap\u0131lan \u00e7al\u0131\u015fmalar\u0131 inceledi.<\/p>\n<p>Cumhurba\u015fkanl\u0131\u011f\u0131 \u0130leti\u015fim Ba\u015fkanl\u0131\u011f\u0131 Uluslararas\u0131 Medya Koordinat\u00f6rl\u00fc\u011f\u00fcnce, 6 \u015eubat depremlerinin \u00fc\u00e7\u00fcnc\u00fc y\u0131l d\u00f6n\u00fcm\u00fc kapsam\u0131nda, uluslararas\u0131 bas\u0131n\u0131n deprem b\u00f6lgesindeki \u00e7al\u0131\u015fmalar\u0131 yerinde g\u00f6rmesi i\u00e7in medya program\u0131 d\u00fczenlendi.<\/p>\n<p>Program kapsam\u0131nda ABD, Almanya, \u00c7in, G\u00fcney Kore, \u0130talya, Macaristan, Yunanistan, Bosna Hersek, Bulgaristan, M\u0131s\u0131r ve Azerbaycan&#8217;dan kente gelen 32 bas\u0131n mensubu, ilk olarak Hatay Valili\u011fi&#8217;nde d\u00fczenlenen bilgilendirme toplant\u0131s\u0131na kat\u0131ld\u0131.<\/p>\n<p>Vali Mustafa Masatl\u0131, toplant\u0131da kentte s\u00fcren ihya ve in\u015fa \u00e7al\u0131\u015fmalar\u0131n\u0131n son durumuna ili\u015fkin bas\u0131n mensuplar\u0131na bilgi verdi.<\/p>\n<p>Toplant\u0131n\u0131n ard\u0131ndan bas\u0131n mensuplar\u0131 restorasyon \u00e7al\u0131\u015fmalar\u0131yla yeniden aya\u011fa kald\u0131r\u0131larak hizmete al\u0131nan tarihi Meclis binas\u0131 ile Adal\u0131 Kona\u011f\u0131&#8217;nda incelemelerde bulundu.<\/p>\n<p>Bas\u0131n mensuplar\u0131 daha sonra Anadolu&#8217;nun ilk camisi olarak kabul edilen ve 6 \u015eubat 2023&#8217;teki depremlerde y\u0131k\u0131lmas\u0131n\u0131n ard\u0131ndan yeniden asl\u0131na uygun \u015fekilde aya\u011fa kald\u0131r\u0131lan Habib-i Neccar Camisi&#8217;ni gezdi.<\/p>\n<p>Azerbaycan&#8217;dan gelen bas\u0131n mensubu Ramin Abdullayev, yap\u0131lan \u00e7al\u0131\u015fmalardan etkilendi\u011fini belirterek, &#8220;Ben bir sene \u00f6nce de bu b\u00f6lgedeydim. Bir senede ne kadar muazzam bir i\u015f g\u00f6r\u00fcld\u00fc\u011f\u00fcne \u015fahit oldum. Biz karde\u015f \u00fclke olarak gururluyuz. Ger\u00e7ekten bir sene gibi k\u0131sa s\u00fcrede bu kadar b\u00fcy\u00fck i\u015flerin yap\u0131lmas\u0131, her devletin yapabilece\u011fi bir \u015fey de\u011fil. Biz de T\u00fcrkiye ad\u0131na \u00e7ok gururluyuz.&#8221; ifadesini kulland\u0131.<\/p>\n<p>M\u0131s\u0131rl\u0131 gazeteci Mohammed Tharwat Hatay&#8217;da devletin \u00e7ok g\u00fczel \u00e7al\u0131\u015fmalar yapt\u0131\u011f\u0131n\u0131 yerinde g\u00f6rd\u00fcklerini kaydetti.<\/p>\n<p>Bas\u0131n mensuplar\u0131 daha sonra d\u00fcnyan\u0131n ilk ayd\u0131nlat\u0131lan caddesi olarak bilinen Kurtulu\u015f Caddesi&#8217;nde incelemelerde bulundu ve ard\u0131ndan Hristiyanlar i\u00e7in hac yeri olarak kabul edilen ve ma\u011fara kilise olma \u00f6zelli\u011fi ta\u015f\u0131yan St. Pierre Kilisesi&#8217;ni ziyaret etti.<\/p>\n","protected":false},"excerpt":{"rendered":"<p>32 bas\u0131n mensubu, 6 \u015eubat depremleri sonras\u0131 Hatay&#8217;daki ihya \u00e7al\u0131\u015fmalar\u0131n\u0131 yerinde g\u00f6zlemledi.<\/p>\n","protected":false},"author":1,"featured_media":50502,"comment_status":"open","ping_status":"open","sticky":false,"template":"","format":"standard","meta":{"footnotes":""},"categories":[9,4,13],"tags":[4261,991],"class_list":["post-50501","post","type-post","status-publish","format-standard","has-post-thumbnail","hentry","category-genel","category-gundem","category-son-dakika","tag-basin","tag-calismalar"],"_links":{"self":[{"href":"https:\/\/bihavadis.com\/index.php\/wp-json\/wp\/v2\/posts\/50501","targetHints":{"allow":["GET"]}}],"collection":[{"href":"https:\/\/bihavadis.com\/index.php\/wp-json\/wp\/v2\/posts"}],"about":[{"href":"https:\/\/bihavadis.com\/index.php\/wp-json\/wp\/v2\/types\/post"}],"author":[{"embeddable":true,"href":"https:\/\/bihavadis.com\/index.php\/wp-json\/wp\/v2\/users\/1"}],"replies":[{"embeddable":true,"href":"https:\/\/bihavadis.com\/index.php\/wp-json\/wp\/v2\/comments?post=50501"}],"version-history":[{"count":1,"href":"https:\/\/bihavadis.com\/index.php\/wp-json\/wp\/v2\/posts\/50501\/revisions"}],"predecessor-version":[{"id":50503,"href":"https:\/\/bihavadis.com\/index.php\/wp-json\/wp\/v2\/posts\/50501\/revisions\/50503"}],"wp:featuredmedia":[{"embeddable":true,"href":"https:\/\/bihavadis.com\/index.php\/wp-json\/wp\/v2\/media\/50502"}],"wp:attachment":[{"href":"https:\/\/bihavadis.com\/index.php\/wp-json\/wp\/v2\/media?parent=50501"}],"wp:term":[{"taxonomy":"category","embeddable":true,"href":"https:\/\/bihavadis.com\/index.php\/wp-json\/wp\/v2\/categories?post=50501"},{"taxonomy":"post_tag","embeddable":true,"href":"https:\/\/bihavadis.com\/index.php\/wp-json\/wp\/v2\/tags?post=50501"}],"curies":[{"name":"wp","href":"https:\/\/api.w.org\/{rel}","templated":true}]}}