{"id":50509,"date":"2026-02-27T06:24:06","date_gmt":"2026-02-27T06:24:06","guid":{"rendered":"https:\/\/bihavadis.com\/?p=50509"},"modified":"2026-02-27T06:24:06","modified_gmt":"2026-02-27T06:24:06","slug":"israil-basini-turkiyenin-somali-hamlesi-tel-aviv-icin-tehdit-olabilir","status":"publish","type":"post","link":"https:\/\/bihavadis.com\/index.php\/2026\/02\/27\/israil-basini-turkiyenin-somali-hamlesi-tel-aviv-icin-tehdit-olabilir\/","title":{"rendered":"\u0130srail bas\u0131n\u0131: T\u00fcrkiye\u2019nin Somali hamlesi Tel Aviv i\u00e7in tehdit olabilir"},"content":{"rendered":"<p>\u0130srail&#8217;de yay\u0131n yapan Srugim, <em><b>\u201cVarolu\u015fsal tehdit mi? T\u00fcrkiye\u2019nin \u0130srail\u2019e kar\u015f\u0131 tehlikeli hamlesi\u201d<\/b><\/em> ba\u015fl\u0131kl\u0131 haberinde, T\u00fcrkiye&#8217;nin son d\u00f6nemde Somali ve \u00e7evresindeki diplomatik ve askeri faaliyetlerini mercek alt\u0131na ald\u0131.<\/p>\n<p>Haberde, \u0130srail\u2019in Somaliland\u2019\u0131 ba\u011f\u0131ms\u0131z bir devlet olarak tan\u0131mas\u0131n\u0131n ard\u0131ndan T\u00fcrkiye\u2019nin bu geli\u015fmeye kar\u015f\u0131 \u00e7e\u015fitli ad\u0131mlar att\u0131\u011f\u0131 ileri s\u00fcr\u00fcld\u00fc.<\/p>\n<p>S\u00f6z konusu hamlelerin iki \u00fclke aras\u0131nda b\u00f6lgesel \u00f6l\u00e7ekte gerilim riskini art\u0131rabilece\u011fi de\u011ferlendirmesine yer verildi.<\/p>\n<p><strong>SOMAL\u0130LAND\u2019IN STRATEJ\u0130K \u00d6NEM\u0130 VE T\u00dcRK\u0130YE&#8217;N\u0130N HAMLES\u0130<\/strong><\/p>\n<p>Srugim&#8217;e g\u00f6re Somaliland, \u0130srail i\u00e7in Afrika Boynuzu ve K\u0131z\u0131ldeniz&#8217;e eri\u015fim a\u00e7\u0131s\u0131ndan stratejik \u00f6nem ta\u015f\u0131yor.<\/p>\n<p>Haberde, Ankara&#8217;n\u0131n \u0130srail ile Somaliland aras\u0131ndaki yak\u0131nla\u015fmadan rahats\u0131z oldu\u011fu ve Somali&#8217;ye askeri unsurlar konu\u015fland\u0131rarak sahadaki etkinli\u011fini art\u0131rd\u0131\u011f\u0131 iddia edildi.<\/p>\n<p>T\u00fcrkiye&#8217;nin Somali&#8217;ye F-16&#8217;lar\u0131n yan\u0131nda M-48 ve M-60 tanklar\u0131 ile top\u00e7u birliklerinin b\u00f6lgeye g\u00f6nderildi\u011fi belirtildi.<\/p>\n<p>Bu ad\u0131mlar\u0131n cayd\u0131r\u0131c\u0131l\u0131k m\u0131 yoksa olas\u0131 bir \u00e7at\u0131\u015fma haz\u0131rl\u0131\u011f\u0131 m\u0131 oldu\u011fu sorusu g\u00fcndeme getirildi.<\/p>\n<p><img decoding=\"async\" src=\"https:\/\/bihavadis.com\/wp-content\/uploads\/2026\/02\/israil-basini-turkiyenin-somali-hamlesi-tel-aviv-icin-tehdit-olabilir-0-IsztGvAX.jpg\"\/><\/p>\n<p><strong>&#8220;\u0130SRA\u0130L&#8217;\u0130N HESAPLARINA ZARAR VEREB\u0130L\u0130R&#8221;<\/strong><\/p>\n<p>Haberde, T\u00fcrkiye&#8217;nin askeri varl\u0131\u011f\u0131n\u0131n \u0130srail&#8217;in b\u00f6lgedeki stratejik planlar\u0131n\u0131 zorlayabilece\u011fi savunuldu.<\/p>\n<p>Olas\u0131 bir askeri hamlenin yaln\u0131zca Somaliland&#8217;\u0131 de\u011fil, \u0130srail&#8217;in normalle\u015fme s\u00fcrecinde oldu\u011fu \u00fclkeleri de etkileyebilece\u011fi ve Abraham Anla\u015fmalar\u0131 s\u00fcrecine zarar verebilece\u011fi ileri s\u00fcr\u00fcld\u00fc.<\/p>\n<p>Srugim, T\u00fcrkiye&#8217;nin askeri kapasitesine dikkat \u00e7ekerek, Ankara&#8217;n\u0131n b\u00f6lgesel hamlelerinin \u0130srail a\u00e7\u0131s\u0131ndan yak\u0131ndan izlenmesi gerekti\u011fini yazd\u0131.<\/p>\n<p><strong>&#8220;BUG\u00dcN SOMAL\u0130LAND&#8217;I HEDEF ALAN YARIN TEL AV\u0130V&#8217;\u0130 DE HEDEF ALAB\u0130L\u0130R&#8221;<\/strong><\/p>\n<p>Yap\u0131lan analizde\u00a0<em><b>&#8220;Ankara&#8217;n\u0131n askeri g\u00fcc\u00fc g\u00f6z \u00f6n\u00fcne al\u0131nd\u0131\u011f\u0131nda, bug\u00fcn Somaliland&#8217;\u0131 hedef alan yar\u0131n bir tehdit durumunda Tel Aviv&#8217;i de hedef alabilir. G\u00f6z\u00fcm\u00fcz\u00fc d\u00f6rt a\u00e7mal\u0131y\u0131z&#8221;<\/b><\/em>\u00a0ifadelerine yer verildi.<\/p>\n<p><img decoding=\"async\" src=\"https:\/\/bihavadis.com\/wp-content\/uploads\/2026\/02\/israil-basini-turkiyenin-somali-hamlesi-tel-aviv-icin-tehdit-olabilir-1-z4r4wsLt.jpg\"\/><\/p>\n<p><strong>S\u00dcRE\u00c7 NASIL BA\u015eLADI?<\/strong><\/p>\n<p>\u0130srail Ba\u015fbakan\u0131 Binyamin Netanyahu, Aral\u0131k ay\u0131nda Somali&#8217;den 1991&#8217;de tek tarafl\u0131 ayr\u0131lan Somaliland&#8217;\u0131\u00a0<em><b>&#8220;ba\u011f\u0131ms\u0131z \u00fclke&#8221;<\/b><\/em>\u00a0olarak tan\u0131d\u0131klar\u0131n\u0131 a\u00e7\u0131klam\u0131\u015ft\u0131.\u00a0<\/p>\n<p>Bu karar ba\u015fta T\u00fcrkiye olmak \u00fczere bir\u00e7ok \u00fclkenin tepkisini \u00e7ekmi\u015fti.<\/p>\n<p>Ankara ise Somali ile askeri ve ekonomik i\u015f birli\u011fini art\u0131rd\u0131. T\u00fcrkiye, Somali a\u00e7\u0131klar\u0131nda enerji arama faaliyetleri kapsam\u0131nda\u00a0<em><b>&#8220;\u00c7a\u011fr\u0131 Bey&#8221;<\/b><\/em>\u00a0sondaj gemisini g\u00f6revlendirdi.<\/p>\n<p>Ayr\u0131ca Somali Savunma Bakan\u0131 Ahmed Moalim Fiqi, T\u00fcrkiye&#8217;nin Somali ordusuna destek amac\u0131yla F-16 sava\u015f u\u00e7aklar\u0131 konu\u015fland\u0131rd\u0131\u011f\u0131n\u0131 a\u00e7\u0131klam\u0131\u015ft\u0131.<\/p>\n","protected":false},"excerpt":{"rendered":"<p>T\u00fcrkiye\u2019nin Somali\u2019ye F-16 sava\u015f u\u00e7aklar\u0131n\u0131n ard\u0131ndan tank ve top\u00e7u birlikleri g\u00f6ndermesi, \u0130srail bas\u0131n\u0131nda geni\u015f yank\u0131 buldu. Ankara\u2019n\u0131n askeri kapasitesine dikkat \u00e7eken yorumlarda, \u201cBug\u00fcn Somaliland\u2019\u0131 hedef alan yar\u0131n Tel Aviv\u2019i de hedef alabilir\u201d ifadeleri kullan\u0131ld\u0131.<\/p>\n","protected":false},"author":1,"featured_media":50510,"comment_status":"open","ping_status":"open","sticky":false,"template":"","format":"standard","meta":{"footnotes":""},"categories":[6],"tags":[2032,792,849,1561],"class_list":["post-50509","post","type-post","status-publish","format-standard","has-post-thumbnail","hentry","category-dunya","tag-askeri","tag-israil","tag-somali","tag-turkiyenin"],"_links":{"self":[{"href":"https:\/\/bihavadis.com\/index.php\/wp-json\/wp\/v2\/posts\/50509","targetHints":{"allow":["GET"]}}],"collection":[{"href":"https:\/\/bihavadis.com\/index.php\/wp-json\/wp\/v2\/posts"}],"about":[{"href":"https:\/\/bihavadis.com\/index.php\/wp-json\/wp\/v2\/types\/post"}],"author":[{"embeddable":true,"href":"https:\/\/bihavadis.com\/index.php\/wp-json\/wp\/v2\/users\/1"}],"replies":[{"embeddable":true,"href":"https:\/\/bihavadis.com\/index.php\/wp-json\/wp\/v2\/comments?post=50509"}],"version-history":[{"count":1,"href":"https:\/\/bihavadis.com\/index.php\/wp-json\/wp\/v2\/posts\/50509\/revisions"}],"predecessor-version":[{"id":50513,"href":"https:\/\/bihavadis.com\/index.php\/wp-json\/wp\/v2\/posts\/50509\/revisions\/50513"}],"wp:featuredmedia":[{"embeddable":true,"href":"https:\/\/bihavadis.com\/index.php\/wp-json\/wp\/v2\/media\/50510"}],"wp:attachment":[{"href":"https:\/\/bihavadis.com\/index.php\/wp-json\/wp\/v2\/media?parent=50509"}],"wp:term":[{"taxonomy":"category","embeddable":true,"href":"https:\/\/bihavadis.com\/index.php\/wp-json\/wp\/v2\/categories?post=50509"},{"taxonomy":"post_tag","embeddable":true,"href":"https:\/\/bihavadis.com\/index.php\/wp-json\/wp\/v2\/tags?post=50509"}],"curies":[{"name":"wp","href":"https:\/\/api.w.org\/{rel}","templated":true}]}}