{"id":50600,"date":"2026-02-27T07:18:06","date_gmt":"2026-02-27T07:18:06","guid":{"rendered":"https:\/\/bihavadis.com\/?p=50600"},"modified":"2026-02-27T07:18:06","modified_gmt":"2026-02-27T07:18:06","slug":"youssef-en-nesyri-fenerbahceye-veda-etti","status":"publish","type":"post","link":"https:\/\/bihavadis.com\/index.php\/2026\/02\/27\/youssef-en-nesyri-fenerbahceye-veda-etti\/","title":{"rendered":"Youssef En-Nesyri Fenerbah\u00e7e&#8217;ye veda etti"},"content":{"rendered":"<p>2024-2025 sezonunun ba\u015f\u0131nda Sevilla&#8217;dan Fenerbah\u00e7e&#8217;ye transfer olan Youssef En-Nesyri, sar\u0131-lacivertlilerden ayr\u0131ld\u0131.<\/p>\n<p><b>FENERBAH\u00c7E&#8217;YE VEDA ETT\u0130<\/b><\/p>\n<p>S\u00fcper Lig&#8217;de zirve yar\u0131\u015f\u0131n\u0131 s\u00fcrd\u00fcren Fenerbah\u00e7e&#8217;den 15 milyon Euro bonservis bedeli kar\u015f\u0131l\u0131\u011f\u0131nda Suudi Arabistan ekibi Al-Ittihad&#8217;a transfer olan En-Nesyri, veda mesaj\u0131 payla\u015ft\u0131.<\/p>\n<p><b>&#8221;BA\u015eIM D\u0130K AYRILIYORUM&#8221;<\/b><\/p>\n<p>&#8221;Ba\u015f\u0131m dik ayr\u0131l\u0131yorum&#8221; diyen En-Nesyri mesaj\u0131nda, &#8220;Sevgili Fenerbah\u00e7e ailesi, kariyerimde yeni bir yolculu\u011fa \u00e7\u0131kma zaman\u0131 geldi ancak sizlere i\u00e7tenlikle te\u015fekk\u00fcr etmeden ayr\u0131lmam m\u00fcmk\u00fcn de\u011fil. Bu formay\u0131 giymek ve \u015e\u00fckr\u00fc Saraco\u011flu&#8217;nun co\u015fkusunu hissetmek, her zaman kalbimde ta\u015f\u0131yaca\u011f\u0131m bir onurdur. Tak\u0131m arkada\u015flar\u0131ma, teknik ekibe ve \u00f6zellikle siz taraftarlara ilk g\u00fcnden beri verdi\u011finiz ko\u015fulsuz destek i\u00e7in te\u015fekk\u00fcr etmek istiyorum. Bu renkler i\u00e7in her \u015feyimi verdi\u011fimi bilerek ba\u015f\u0131m dik ayr\u0131l\u0131yorum.&#8221; ifadelerini kulland\u0131. <\/p>\n<p><b>FENERBAH\u00c7E RAKAMLARI<\/b><\/p>\n<p>Fenerbah\u00e7e formas\u0131yla 1.5 sezon ge\u00e7iren 28 ya\u015f\u0131ndaki forvet, 79 ma\u00e7ta 38 gol ve 6 asistlik performans sergiledi.<\/p>\n","protected":false},"excerpt":{"rendered":"<p>15 milyon Euro bonservis bedeli kar\u015f\u0131l\u0131\u011f\u0131nda Fenerbah\u00e7e&#8217;den Suudi Arabistan ekibi Al-Ittihad&#8217;a transfer olan Fasl\u0131 golc\u00fc Youssef En-Nesyri, sar\u0131-lacivertlilere veda etti. En-Nesyri, yapt\u0131\u011f\u0131 payla\u015f\u0131mda &#8221;Ba\u015f\u0131m dik ayr\u0131l\u0131yorum&#8221; dedi.<\/p>\n","protected":false},"author":1,"featured_media":50601,"comment_status":"open","ping_status":"open","sticky":false,"template":"","format":"standard","meta":{"footnotes":""},"categories":[14],"tags":[],"class_list":["post-50600","post","type-post","status-publish","format-standard","has-post-thumbnail","hentry","category-spor"],"_links":{"self":[{"href":"https:\/\/bihavadis.com\/index.php\/wp-json\/wp\/v2\/posts\/50600","targetHints":{"allow":["GET"]}}],"collection":[{"href":"https:\/\/bihavadis.com\/index.php\/wp-json\/wp\/v2\/posts"}],"about":[{"href":"https:\/\/bihavadis.com\/index.php\/wp-json\/wp\/v2\/types\/post"}],"author":[{"embeddable":true,"href":"https:\/\/bihavadis.com\/index.php\/wp-json\/wp\/v2\/users\/1"}],"replies":[{"embeddable":true,"href":"https:\/\/bihavadis.com\/index.php\/wp-json\/wp\/v2\/comments?post=50600"}],"version-history":[{"count":1,"href":"https:\/\/bihavadis.com\/index.php\/wp-json\/wp\/v2\/posts\/50600\/revisions"}],"predecessor-version":[{"id":50602,"href":"https:\/\/bihavadis.com\/index.php\/wp-json\/wp\/v2\/posts\/50600\/revisions\/50602"}],"wp:featuredmedia":[{"embeddable":true,"href":"https:\/\/bihavadis.com\/index.php\/wp-json\/wp\/v2\/media\/50601"}],"wp:attachment":[{"href":"https:\/\/bihavadis.com\/index.php\/wp-json\/wp\/v2\/media?parent=50600"}],"wp:term":[{"taxonomy":"category","embeddable":true,"href":"https:\/\/bihavadis.com\/index.php\/wp-json\/wp\/v2\/categories?post=50600"},{"taxonomy":"post_tag","embeddable":true,"href":"https:\/\/bihavadis.com\/index.php\/wp-json\/wp\/v2\/tags?post=50600"}],"curies":[{"name":"wp","href":"https:\/\/api.w.org\/{rel}","templated":true}]}}