{"id":50603,"date":"2026-02-27T07:21:06","date_gmt":"2026-02-27T07:21:06","guid":{"rendered":"https:\/\/bihavadis.com\/?p=50603"},"modified":"2026-02-27T07:21:06","modified_gmt":"2026-02-27T07:21:06","slug":"kivanc-tatlitugun-oglu-kurt-efe-spora-basladi","status":"publish","type":"post","link":"https:\/\/bihavadis.com\/index.php\/2026\/02\/27\/kivanc-tatlitugun-oglu-kurt-efe-spora-basladi\/","title":{"rendered":"K\u0131van\u00e7 Tatl\u0131tu\u011f\u2019un o\u011flu Kurt Efe spora ba\u015flad\u0131"},"content":{"rendered":"<p>Beren Saat&#8217;le ba\u015frol\u00fcnde yer ald\u0131klar\u0131 A\u015fk- \u0131 Memnu dizi setinde tan\u0131\u015fan K\u0131van\u00e7 Tatl\u0131tu\u011f ve Ba\u015fak Dizer, 2016 y\u0131l\u0131nda evlenmi\u015flerdi.<\/p>\n<p>K\u0131van\u00e7 Tatl\u0131tu\u011f ve Ba\u015fak Dizer, ilk \u00e7ocuklar\u0131 Kurt Efe&#8217;yi 2022 y\u0131l\u0131nda kucaklar\u0131na alarak farkl\u0131 bir heyecan ya\u015fam\u0131\u015ft\u0131.<\/p>\n<p><strong>J\u0130MNASL\u0130K KURSU<\/strong><\/p>\n<p>Kurt Efe&#8217;yle ilk kez anne- baba olan \u00fcnl\u00fc \u00e7ift, o\u011fullar\u0131n\u0131n geli\u015fimi i\u00e7in her \u015feyi yap\u0131yor. Stil dan\u0131\u015fman\u0131 Ba\u015fak Dizer, ge\u00e7ti\u011fimiz aylarda o\u011flu Efe&#8217;yi getirdi\u011fi jimnastik kursundan payla\u015f\u0131m yapm\u0131\u015ft\u0131.<\/p>\n<p>\u00dcnl\u00fc \u00e7iftin minik o\u011flu Kurt Efe, sporda yetene\u011fiyle dikkatleri \u00fczerine \u00e7ekmi\u015fti.<\/p>\n<p><img decoding=\"async\" src=\"https:\/\/bihavadis.com\/wp-content\/uploads\/2026\/02\/kivanc-tatlitugun-oglu-kurt-efe-spora-basladi-0-hfXeOw1M.jpg\"\/><\/p>\n<p><img decoding=\"async\" src=\"https:\/\/bihavadis.com\/wp-content\/uploads\/2026\/02\/kivanc-tatlitugun-oglu-kurt-efe-spora-basladi-1-nFzY8gMi.jpg\"\/><\/p>\n<p><img decoding=\"async\" src=\"https:\/\/bihavadis.com\/wp-content\/uploads\/2026\/02\/kivanc-tatlitugun-oglu-kurt-efe-spora-basladi-2-gXYqAJcg.jpg\"\/><\/p>\n","protected":false},"excerpt":{"rendered":"<p>K\u0131van\u00e7 Tatl\u0131tu\u011f ve e\u015fi Ba\u015fak Dizer, biricik o\u011fullar\u0131 Kurt Efe\u2019yi spora yazd\u0131rd\u0131. Kurt Efe&#8217;nin spor anlar\u0131 sosyal medyada g\u00fcndem oldu.<\/p>\n","protected":false},"author":1,"featured_media":50604,"comment_status":"open","ping_status":"open","sticky":false,"template":"","format":"standard","meta":{"footnotes":""},"categories":[1],"tags":[],"class_list":["post-50603","post","type-post","status-publish","format-standard","has-post-thumbnail","hentry","category-uncategorized"],"_links":{"self":[{"href":"https:\/\/bihavadis.com\/index.php\/wp-json\/wp\/v2\/posts\/50603","targetHints":{"allow":["GET"]}}],"collection":[{"href":"https:\/\/bihavadis.com\/index.php\/wp-json\/wp\/v2\/posts"}],"about":[{"href":"https:\/\/bihavadis.com\/index.php\/wp-json\/wp\/v2\/types\/post"}],"author":[{"embeddable":true,"href":"https:\/\/bihavadis.com\/index.php\/wp-json\/wp\/v2\/users\/1"}],"replies":[{"embeddable":true,"href":"https:\/\/bihavadis.com\/index.php\/wp-json\/wp\/v2\/comments?post=50603"}],"version-history":[{"count":1,"href":"https:\/\/bihavadis.com\/index.php\/wp-json\/wp\/v2\/posts\/50603\/revisions"}],"predecessor-version":[{"id":50608,"href":"https:\/\/bihavadis.com\/index.php\/wp-json\/wp\/v2\/posts\/50603\/revisions\/50608"}],"wp:featuredmedia":[{"embeddable":true,"href":"https:\/\/bihavadis.com\/index.php\/wp-json\/wp\/v2\/media\/50604"}],"wp:attachment":[{"href":"https:\/\/bihavadis.com\/index.php\/wp-json\/wp\/v2\/media?parent=50603"}],"wp:term":[{"taxonomy":"category","embeddable":true,"href":"https:\/\/bihavadis.com\/index.php\/wp-json\/wp\/v2\/categories?post=50603"},{"taxonomy":"post_tag","embeddable":true,"href":"https:\/\/bihavadis.com\/index.php\/wp-json\/wp\/v2\/tags?post=50603"}],"curies":[{"name":"wp","href":"https:\/\/api.w.org\/{rel}","templated":true}]}}