{"id":50696,"date":"2026-02-27T08:18:35","date_gmt":"2026-02-27T08:18:35","guid":{"rendered":"https:\/\/bihavadis.com\/?p=50696"},"modified":"2026-02-27T08:18:35","modified_gmt":"2026-02-27T08:18:35","slug":"axios-abd-iranin-gorusme-yeri-ve-formatinin-degistirilmesi-talebini-reddetti","status":"publish","type":"post","link":"https:\/\/bihavadis.com\/index.php\/2026\/02\/27\/axios-abd-iranin-gorusme-yeri-ve-formatinin-degistirilmesi-talebini-reddetti\/","title":{"rendered":"Axios: ABD, \u0130ran&#8217;\u0131n g\u00f6r\u00fc\u015fme yeri ve format\u0131n\u0131n de\u011fi\u015ftirilmesi talebini reddetti"},"content":{"rendered":"<p>ABD y\u00f6netiminin, \u0130ran&#8217;\u0131n 6 \u015eubat&#8217;ta yap\u0131lmas\u0131 planlanan m\u00fczakerelerin yeri ve format\u0131n\u0131n de\u011fi\u015ftirilmesi y\u00f6n\u00fcndeki talebini kabul etmeyece\u011fini Tahran&#8217;a iletti\u011fi iddia edildi.<\/p>\n<p>Axios haber platformuna konu\u015fan iki ABD&#8217;li yetkiliye g\u00f6re, Washington y\u00f6netimi, \u0130ran&#8217;\u0131n g\u00f6r\u00fc\u015fmelerin \u0130stanbul yerine Umman&#8217;da ve yaln\u0131zca ikili formatta yap\u0131lmas\u0131 y\u00f6n\u00fcndeki talebini geri \u00e7evirdi.<\/p>\n<p>ABD&#8217;li yetkili, &#8220;Kendilerine (\u0130ran) &#8216;ya bu \u015fartlarla ya da hi\u00e7&#8217; dedik, onlar da &#8216;o zaman hi\u00e7&#8217; yan\u0131t\u0131n\u0131 verdi.&#8221; dedi.<\/p>\n<p>\u0130ran&#8217;\u0131n daha \u00f6nce mutab\u0131k kal\u0131nan formata d\u00f6nmeye haz\u0131r olmas\u0131 halinde ABD&#8217;nin bu hafta ya da gelecek hafta g\u00f6r\u00fc\u015fmeye haz\u0131r oldu\u011funu belirten yetkili, &#8220;H\u0131zl\u0131 \u015fekilde ger\u00e7ek bir anla\u015fmaya varmak istiyoruz, aksi takdirde insanlar ba\u015fka se\u00e7eneklere y\u00f6nelecektir.&#8221; ifadelerini kulland\u0131.<\/p>\n<p>ABD medyas\u0131na yans\u0131yan haberlerde, ABD ile \u0130ran aras\u0131nda n\u00fckleer g\u00f6r\u00fc\u015fmelerin, 6 \u015eubat&#8217;ta Umman&#8217;da yap\u0131lmas\u0131n\u0131n planland\u0131\u011f\u0131 iddia edilmi\u015fti.<\/p>\n<p>ABD D\u0131\u015fi\u015fleri Bakan\u0131 Marco Rubio da \u0130ran&#8217;la m\u00fczakerelerin yeri konusunda &#8220;halen \u00e7al\u0131\u015fmalar\u0131n s\u00fcrd\u00fc\u011f\u00fcn\u00fc&#8221; ve m\u00fczakerelerin, \u0130ran&#8217;\u0131n n\u00fckleer ve balistik f\u00fcze programlar\u0131n\u0131 kapsamas\u0131 gerekti\u011fini belirtmi\u015fti.<\/p>\n<p>&#8211; Haziran 2025&#8217;ten sonra ilk g\u00f6r\u00fc\u015fme<\/p>\n<p>Bu, \u0130ran ile \u0130srail aras\u0131nda Haziran 2025&#8217;te meydana gelen ve 12 g\u00fcn s\u00fcren \u00e7at\u0131\u015fmalar\u0131n ard\u0131ndan ABD&#8217;li ve \u0130ranl\u0131 yetkililer aras\u0131ndaki ilk g\u00f6r\u00fc\u015fme olacak.<\/p>\n<p>\u0130ran D\u0131\u015fi\u015fleri Bakan\u0131 Abbas Erak\u00e7i, \u0130ran&#8217;daki devrimin 47. y\u0131l d\u00f6n\u00fcm\u00fc m\u00fcnasebetiyle ba\u015fkent Tahran&#8217;da devrim lideri Ayetullah Humeyni&#8217;nin t\u00fcrbesinde yapt\u0131\u011f\u0131 konu\u015fmada, \u0130ran&#8217;\u0131n diplomasiye haz\u0131r oldu\u011funu belirterek, &#8220;Ancak diplomasi, bask\u0131, y\u0131ld\u0131rma ve g\u00fc\u00e7 kullan\u0131m\u0131yla ba\u011fda\u015fmaz. Sonu\u00e7lar\u0131n\u0131n yak\u0131nda ortaya \u00e7\u0131kmas\u0131n\u0131 umuyoruz.&#8221; demi\u015fti.<\/p>\n","protected":false},"excerpt":{"rendered":"<p>ABD y\u00f6netiminin, \u0130ran&#8217;\u0131n 6 \u015eubat&#8217;ta yap\u0131lmas\u0131 planlanan m\u00fczakerelerin yeri ve format\u0131n\u0131n de\u011fi\u015ftirilmesi y\u00f6n\u00fcndeki talebini kabul etmeyece\u011fini Tahran&#8217;a iletti\u011fi iddia edildi.<\/p>\n","protected":false},"author":1,"featured_media":50697,"comment_status":"open","ping_status":"open","sticky":false,"template":"","format":"standard","meta":{"footnotes":""},"categories":[6],"tags":[272,435,271,791],"class_list":["post-50696","post","type-post","status-publish","format-standard","has-post-thumbnail","hentry","category-dunya","tag-abd","tag-gorusme","tag-iran","tag-iranin"],"_links":{"self":[{"href":"https:\/\/bihavadis.com\/index.php\/wp-json\/wp\/v2\/posts\/50696","targetHints":{"allow":["GET"]}}],"collection":[{"href":"https:\/\/bihavadis.com\/index.php\/wp-json\/wp\/v2\/posts"}],"about":[{"href":"https:\/\/bihavadis.com\/index.php\/wp-json\/wp\/v2\/types\/post"}],"author":[{"embeddable":true,"href":"https:\/\/bihavadis.com\/index.php\/wp-json\/wp\/v2\/users\/1"}],"replies":[{"embeddable":true,"href":"https:\/\/bihavadis.com\/index.php\/wp-json\/wp\/v2\/comments?post=50696"}],"version-history":[{"count":1,"href":"https:\/\/bihavadis.com\/index.php\/wp-json\/wp\/v2\/posts\/50696\/revisions"}],"predecessor-version":[{"id":50698,"href":"https:\/\/bihavadis.com\/index.php\/wp-json\/wp\/v2\/posts\/50696\/revisions\/50698"}],"wp:featuredmedia":[{"embeddable":true,"href":"https:\/\/bihavadis.com\/index.php\/wp-json\/wp\/v2\/media\/50697"}],"wp:attachment":[{"href":"https:\/\/bihavadis.com\/index.php\/wp-json\/wp\/v2\/media?parent=50696"}],"wp:term":[{"taxonomy":"category","embeddable":true,"href":"https:\/\/bihavadis.com\/index.php\/wp-json\/wp\/v2\/categories?post=50696"},{"taxonomy":"post_tag","embeddable":true,"href":"https:\/\/bihavadis.com\/index.php\/wp-json\/wp\/v2\/tags?post=50696"}],"curies":[{"name":"wp","href":"https:\/\/api.w.org\/{rel}","templated":true}]}}