{"id":50713,"date":"2026-02-27T08:30:39","date_gmt":"2026-02-27T08:30:39","guid":{"rendered":"https:\/\/bihavadis.com\/?p=50713"},"modified":"2026-02-27T08:30:39","modified_gmt":"2026-02-27T08:30:39","slug":"ambulansla-oyundan-cikti-galatasaray-istanbulspor-macinda-korku-dolu-dakikalar","status":"publish","type":"post","link":"https:\/\/bihavadis.com\/index.php\/2026\/02\/27\/ambulansla-oyundan-cikti-galatasaray-istanbulspor-macinda-korku-dolu-dakikalar\/","title":{"rendered":"Ambulansla oyundan \u00e7\u0131kt\u0131! Galatasaray-\u0130stanbulspor ma\u00e7\u0131nda korku dolu dakikalar"},"content":{"rendered":"<p>Ziraat T\u00fcrkiye Kupas\u0131 A Grubu 3. hafta ma\u00e7\u0131da Galatasaray ile \u0130stanbulspor, RAMS Park&#8217;ta kar\u015f\u0131 kar\u015f\u0131ya geldi. M\u00fccadelenin ikinci yar\u0131s\u0131nda ya\u015fanan bir pozisyonda y\u00fcrekler a\u011f\u0131zlara geldi.<\/p>\n<p><b>\u0130K\u0130 OYUNCU \u00c7ARPI\u015eTI<\/b><\/p>\n<p>\u0130kinci yar\u0131n\u0131n 46. dakikas\u0131 oynan\u0131rken \u0130stanbulspor kalecisi \u0130sa Do\u011fan ve Galatasarayl\u0131 futbolcu Ahmed Kutucu, ceza sahas\u0131 i\u00e7inde ya\u015fanan bir pozisyonda \u00e7arp\u0131\u015ft\u0131. Bu \u00e7arp\u0131\u015fman\u0131n ard\u0131ndan iki futbolcu da ya\u015fad\u0131\u011f\u0131 sakatl\u0131\u011f\u0131n ard\u0131ndan bir s\u00fcreli\u011fine hareketsiz kald\u0131.<\/p>\n<p><b>SAHADAN AMBULANS \u0130LE \u00c7IKTI<\/b><\/p>\n<p>Galatasarayl\u0131 futbolcu Ahmed Kutucu, tedavisi sonras\u0131 kenara gelirken, yerine \u0130smail Jakobs, 52. dakikada oyuna dahil oldu. \u0130stanbulspor kalecisi \u0130sa Do\u011fan i\u00e7in sahaya ambulans girdi. Do\u011fan, hastaneye kald\u0131r\u0131ld\u0131ktan sonra oyuna kald\u0131\u011f\u0131 yerden devam edildi.<\/p>\n<div>\n<figure><img decoding=\"async\" src=\"https:\/\/bihavadis.com\/wp-content\/uploads\/2026\/02\/ambulansla-oyundan-cikti-galatasaray-istanbulspor-macinda-korku-dolu-dakikalar-0-ggpupaps.jpg\"\/><\/figure>\n<\/div>\n","protected":false},"excerpt":{"rendered":"<p>Galatasaray &#8211; \u0130stanbulspor ma\u00e7\u0131nda kaleci \u0130sa Do\u011fan ve Ahmed Kutucu \u00e7arp\u0131\u015ft\u0131. \u0130ki futbolcu da sakatl\u0131k ya\u015fad\u0131 ve sahaya ambulans girdi. \u0130sa Do\u011fan, ambulans ile hastaneye kald\u0131r\u0131ld\u0131.<\/p>\n","protected":false},"author":1,"featured_media":50714,"comment_status":"open","ping_status":"open","sticky":false,"template":"","format":"standard","meta":{"footnotes":""},"categories":[14],"tags":[],"class_list":["post-50713","post","type-post","status-publish","format-standard","has-post-thumbnail","hentry","category-spor"],"_links":{"self":[{"href":"https:\/\/bihavadis.com\/index.php\/wp-json\/wp\/v2\/posts\/50713","targetHints":{"allow":["GET"]}}],"collection":[{"href":"https:\/\/bihavadis.com\/index.php\/wp-json\/wp\/v2\/posts"}],"about":[{"href":"https:\/\/bihavadis.com\/index.php\/wp-json\/wp\/v2\/types\/post"}],"author":[{"embeddable":true,"href":"https:\/\/bihavadis.com\/index.php\/wp-json\/wp\/v2\/users\/1"}],"replies":[{"embeddable":true,"href":"https:\/\/bihavadis.com\/index.php\/wp-json\/wp\/v2\/comments?post=50713"}],"version-history":[{"count":1,"href":"https:\/\/bihavadis.com\/index.php\/wp-json\/wp\/v2\/posts\/50713\/revisions"}],"predecessor-version":[{"id":50716,"href":"https:\/\/bihavadis.com\/index.php\/wp-json\/wp\/v2\/posts\/50713\/revisions\/50716"}],"wp:featuredmedia":[{"embeddable":true,"href":"https:\/\/bihavadis.com\/index.php\/wp-json\/wp\/v2\/media\/50714"}],"wp:attachment":[{"href":"https:\/\/bihavadis.com\/index.php\/wp-json\/wp\/v2\/media?parent=50713"}],"wp:term":[{"taxonomy":"category","embeddable":true,"href":"https:\/\/bihavadis.com\/index.php\/wp-json\/wp\/v2\/categories?post=50713"},{"taxonomy":"post_tag","embeddable":true,"href":"https:\/\/bihavadis.com\/index.php\/wp-json\/wp\/v2\/tags?post=50713"}],"curies":[{"name":"wp","href":"https:\/\/api.w.org\/{rel}","templated":true}]}}