{"id":50792,"date":"2026-02-27T09:09:07","date_gmt":"2026-02-27T09:09:07","guid":{"rendered":"https:\/\/bihavadis.com\/?p=50792"},"modified":"2026-02-27T09:09:07","modified_gmt":"2026-02-27T09:09:07","slug":"dunya-basini-kantenin-fenerbahceye-transferini-konusuyor","status":"publish","type":"post","link":"https:\/\/bihavadis.com\/index.php\/2026\/02\/27\/dunya-basini-kantenin-fenerbahceye-transferini-konusuyor\/","title":{"rendered":"D\u00fcnya bas\u0131n\u0131, Kante&#8217;nin Fenerbah\u00e7e&#8217;ye transferini konu\u015fuyor"},"content":{"rendered":"<p>Fenerbah\u00e7e&#8217;nin uzun s\u00fcredir pe\u015finde ko\u015ftu\u011fu yeni transferi 34 ya\u015f\u0131ndaki Frans\u0131z futbolcu N&#8217;Golo Kante, bu ak\u015fam saatlerinde \u0130stanbul&#8217;a geldi. <\/p>\n<p><b>KANTE FENERBAH\u00c7E \u0130\u00c7\u0130N \u0130STANBUL&#8217;DA<\/b><\/p>\n<p>Sar\u0131-lacivertlilerin 2,5 y\u0131ll\u0131k s\u00f6zle\u015fme imzalad\u0131\u011f\u0131 34 ya\u015f\u0131ndaki y\u0131ld\u0131z futbolcuyu ta\u015f\u0131yacak \u00f6zel u\u00e7ak saat saat 21.30&#8217;da Sabiha G\u00f6k\u00e7en Havaliman\u0131 Genel Havac\u0131l\u0131k Terminali&#8217;ne indi.<\/p>\n<p><b>D\u00dcNYA BASINI BU TRANSFER\u0130 KONU\u015eUYOR<\/b><\/p>\n<p>Kante&#8217;nin Fenerbah\u00e7e ile 2.5 y\u0131ll\u0131k s\u00f6zle\u015fme imzalamas\u0131 d\u00fcnya bas\u0131n\u0131nda da b\u00fcy\u00fck yank\u0131 uyand\u0131rd\u0131. \u0130\u015fte bu transfer i\u00e7in yap\u0131lan yorumlar&#8230;<\/p>\n<p><b>&#8221;YE\u015e\u0130L I\u015eI\u011eI YAKTI&#8221;<\/b><\/p>\n<p>Record: &#8220;Sonunda N&#8217;Golo Kante, Suudi Arabistan futbolunu b\u0131rak\u0131p Fenerbah\u00e7e&#8217;ye kat\u0131lacak. \u00d6nceki g\u00fcn belgelerin tesliminde ya\u015fanan gecikme nedeniyle ortaya \u00e7\u0131kan ve T\u00fcrk kul\u00fcb\u00fcn\u00fcn Al-\u0130ttihad&#8217;\u0131 sert bir \u015fekilde ele\u015ftirmesine yol a\u00e7an sorunlar\u0131n ard\u0131ndan, FIFA&#8217;n\u0131n Sal\u0131 g\u00fcn\u00fc \u00f6\u011fleden sonra operasyona ye\u015fil \u0131\u015f\u0131k yakt\u0131\u011f\u0131 bildirildi.&#8221;<\/p>\n<p><b>&#8221;FENERBAH\u00c7E&#8217;YE KATILDI<\/b><\/p>\n<p>Reuters: &#8220;Kante, transfer anla\u015fmazl\u0131\u011f\u0131n\u0131n ard\u0131ndan Fenerbah\u00e7e&#8217;ye kat\u0131ld\u0131.&#8221;<\/p>\n<p><b>&#8221;FENERBAH\u00c7E, KANTE&#8217;Y\u0130 KADROSUNA KATTI&#8221;<\/b><\/p>\n<p>L&#8217;Equipe &#8220;Fenerbah\u00e7e, FIFA ara buluculu\u011funun ard\u0131ndan nihayet N&#8217;Golo Kant\u00e9&#8217;yi kadrosuna katt\u0131.&#8221;<\/p>\n<p><b>&#8221;KIYASLANAMAYACAK KADAR E\u015eS\u0130Z&#8221;<\/b><\/p>\n<p>TV5 Monde: &#8220;Frans\u0131z milli orta saha oyuncusu ve d\u00fcnya \u015fampiyonu N&#8217;Golo Kant\u00e9, Suudi Arabistan liginde Al-Ittihad&#8217;da ge\u00e7irdi\u011fi iki bu\u00e7uk sezonun ard\u0131ndan Fenerbah\u00e7e ile s\u00f6zle\u015fme imzalad\u0131. Teknik direkt\u00f6r Didier Deschamps&#8217;\u0131n kendisine verdi\u011fi de\u011ferin bir g\u00f6stergesi olarak, Euro 2024 kadrosuna \u00e7a\u011fr\u0131lm\u0131\u015f ve iki y\u0131ll\u0131k bir aradan sonra Frans\u0131z milli tak\u0131m\u0131ndaki ilk 11&#8217;deki yerini yeniden kazanm\u0131\u015ft\u0131. Almanya&#8217;daki performans\u0131 d\u00fc\u015fm\u00fc\u015f olsa da, tecr\u00fcbesi k\u0131yaslanamayacak kadar e\u015fsizdir; bu da \u00f6zellikle uzun s\u00fcrece\u011fi tahmin edilen bir turnuvaya ba\u015flarken olmazsa olmaz bir fakt\u00f6rd\u00fcr.&#8221;<\/p>\n<p><b>&#8221;N\u0130HAYET ONAYLANDI&#8221;<\/b><\/p>\n<p>Quest France: &#8220;N&#8217;Golo Kant\u00e9&#8217;nin Fenerbah\u00e7e&#8217;ye transferi FIFA taraf\u0131ndan nihayet onayland\u0131. Premier Lig&#8217;de sekiz sezon ge\u00e7irdikten sonra Temmuz 2023&#8217;te Suudi Arabistan&#8217;a gelen 2018 D\u00fcnya Kupas\u0131 \u015fampiyonu, \u015f\u00fcphesiz ligin en iyi oyuncular\u0131ndan biriydi. Matt\u00e9o Guendouzi ve Sidiki Ch\u00e9rif&#8217;in de forma giydi\u011fi kul\u00fcple Haziran 2028&#8217;e kadar, yani iki bu\u00e7uk y\u0131l ge\u00e7erli bir s\u00f6zle\u015fme imzalad\u0131.&#8221;<\/p>\n","protected":false},"excerpt":{"rendered":"<p>Fenerbah\u00e7e, uzun haftalar boyunca giri\u015fimlerini s\u00fcrd\u00fcrd\u00fc\u011f\u00fc N&#8217;Golo Kante&#8217;yi kadrosuna katarak \u0130stanbul&#8217;a getirdi. Sar\u0131-lacivertlilerin bu transferi d\u00fcnya bas\u0131n\u0131nda b\u00fcy\u00fck ses getirdi. \u0130\u015fte Kante i\u00e7in yap\u0131lan o yorumlar&#8230;<\/p>\n","protected":false},"author":1,"featured_media":50793,"comment_status":"open","ping_status":"open","sticky":false,"template":"","format":"standard","meta":{"footnotes":""},"categories":[14],"tags":[1858,404],"class_list":["post-50792","post","type-post","status-publish","format-standard","has-post-thumbnail","hentry","category-spor","tag-fenerbahce","tag-transfer"],"_links":{"self":[{"href":"https:\/\/bihavadis.com\/index.php\/wp-json\/wp\/v2\/posts\/50792","targetHints":{"allow":["GET"]}}],"collection":[{"href":"https:\/\/bihavadis.com\/index.php\/wp-json\/wp\/v2\/posts"}],"about":[{"href":"https:\/\/bihavadis.com\/index.php\/wp-json\/wp\/v2\/types\/post"}],"author":[{"embeddable":true,"href":"https:\/\/bihavadis.com\/index.php\/wp-json\/wp\/v2\/users\/1"}],"replies":[{"embeddable":true,"href":"https:\/\/bihavadis.com\/index.php\/wp-json\/wp\/v2\/comments?post=50792"}],"version-history":[{"count":1,"href":"https:\/\/bihavadis.com\/index.php\/wp-json\/wp\/v2\/posts\/50792\/revisions"}],"predecessor-version":[{"id":50794,"href":"https:\/\/bihavadis.com\/index.php\/wp-json\/wp\/v2\/posts\/50792\/revisions\/50794"}],"wp:featuredmedia":[{"embeddable":true,"href":"https:\/\/bihavadis.com\/index.php\/wp-json\/wp\/v2\/media\/50793"}],"wp:attachment":[{"href":"https:\/\/bihavadis.com\/index.php\/wp-json\/wp\/v2\/media?parent=50792"}],"wp:term":[{"taxonomy":"category","embeddable":true,"href":"https:\/\/bihavadis.com\/index.php\/wp-json\/wp\/v2\/categories?post=50792"},{"taxonomy":"post_tag","embeddable":true,"href":"https:\/\/bihavadis.com\/index.php\/wp-json\/wp\/v2\/tags?post=50792"}],"curies":[{"name":"wp","href":"https:\/\/api.w.org\/{rel}","templated":true}]}}