{"id":50842,"date":"2026-02-27T09:42:06","date_gmt":"2026-02-27T09:42:06","guid":{"rendered":"https:\/\/bihavadis.com\/?p=50842"},"modified":"2026-02-27T09:42:06","modified_gmt":"2026-02-27T09:42:06","slug":"issizlik-orani-2025in-dorduncu-ceyreginde-yuzde-82-oldu","status":"publish","type":"post","link":"https:\/\/bihavadis.com\/index.php\/2026\/02\/27\/issizlik-orani-2025in-dorduncu-ceyreginde-yuzde-82-oldu\/","title":{"rendered":"\u0130\u015fsizlik oran\u0131 2025\u2019in d\u00f6rd\u00fcnc\u00fc \u00e7eyre\u011finde y\u00fczde 8,2 oldu"},"content":{"rendered":"<p>T\u00fcrkiye \u0130statistik Kurumu (T\u00dc\u0130K), 2025 y\u0131l\u0131 d\u00f6rd\u00fcnc\u00fc \u00e7eyrek \u0130\u015fg\u00fcc\u00fc \u0130statistikleri\u2019ni a\u00e7\u0131klad\u0131.<\/p>\n<p>Hanehalk\u0131 \u0130\u015fg\u00fcc\u00fc Ara\u015ft\u0131rmas\u0131 sonu\u00e7lar\u0131na g\u00f6re; 15 ve daha yukar\u0131 ya\u015ftaki ki\u015filerde i\u015fsiz say\u0131s\u0131 2025 y\u0131l\u0131 d\u00f6rd\u00fcnc\u00fc \u00e7eyre\u011finde bir \u00f6nceki \u00e7eyre\u011fe g\u00f6re 58 bin ki\u015fi azalarak 2 milyon 913 bin ki\u015fi oldu.<\/p>\n<p>\u0130\u015fsizlik oran\u0131 ise 0,2 puanl\u0131k azal\u0131\u015f ile y\u00fczde 8,2 seviyesinde ger\u00e7ekle\u015fti.<\/p>\n<p>\u0130\u015fsizlik oran\u0131 erkeklerde y\u00fczde 6,7, kad\u0131nlarda y\u00fczde 11,1 olarak tahmin edildi.<\/p>\n<p><strong>MEVS\u0130M ETK\u0130S\u0130NDEN ARINDIRILMI\u015e \u0130ST\u0130HDAM ORANI Y\u00dcZDE 49,1 OLDU<\/strong><\/p>\n<p>\u0130stihdam edilenlerin say\u0131s\u0131 2025 y\u0131l\u0131 d\u00f6rd\u00fcnc\u00fc \u00e7eyre\u011finde bir \u00f6nceki \u00e7eyre\u011fe g\u00f6re 136 bin ki\u015fi artarak 32 milyon 686 bin ki\u015fi, istihdam oran\u0131 ise 0,1 puanl\u0131k art\u0131\u015f ile y\u00fczde 49,1 oldu.<\/p>\n<p>Bu oran erkeklerde y\u00fczde 66,7 iken kad\u0131nlarda y\u00fczde 31,9 olarak ger\u00e7ekle\u015fti.<\/p>\n<p><img decoding=\"async\" src=\"https:\/\/bihavadis.com\/wp-content\/uploads\/2026\/02\/issizlik-orani-2025in-dorduncu-ceyreginde-yuzde-82-oldu-0-DOt2u3ez.jpg\"\/><\/p>\n<p><strong>\u0130\u015e G\u00dcC\u00dc D\u00d6RD\u00dcNC\u00dc \u00c7EYREKTE 78 B\u0130N K\u0130\u015e\u0130 ARTTI<\/strong><\/p>\n<p>\u0130\u015f g\u00fcc\u00fc, 2025 y\u0131l\u0131 d\u00f6rd\u00fcnc\u00fc \u00e7eyre\u011finde bir \u00f6nceki \u00e7eyre\u011fe g\u00f6re 78 bin ki\u015fi artarak 35 milyon 599 bin ki\u015fi, i\u015fg\u00fcc\u00fcne kat\u0131lma oran\u0131 ise 0,1 puanl\u0131k art\u0131\u015f ile y\u00fczde 53,5 olarak ger\u00e7ekle\u015fti.<\/p>\n<p>\u0130\u015f g\u00fcc\u00fcne kat\u0131lma oran\u0131 erkeklerde y\u00fczde 71,5, kad\u0131nlarda ise y\u00fczde 35,9 oldu.<\/p>\n<p><strong>GEN\u00c7 N\u00dcFUSTA MEVS\u0130M ETK\u0130S\u0130NDEN ARINDIRILMI\u015e ORAN: 14,9<\/strong><\/p>\n<p>15-24 ya\u015f grubunu kapsayan gen\u00e7 n\u00fcfusta i\u015fsizlik oran\u0131 bir \u00f6nceki \u00e7eyre\u011fe g\u00f6re 0,3 puanl\u0131k azal\u0131\u015f ile y\u00fczde 14,9 oldu.<\/p>\n<p>Bu ya\u015f grubunda i\u015fsizlik oran\u0131; erkeklerde y\u00fczde 11,8, kad\u0131nlarda ise y\u00fczde 20,7 olarak tahmin edildi.<\/p>\n<p><img decoding=\"async\" src=\"https:\/\/bihavadis.com\/wp-content\/uploads\/2026\/02\/issizlik-orani-2025in-dorduncu-ceyreginde-yuzde-82-oldu-1-JvlEwc8S.jpg\"\/><\/p>\n<p><strong>59,3 H\u0130ZMET SEKT\u00d6R\u00dcNDE YER ALDI<\/strong><\/p>\n<p>Mevsim etkisinden ar\u0131nd\u0131r\u0131lm\u0131\u015f istihdam edilenlerin say\u0131s\u0131 2025 y\u0131l\u0131 d\u00f6rd\u00fcnc\u00fc \u00e7eyre\u011finde bir \u00f6nceki \u00e7eyre\u011fe g\u00f6re tar\u0131m sekt\u00f6r\u00fcnde 33 bin ki\u015fi azal\u0131rken, sanayi sekt\u00f6r\u00fcnde 83 bin ki\u015fi, in\u015faat sekt\u00f6r\u00fcnde 3 bin ki\u015fi, hizmet sekt\u00f6r\u00fcnde 83 bin ki\u015fi artt\u0131.<\/p>\n<p>\u0130stihdam edilenlerin y\u00fczde 13,8&#8217;i tar\u0131m, y\u00fczde 20,0&#8217;\u0131 sanayi, y\u00fczde 6,9&#8217;u in\u015faat, y\u00fczde 59,3&#8217;\u00fc ise hizmet sekt\u00f6r\u00fcnde yer ald\u0131.<\/p>\n<p><img decoding=\"async\" src=\"https:\/\/bihavadis.com\/wp-content\/uploads\/2026\/02\/issizlik-orani-2025in-dorduncu-ceyreginde-yuzde-82-oldu-2-xJm9EQG5.jpg\"\/><\/p>\n<p><strong>HAFTALIK ORTALAMA F\u0130\u0130L\u0130 \u00c7ALI\u015eMA S\u00dcRES\u0130 42,6 SAAT OLDU<\/strong><\/p>\n<p>\u0130stihdam edilenlerden referans d\u00f6neminde i\u015fba\u015f\u0131nda olanlar\u0131n, mevsim ve takvim etkilerinden ar\u0131nd\u0131r\u0131lm\u0131\u015f haftal\u0131k ortalama fiili \u00e7al\u0131\u015fma s\u00fcresi 2025 y\u0131l\u0131 d\u00f6rd\u00fcnc\u00fc \u00e7eyre\u011finde bir \u00f6nceki \u00e7eyre\u011fe g\u00f6re de\u011fi\u015fim g\u00f6stermeyerek 42,6 saat olarak ger\u00e7ekle\u015fti.<\/p>\n<p><strong>ATIL \u0130\u015e G\u00dcC\u00dc ORANI Y\u00dcZDE 29,0 OLARAK HESAPLANDI<\/strong><\/p>\n<p>Zamana ba\u011fl\u0131 eksik istihdam, potansiyel i\u015f g\u00fcc\u00fc ve i\u015fsizlerden olu\u015fan at\u0131l i\u015f g\u00fcc\u00fc oran\u0131 2025 y\u0131l\u0131 d\u00f6rd\u00fcnc\u00fc \u00e7eyre\u011finde bir \u00f6nceki \u00e7eyre\u011fe g\u00f6re 0,3 puanl\u0131k azal\u0131\u015f ile y\u00fczde 29,0 oldu.<\/p>\n<p>Zamana ba\u011fl\u0131 eksik istihdam ve i\u015fsizlerin b\u00fct\u00fcnle\u015fik oran\u0131 y\u00fczde 18,9 iken potansiyel i\u015f g\u00fcc\u00fc ve i\u015fsizlerin b\u00fct\u00fcnle\u015fik oran\u0131 y\u00fczde 19,7 olarak tahmin edildi.<\/p>\n<p><img decoding=\"async\" src=\"https:\/\/bihavadis.com\/wp-content\/uploads\/2026\/02\/issizlik-orani-2025in-dorduncu-ceyreginde-yuzde-82-oldu-3-HlMZ2Wnu.jpg\"\/><\/p>\n","protected":false},"excerpt":{"rendered":"<p>\u0130\u015fsiz say\u0131s\u0131 2025 y\u0131l\u0131 d\u00f6rd\u00fcnc\u00fc \u00e7eyre\u011finde bir \u00f6nceki \u00e7eyre\u011fe g\u00f6re 58 bin ki\u015fi azalarak 2 milyon 913 bin ki\u015fi oldu. \u0130\u015fsizlik oran\u0131 ise 0,2 puanl\u0131k azal\u0131\u015f ile y\u00fczde 8,2 seviyesinde ger\u00e7ekle\u015fti.<\/p>\n","protected":false},"author":1,"featured_media":50843,"comment_status":"open","ping_status":"open","sticky":false,"template":"","format":"standard","meta":{"footnotes":""},"categories":[8],"tags":[1357,1571,6506,416,4880],"class_list":["post-50842","post","type-post","status-publish","format-standard","has-post-thumbnail","hentry","category-ekonomi","tag-bin-kisi","tag-is-gucu","tag-issiz","tag-istihdam","tag-sektorunde"],"_links":{"self":[{"href":"https:\/\/bihavadis.com\/index.php\/wp-json\/wp\/v2\/posts\/50842","targetHints":{"allow":["GET"]}}],"collection":[{"href":"https:\/\/bihavadis.com\/index.php\/wp-json\/wp\/v2\/posts"}],"about":[{"href":"https:\/\/bihavadis.com\/index.php\/wp-json\/wp\/v2\/types\/post"}],"author":[{"embeddable":true,"href":"https:\/\/bihavadis.com\/index.php\/wp-json\/wp\/v2\/users\/1"}],"replies":[{"embeddable":true,"href":"https:\/\/bihavadis.com\/index.php\/wp-json\/wp\/v2\/comments?post=50842"}],"version-history":[{"count":1,"href":"https:\/\/bihavadis.com\/index.php\/wp-json\/wp\/v2\/posts\/50842\/revisions"}],"predecessor-version":[{"id":50848,"href":"https:\/\/bihavadis.com\/index.php\/wp-json\/wp\/v2\/posts\/50842\/revisions\/50848"}],"wp:featuredmedia":[{"embeddable":true,"href":"https:\/\/bihavadis.com\/index.php\/wp-json\/wp\/v2\/media\/50843"}],"wp:attachment":[{"href":"https:\/\/bihavadis.com\/index.php\/wp-json\/wp\/v2\/media?parent=50842"}],"wp:term":[{"taxonomy":"category","embeddable":true,"href":"https:\/\/bihavadis.com\/index.php\/wp-json\/wp\/v2\/categories?post=50842"},{"taxonomy":"post_tag","embeddable":true,"href":"https:\/\/bihavadis.com\/index.php\/wp-json\/wp\/v2\/tags?post=50842"}],"curies":[{"name":"wp","href":"https:\/\/api.w.org\/{rel}","templated":true}]}}