{"id":50981,"date":"2026-02-27T11:03:05","date_gmt":"2026-02-27T11:03:05","guid":{"rendered":"https:\/\/bihavadis.com\/?p=50981"},"modified":"2026-02-27T11:03:05","modified_gmt":"2026-02-27T11:03:05","slug":"kocaelide-kuzenlerin-civata-tartismasi-kanli-bitti","status":"publish","type":"post","link":"https:\/\/bihavadis.com\/index.php\/2026\/02\/27\/kocaelide-kuzenlerin-civata-tartismasi-kanli-bitti\/","title":{"rendered":"Kocaeli\u2019de kuzenlerin c\u0131vata tart\u0131\u015fmas\u0131 kanl\u0131 bitti"},"content":{"rendered":"<p>16 \u015eubat Pazartesi g\u00fcn\u00fc Kocaeli&#8217;nin K\u00f6rfez il\u00e7esine ba\u011fl\u0131 Ta\u015fk\u00f6pr\u00fc b\u00f6lgesindeki Alihocalar k\u00f6y\u00fcnde, iddiaya g\u00f6re amca \u00e7ocuklar\u0131 B.A. ile S.A. aras\u0131nda trakt\u00f6r i\u00e7in yapt\u0131r\u0131lan c\u0131vata meselesi y\u00fcz\u00fcnden tart\u0131\u015fma \u00e7\u0131kt\u0131.<\/p>\n<p>S\u00f6zl\u00fc at\u0131\u015fma k\u0131sa s\u00fcrede b\u00fcy\u00fcyerek kavgaya d\u00f6n\u00fc\u015f\u00fcrken S.A., yan\u0131nda bulunan t\u00fcfekle kuzeni B.A.\u2019ya ate\u015f etti.<\/p>\n<p><strong>KOLUNDAN A\u011eIR YARALANDI<\/strong><\/p>\n<p>T\u00fcfekten \u00e7\u0131kan sa\u00e7malar\u0131n isabet etti\u011fi B.A., kolundan a\u011f\u0131r yaralanarak yere y\u0131\u011f\u0131ld\u0131. \u0130hbar \u00fczerine olay yerine jandarma ve sa\u011fl\u0131k ekipleri sevk edildi.<\/p>\n<p>Sa\u011fl\u0131k ekiplerinin ilk m\u00fcdahalesinin ard\u0131ndan yaral\u0131, Kocaeli \u00dcniversitesi Hastanesi Plastik Cerrahi Servisi\u2019ne kald\u0131r\u0131larak tedavi alt\u0131na al\u0131nd\u0131.<\/p>\n<p><strong>ZANLI TUTUKLANDI<\/strong><\/p>\n<p>Olay\u0131n ard\u0131ndan jandarma ekiplerince g\u00f6zalt\u0131na al\u0131nan S.A., karakoldaki i\u015flemlerinin tamamlanmas\u0131n\u0131n ard\u0131ndan K\u00f6rfez Adliyesi\u2019ne sevk edildi. Savc\u0131l\u0131k sorgusunun ard\u0131ndan hakim kar\u015f\u0131s\u0131na \u00e7\u0131kar\u0131lan \u015f\u00fcpheli, tutuklanarak cezaevine g\u00f6nderildi.<\/p>\n","protected":false},"excerpt":{"rendered":"<p>K\u00f6rfez il\u00e7esinde trakt\u00f6r i\u00e7in yapt\u0131r\u0131ld\u0131\u011f\u0131 \u00f6ne s\u00fcr\u00fclen c\u0131vata nedeniyle \u00e7\u0131kan kavgada bir ki\u015fi, kuzenini t\u00fcfekle vurarak a\u011f\u0131r yaralad\u0131.<\/p>\n","protected":false},"author":1,"featured_media":50982,"comment_status":"open","ping_status":"open","sticky":false,"template":"","format":"standard","meta":{"footnotes":""},"categories":[4,13],"tags":[],"class_list":["post-50981","post","type-post","status-publish","format-standard","has-post-thumbnail","hentry","category-gundem","category-son-dakika"],"_links":{"self":[{"href":"https:\/\/bihavadis.com\/index.php\/wp-json\/wp\/v2\/posts\/50981","targetHints":{"allow":["GET"]}}],"collection":[{"href":"https:\/\/bihavadis.com\/index.php\/wp-json\/wp\/v2\/posts"}],"about":[{"href":"https:\/\/bihavadis.com\/index.php\/wp-json\/wp\/v2\/types\/post"}],"author":[{"embeddable":true,"href":"https:\/\/bihavadis.com\/index.php\/wp-json\/wp\/v2\/users\/1"}],"replies":[{"embeddable":true,"href":"https:\/\/bihavadis.com\/index.php\/wp-json\/wp\/v2\/comments?post=50981"}],"version-history":[{"count":1,"href":"https:\/\/bihavadis.com\/index.php\/wp-json\/wp\/v2\/posts\/50981\/revisions"}],"predecessor-version":[{"id":50983,"href":"https:\/\/bihavadis.com\/index.php\/wp-json\/wp\/v2\/posts\/50981\/revisions\/50983"}],"wp:featuredmedia":[{"embeddable":true,"href":"https:\/\/bihavadis.com\/index.php\/wp-json\/wp\/v2\/media\/50982"}],"wp:attachment":[{"href":"https:\/\/bihavadis.com\/index.php\/wp-json\/wp\/v2\/media?parent=50981"}],"wp:term":[{"taxonomy":"category","embeddable":true,"href":"https:\/\/bihavadis.com\/index.php\/wp-json\/wp\/v2\/categories?post=50981"},{"taxonomy":"post_tag","embeddable":true,"href":"https:\/\/bihavadis.com\/index.php\/wp-json\/wp\/v2\/tags?post=50981"}],"curies":[{"name":"wp","href":"https:\/\/api.w.org\/{rel}","templated":true}]}}