{"id":51032,"date":"2026-02-27T11:36:06","date_gmt":"2026-02-27T11:36:06","guid":{"rendered":"https:\/\/bihavadis.com\/?p=51032"},"modified":"2026-02-27T11:36:06","modified_gmt":"2026-02-27T11:36:06","slug":"bu-kisi-epstein-degil-mi-hastane-fotografinda-carpici-detay","status":"publish","type":"post","link":"https:\/\/bihavadis.com\/index.php\/2026\/02\/27\/bu-kisi-epstein-degil-mi-hastane-fotografinda-carpici-detay\/","title":{"rendered":"Bu ki\u015fi Epstein de\u011fil mi? Hastane foto\u011fraf\u0131nda \u00e7arp\u0131c\u0131 detay"},"content":{"rendered":"<p>Jeffrey Epstein&#8217;\u0131n 2019&#8217;da hapishanede \u00f6l\u00fc bulunmas\u0131n\u0131n ard\u0131ndan internette ve sosyal medyada yay\u0131lan bir hastane foto\u011fraf\u0131, yeniden tart\u0131\u015fma yaratt\u0131. S\u00f6z konusu karede Epstein&#8217;a benzeyen ki\u015finin v\u00fccudundaki d\u00f6vmenin g\u00f6r\u00fcnmemesi, foto\u011fraf\u0131n ger\u00e7ek de\u011fil sahte oldu\u011funa dair iddialar\u0131 g\u00fc\u00e7lendirdi. Bu iddialar, d\u0131\u015f bas\u0131nda bir kez daha g\u00fcndeme geldi ve uzmanlar\u0131n dikkatini \u00e7ekti.<\/p>\n<p><b>A\u00c7ISAL FARKLILIK \u0130DD\u0130ASI<\/b><\/p>\n<p>Epstein&#8217;\u0131n cezaevinden hastaneye ta\u015f\u0131n\u0131rken \u00e7ekildi\u011fi \u00f6ne s\u00fcr\u00fclen bu g\u00f6r\u00fcnt\u00fc ilk \u00e7\u0131kt\u0131\u011f\u0131nda, baz\u0131 \u00e7evreler sosyal medyada foto\u011fraf\u0131n farkl\u0131 a\u00e7\u0131lardan al\u0131nm\u0131\u015f eski karelerden montajland\u0131\u011f\u0131n\u0131 savunmu\u015ftu. Hatta Snopes gibi inceleme siteleri, g\u00f6r\u00fcnt\u00fcdeki ki\u015finin 2019&#8217;daki Epstein de\u011fil, daha eski bir foto\u011frafa dayal\u0131 olabilece\u011fini belirtmi\u015f ve d\u00f6vme fark\u0131n\u0131n ya\u015flanma veya a\u00e7\u0131sal farkl\u0131l\u0131ktan kaynaklanabilece\u011fini yazm\u0131\u015ft\u0131.<\/p>\n<p><b>FOTO\u011eRAF YAPAY ZEKAYLA MI \u00dcRET\u0130LD\u0130?<\/b><\/p>\n<p>Ancak son d\u00f6nemde bu tart\u0131\u015fma yeniden alevlendi. Baz\u0131 \u00e7evreler, foto\u011fraf\u0131n yapay olarak \u00fcretildi\u011fini veya manip\u00fcle edildi\u011fini iddia ederken, uzmanlar yapt\u0131klar\u0131 s\u0131n\u0131rl\u0131 teknik de\u011ferlendirmelerde sadece foto\u011fraf\u0131n kaynak ve ba\u011flam\u0131n\u0131n netle\u015fmedi\u011fini vurguluyor. Bu t\u00fcr iddialar, Epstein&#8217;\u0131n \u00f6l\u00fcm\u00fcyle ilgili komplo teorilerini besleyen bir ba\u015fka unsur olarak uluslararas\u0131 medyada yer al\u0131yor.<\/p>\n<p><b>RESM\u0130 KAYITLARDA &#8220;\u0130NT\u0130HAR&#8221; DETAYI<\/b><\/p>\n<p>Epstein&#8217;\u0131n \u00f6l\u00fcm\u00fcnden sonra &#8220;Epstein \u00f6lmedi&#8221; gibi spek\u00fclatif ba\u015fl\u0131klar internette yay\u0131lsa da, adli raporlar \u00f6l\u00fcm\u00fcn\u00fc intihar olarak kaydetti. Yine de ailesinin ve baz\u0131 ba\u011f\u0131ms\u0131z patologlar\u0131n farkl\u0131 g\u00f6r\u00fc\u015fleri kamuoyuna yans\u0131d\u0131; bu da tart\u0131\u015fman\u0131n bitmedi\u011fini g\u00f6steriyor.<\/p>\n<p>Bu tart\u0131\u015fma, Jeffrey Epstein dosyalar\u0131n\u0131n \u015feffafla\u015ft\u0131r\u0131lmas\u0131 kapsam\u0131nda yay\u0131mlanan binlerce foto\u011fraf ve belgelerle birlikte kamuoyunun h\u00e2l\u00e2 \u00e7\u00f6z\u00fclmemi\u015f sorularla y\u00fczle\u015fti\u011fini ortaya koyuyor. Sorular\u0131n ba\u015f\u0131nda hangi g\u00f6rsellerin ger\u00e7ek oldu\u011fu, hangilerinin manip\u00fcle edildi\u011fi geliyor.<\/p>\n","protected":false},"excerpt":{"rendered":"<p>Jeffrey Epstein&#8217;\u0131n \u00f6l\u00fcm\u00fcnden hemen \u00f6nce hastanede \u00e7ekildi\u011fi iddia edilen foto\u011frafta sa\u011f kolundaki ay\u0131rt edici d\u00f6vmenin g\u00f6r\u00fcnmemesi, g\u00f6r\u00fcnt\u00fclerin sahte olabilece\u011fi tart\u0131\u015fmas\u0131n\u0131 yeniden alevlendirirken Epstein&#8217;in \u00f6l\u00fcm\u00fcyle ilgili \u015f\u00fcphe ve komplo iddialar\u0131n\u0131 bir kez daha g\u00fcndeme ta\u015f\u0131d\u0131.<\/p>\n","protected":false},"author":1,"featured_media":51033,"comment_status":"open","ping_status":"open","sticky":false,"template":"","format":"standard","meta":{"footnotes":""},"categories":[6],"tags":[2183,3662,1406],"class_list":["post-51032","post","type-post","status-publish","format-standard","has-post-thumbnail","hentry","category-dunya","tag-epstein","tag-fotograf","tag-iddia"],"_links":{"self":[{"href":"https:\/\/bihavadis.com\/index.php\/wp-json\/wp\/v2\/posts\/51032","targetHints":{"allow":["GET"]}}],"collection":[{"href":"https:\/\/bihavadis.com\/index.php\/wp-json\/wp\/v2\/posts"}],"about":[{"href":"https:\/\/bihavadis.com\/index.php\/wp-json\/wp\/v2\/types\/post"}],"author":[{"embeddable":true,"href":"https:\/\/bihavadis.com\/index.php\/wp-json\/wp\/v2\/users\/1"}],"replies":[{"embeddable":true,"href":"https:\/\/bihavadis.com\/index.php\/wp-json\/wp\/v2\/comments?post=51032"}],"version-history":[{"count":1,"href":"https:\/\/bihavadis.com\/index.php\/wp-json\/wp\/v2\/posts\/51032\/revisions"}],"predecessor-version":[{"id":51034,"href":"https:\/\/bihavadis.com\/index.php\/wp-json\/wp\/v2\/posts\/51032\/revisions\/51034"}],"wp:featuredmedia":[{"embeddable":true,"href":"https:\/\/bihavadis.com\/index.php\/wp-json\/wp\/v2\/media\/51033"}],"wp:attachment":[{"href":"https:\/\/bihavadis.com\/index.php\/wp-json\/wp\/v2\/media?parent=51032"}],"wp:term":[{"taxonomy":"category","embeddable":true,"href":"https:\/\/bihavadis.com\/index.php\/wp-json\/wp\/v2\/categories?post=51032"},{"taxonomy":"post_tag","embeddable":true,"href":"https:\/\/bihavadis.com\/index.php\/wp-json\/wp\/v2\/tags?post=51032"}],"curies":[{"name":"wp","href":"https:\/\/api.w.org\/{rel}","templated":true}]}}