{"id":51087,"date":"2026-02-27T12:12:40","date_gmt":"2026-02-27T12:12:40","guid":{"rendered":"https:\/\/bihavadis.com\/?p=51087"},"modified":"2026-02-27T12:12:40","modified_gmt":"2026-02-27T12:12:40","slug":"skandali-vahametini-ortaya-koyan-kare-malikaneden-cikarken-yakalanan-isim-olay","status":"publish","type":"post","link":"https:\/\/bihavadis.com\/index.php\/2026\/02\/27\/skandali-vahametini-ortaya-koyan-kare-malikaneden-cikarken-yakalanan-isim-olay\/","title":{"rendered":"Skandal\u0131 vahametini ortaya koyan kare! Malikaneden \u00e7\u0131karken yakalanan isim olay"},"content":{"rendered":"<p>Jeffrey Epstein dosyalar\u0131yla ba\u011flant\u0131l\u0131 tart\u0131\u015fmalar s\u00fcrerken, ABD ve \u0130srail bas\u0131n\u0131nda daha \u00f6nce yay\u0131mlanan ve Ehud Barak&#8217;\u0131 g\u00f6sterdi\u011fi belirtilen foto\u011fraflar yeniden g\u00fcndeme ta\u015f\u0131nd\u0131. S\u00f6z konusu karelerde, eski \u0130srail Ba\u015fbakan\u0131 Barak&#8217;\u0131n, Epstein&#8217;a ait oldu\u011fu bilinen Manhattan&#8217;daki l\u00fcks binaya y\u00fcz\u00fcn\u00fc gizleyerek girdi\u011fi g\u00f6r\u00fcl\u00fcyor.<\/p>\n<p>Foto\u011fraflar ilk olarak 2019 y\u0131l\u0131nda New York Post ve Business Insider gibi Amerikan medya kurulu\u015flar\u0131 taraf\u0131ndan yay\u0131mland\u0131. Haberlere g\u00f6re g\u00f6r\u00fcnt\u00fcler, Epstein&#8217;\u0131n \u00f6l\u00fcm\u00fcnden k\u0131sa s\u00fcre \u00f6nce \u00e7ekildi ve Barak&#8217;\u0131n binaya \u015fapka, atk\u0131 ve koyu renk montla girerek kimli\u011fini gizlemeye \u00e7al\u0131\u015ft\u0131\u011f\u0131 ayr\u0131nt\u0131s\u0131yla servis edildi. ABD bas\u0131n\u0131, binan\u0131n Epstein&#8217;\u0131n Manhattan&#8217;daki merkez adreslerinden biri oldu\u011funu a\u00e7\u0131k \u015fekilde yazd\u0131.<\/p>\n<div>\n<figure><img decoding=\"async\" src=\"https:\/\/bihavadis.com\/wp-content\/uploads\/2026\/02\/skandali-vahametini-ortaya-koyan-kare-malikaneden-cikarken-yakalanan-isim-olay-0-RtJEibrj.jpg\"\/><\/figure>\n<\/div>\n<p>Ehud Barak, daha \u00f6nce yapt\u0131\u011f\u0131 a\u00e7\u0131klamalarda Epstein&#8217;la ili\u015fkisini kabul etmi\u015f, ancak temaslar\u0131n i\u015f ve yat\u0131r\u0131m g\u00f6r\u00fc\u015fmeleriyle s\u0131n\u0131rl\u0131 oldu\u011funu savunmu\u015ftu. Barak, Epstein&#8217;\u0131n cinsel su\u00e7lar\u0131ndan haberdar olmad\u0131\u011f\u0131n\u0131 ileri s\u00fcrerken, s\u00f6z konusu foto\u011fraflar bu a\u00e7\u0131klamalar\u0131n ard\u0131ndan kamuoyunda yo\u011fun ele\u015ftirilere yol a\u00e7t\u0131.<\/p>\n<div>\n<figure><img decoding=\"async\" src=\"https:\/\/bihavadis.com\/wp-content\/uploads\/2026\/02\/skandali-vahametini-ortaya-koyan-kare-malikaneden-cikarken-yakalanan-isim-olay-1-iYA2nQsQ.jpg\"\/><\/figure>\n<\/div>\n<p>Epstein dosyalar\u0131nda yer alan e-posta ve ziyaret kay\u0131tlar\u0131, Barak&#8217;\u0131n Epstein&#8217;la y\u0131llar boyunca temas kurdu\u011funu ortaya koyuyor. D\u0131\u015f bas\u0131n, yay\u0131mlanan foto\u011fraflar\u0131n bu ili\u015fkinin yaln\u0131zca yaz\u0131\u015fmalarla s\u0131n\u0131rl\u0131 kalmad\u0131\u011f\u0131n\u0131, y\u00fcz y\u00fcze g\u00f6r\u00fc\u015fmelerle s\u00fcrd\u00fc\u011f\u00fcn\u00fc belgeledi\u011fini vurguluyor.<\/p>\n<div>\n<figure><img decoding=\"async\" src=\"https:\/\/bihavadis.com\/wp-content\/uploads\/2026\/02\/skandali-vahametini-ortaya-koyan-kare-malikaneden-cikarken-yakalanan-isim-olay-2-wulSql7y.jpg\"\/><\/figure>\n<\/div>\n<p>Uzmanlar, Epstein&#8217;\u0131n \u00fcst d\u00fczey siyaset\u00e7ilerle kurdu\u011fu temaslar\u0131n h\u00e2l\u00e2 tam anlam\u0131yla ayd\u0131nlat\u0131lmad\u0131\u011f\u0131n\u0131 belirtirken, Barak&#8217;\u0131n Epstein m\u00fclk\u00fcnde g\u00f6r\u00fcnt\u00fclenmesi, dosyan\u0131n en tart\u0131\u015fmal\u0131 ba\u015fl\u0131klar\u0131ndan biri olmaya devam ediyor.<\/p>\n","protected":false},"excerpt":{"rendered":"<p>Jeffrey Epstein dosyalar\u0131yla ba\u011flant\u0131l\u0131 tart\u0131\u015fmalar devam ederken, eski \u0130srail Ba\u015fbakan\u0131 Ehud Barak&#8217;\u0131n Epstein&#8217;a ait oldu\u011fu bilinen Manhattan&#8217;daki l\u00fcks binaya y\u00fcz\u00fcn\u00fc gizleyerek girdi\u011fi foto\u011fraflar yeniden g\u00fcndeme geldi. Foto\u011fraflar 2019&#8217;da Amerikan medya taraf\u0131ndan yay\u0131mlanm\u0131\u015ft\u0131. Barak, Epstein&#8217;la ili\u015fkisini kabul etmi\u015f ancak cinsel su\u00e7lar\u0131ndan haberdar olmad\u0131\u011f\u0131n\u0131 belirtmi\u015fti. Ancak bu foto\u011fraflar\u0131n ortaya \u00e7\u0131kmas\u0131, Barak&#8217;\u0131n a\u00e7\u0131klamalar\u0131n\u0131 sorgulan\u0131r hale getirdi.<\/p>\n","protected":false},"author":1,"featured_media":51088,"comment_status":"open","ping_status":"open","sticky":false,"template":"","format":"standard","meta":{"footnotes":""},"categories":[12],"tags":[2183],"class_list":["post-51087","post","type-post","status-publish","format-standard","has-post-thumbnail","hentry","category-siyaset","tag-epstein"],"_links":{"self":[{"href":"https:\/\/bihavadis.com\/index.php\/wp-json\/wp\/v2\/posts\/51087","targetHints":{"allow":["GET"]}}],"collection":[{"href":"https:\/\/bihavadis.com\/index.php\/wp-json\/wp\/v2\/posts"}],"about":[{"href":"https:\/\/bihavadis.com\/index.php\/wp-json\/wp\/v2\/types\/post"}],"author":[{"embeddable":true,"href":"https:\/\/bihavadis.com\/index.php\/wp-json\/wp\/v2\/users\/1"}],"replies":[{"embeddable":true,"href":"https:\/\/bihavadis.com\/index.php\/wp-json\/wp\/v2\/comments?post=51087"}],"version-history":[{"count":1,"href":"https:\/\/bihavadis.com\/index.php\/wp-json\/wp\/v2\/posts\/51087\/revisions"}],"predecessor-version":[{"id":51092,"href":"https:\/\/bihavadis.com\/index.php\/wp-json\/wp\/v2\/posts\/51087\/revisions\/51092"}],"wp:featuredmedia":[{"embeddable":true,"href":"https:\/\/bihavadis.com\/index.php\/wp-json\/wp\/v2\/media\/51088"}],"wp:attachment":[{"href":"https:\/\/bihavadis.com\/index.php\/wp-json\/wp\/v2\/media?parent=51087"}],"wp:term":[{"taxonomy":"category","embeddable":true,"href":"https:\/\/bihavadis.com\/index.php\/wp-json\/wp\/v2\/categories?post=51087"},{"taxonomy":"post_tag","embeddable":true,"href":"https:\/\/bihavadis.com\/index.php\/wp-json\/wp\/v2\/tags?post=51087"}],"curies":[{"name":"wp","href":"https:\/\/api.w.org\/{rel}","templated":true}]}}